{"id":11848,"date":"2025-10-14T12:00:43","date_gmt":"2025-10-14T10:00:43","guid":{"rendered":"https:\/\/www.phoenixcontact-emobility.com\/?p=11848"},"modified":"2025-12-05T17:14:01","modified_gmt":"2025-12-05T15:14:01","slug":"ladevorgang-optimal-steuern","status":"publish","type":"post","link":"https:\/\/www.phoenixcontact-emobility.com\/de\/news-und-events\/ladeinfrastruktur\/ladevorgang-optimal-steuern\/","title":{"rendered":"Wie l\u00e4sst sich der Ladevorgang optimal steuern?"},"content":{"rendered":"\t\t<div data-elementor-type=\"wp-post\" data-elementor-id=\"11848\" class=\"elementor elementor-11848\" data-elementor-post-type=\"post\">\n\t\t\t\t<div class=\"elementor-element elementor-element-58b9d77 e-flex e-con-boxed e-con e-parent\" data-id=\"58b9d77\" data-element_type=\"container\" data-e-type=\"container\" data-settings=\"{&quot;background_background&quot;:&quot;classic&quot;}\">\n\t\t\t\t\t<div class=\"e-con-inner\">\n\t\t<div class=\"elementor-element elementor-element-3d3b3c4 e-con-full e-flex e-con e-child\" data-id=\"3d3b3c4\" data-element_type=\"container\" data-e-type=\"container\">\n\t\t\t\t<div class=\"elementor-element elementor-element-0f1a792 elementor-widget elementor-widget-text-editor\" data-id=\"0f1a792\" data-element_type=\"widget\" data-e-type=\"widget\" data-widget_type=\"text-editor.default\">\n\t\t\t\t\t\t\t\t\t<p>Die Frage, wie sich ein Ladevorgang optimal steuern l\u00e4sst, ist zentral f\u00fcr die Ladeinfrastruktur von Elektrofahrzeugen. Die Funktionseinheit \u201eSteuern und \u00dcberwachen\u201c ist eine von mehreren <a href=\"https:\/\/www.phoenixcontact-emobility.com\/de\/news-und-events\/ladeinfrastruktur\/ac-laden-sicher-effizient-schonend\/\">Funktionseinheiten einer Ladestation.<\/a> Hier werden Informationen gesammelt, verarbeitet und der Ladevorgang gesteuert. Dabei erfolgt ein Datenaustausch zwischen Ladestation, Fahrzeug, Nutzern und weiteren Systemen.<\/p><p>Trotz identischer funktioneller Anforderungen wird zwischen\u00a0AC- und DC-Laden\u00a0unterschieden, um den jeweiligen technischen Anforderungen gerecht zu werden.<\/p>\t\t\t\t\t\t\t\t<\/div>\n\t\t\t\t<div class=\"elementor-element elementor-element-df6d58d elementor-widget elementor-widget-heading\" data-id=\"df6d58d\" data-element_type=\"widget\" data-e-type=\"widget\" data-widget_type=\"heading.default\">\n\t\t\t\t\t<h2 class=\"elementor-heading-title elementor-size-default\">AC-Laden effizient steuern \u00fcber PWM und intelligentes Lastmanagement<\/h2>\t\t\t\t<\/div>\n\t\t\t\t<div class=\"elementor-element elementor-element-3f46848 elementor-widget elementor-widget-text-editor\" data-id=\"3f46848\" data-element_type=\"widget\" data-e-type=\"widget\" data-widget_type=\"text-editor.default\">\n\t\t\t\t\t\t\t\t\t<p>Beim AC-Laden \u00fcbernimmt die <a href=\"http:\/\/phoenixcontact.com\/CHARX-control-modular\" target=\"_blank\" rel=\"noopener\">AC-Ladesteuerung<\/a> die Kommunikation mit dem Elektrofahrzeug und bildet damit den zentralen Kommunikationspunkt, das Herz und Hirn der Ladestation. Hier werden Ladevorg\u00e4nge freigegeben, in Verbindung mit den Fahrzeugen gestartet, gesteuert und gestoppt.<\/p><p>Die Kommunikation zum Fahrzeug erfolgt \u00fcber Pulsweitenmodulation (PWM), welche \u00fcber den Signalkontakt CP (Control Pilot) l\u00e4uft, der im Ladestecker bzw. in der Ladeleitung integriert ist. \u00dcber das PWM-Signal tauschen sich Ladesteuerung und Fahrzeug aus: Zum einen dar\u00fcber, wieviel Ladestrom und Spannung die Ladestation liefern kann und zum anderen wie viel Strom und Spannung das Auto maximal aufnehmen kann. Durch den Austausch dieser Parameter \u201eeinigen\u201c sich beide Seiten somit auf den Ladestrom, der flie\u00dfen darf. Diesen Vorgang nennt man daher auch Handshake. Sind alle Parameter ausgehandelt, gibt die Ladesteuerung dem Leistungssch\u00fctz den Befehl, den Strom auf die Leitung zu schalten.<\/p><p>Neben dieser grundlegenden Funktion k\u00f6nnen Ladesteuerungen weitere Zusatzfunktionen erf\u00fcllen, die zur optimalen Regelung des Ladevorgangs beitragen.<\/p>\t\t\t\t\t\t\t\t<\/div>\n\t\t\t\t<div class=\"elementor-element elementor-element-beeb024 elementor-widget elementor-widget-text-editor\" data-id=\"beeb024\" data-element_type=\"widget\" data-e-type=\"widget\" data-widget_type=\"text-editor.default\">\n\t\t\t\t\t\t\t\t\t<h3>Intelligentes Lastmanagement f\u00fcr mehrere Ladepunkte<\/h3><p>Ein wichtiger Aspekt ist ein cleveres Lastmanagement, insbesondere bei Ladeparks, wo sich mehrere Ladepunkte einen Netzanschluss teilen. Im einfachsten Fall wird die zur Verf\u00fcgung stehende Ladeleistung in der Weboberfl\u00e4che der Ladesteuerung konfiguriert und dann gleichm\u00e4\u00dfig auf alle Ladepunkte verteilt, um den Netzanschluss vor \u00dcberlastung und das Verteilnetz vor Schieflasten zu sch\u00fctzen.<\/p><p>Anstelle einer Gleichverteilung k\u00f6nnen bestimmte Ladepunkte auch h\u00f6her oder niedriger priorisiert werden. Dies kann zum Beispiel f\u00fcr Kurzparkende oder VIP-G\u00e4ste sinnvoll sein, oder wenn Kunden in einem \u00f6ffentlichen HPC-Ladepark f\u00fcr eine h\u00f6here Ladeleistung einen entsprechend h\u00f6heren Preis pro Kilowattstunde (kWh) zahlen.<\/p><p>Kommen neben den Lades\u00e4ulen weitere Verbraucher dazu, z. B. im oder am angrenzenden Geb\u00e4ude, oder gibt es Erzeuger wie eine Photovoltaikanlage oder ein Blockheizkraftwerk (BHKW), so kommt meist ein Geb\u00e4ude- oder Energiemanagementsystem zum Einsatz, das alle Energiefl\u00fcsse \u00fcberwacht, die Erzeugung und den Bedarf prognostiziert und entsprechend kalkuliert, wie viel Energie zum aktuellen Zeitpunkt f\u00fcr die Ladepunkte zur Verf\u00fcgung steht. Diesen schwankenden Wert teilt es per Modbus\/TCP-Signal der Ladesteuerung mit. Man nennt dies auch dynamische Stromwertvorgabe oder dynamisches Lastmanagement.<\/p>\t\t\t\t\t\t\t\t<\/div>\n\t\t\t\t<div class=\"elementor-element elementor-element-4a6a131 elementor-widget elementor-widget-image\" data-id=\"4a6a131\" data-element_type=\"widget\" data-e-type=\"widget\" data-widget_type=\"image.default\">\n\t\t\t\t\t\t\t\t\t\t\t\t<figure class=\"wp-caption\">\n\t\t\t\t\t\t\t\t\t\t<img fetchpriority=\"high\" decoding=\"async\" width=\"800\" height=\"450\" src=\"https:\/\/www.phoenixcontact-emobility.com\/wp-content\/uploads\/2025\/10\/00021436_full_b1000-1-e1760428270498.jpg\" class=\"attachment-large size-large wp-image-11857\" alt=\"Draufsicht auf einen Parkplatz mit f\u00fcnf Elektrofahrzeugen an Ladestationen. Zwei Stellpl\u00e4tze sind blau hervorgehoben und mit \u201aVIP\u2018 gekennzeichnet. Links neben dem Parkplatz befindet sich ein farbcodiertes Balkendiagramm mit der Beschriftung \u201aTotal power\u2018, dessen Farben von Gr\u00fcn bis Gelb reichen.\" srcset=\"https:\/\/www.phoenixcontact-emobility.com\/wp-content\/uploads\/2025\/10\/00021436_full_b1000-1-e1760428270498.jpg 1000w, https:\/\/www.phoenixcontact-emobility.com\/wp-content\/uploads\/2025\/10\/00021436_full_b1000-1-e1760428270498-300x169.jpg 300w, https:\/\/www.phoenixcontact-emobility.com\/wp-content\/uploads\/2025\/10\/00021436_full_b1000-1-e1760428270498-768x432.jpg 768w\" sizes=\"(max-width: 800px) 100vw, 800px\" \/>\t\t\t\t\t\t\t\t\t\t\t<figcaption class=\"widget-image-caption wp-caption-text\">Ladepark mit intelligentem Lastmanagement, um Ladevorg\u00e4nge optimal zu steuern.<\/figcaption>\n\t\t\t\t\t\t\t\t\t\t<\/figure>\n\t\t\t\t\t\t\t\t\t<\/div>\n\t\t\t\t<div class=\"elementor-element elementor-element-6db01a9 elementor-widget elementor-widget-text-editor\" data-id=\"6db01a9\" data-element_type=\"widget\" data-e-type=\"widget\" data-widget_type=\"text-editor.default\">\n\t\t\t\t\t\t\t\t\t<h3>Optionale Netzwerkanbindung und Kommunikationsprotokolle f\u00fcr AC-Ladesteuerung<\/h3><p>AC-Ladesteuerungen sind in unterschiedlichen Varianten am Markt verf\u00fcgbar und k\u00f6nnen somit exakt auf die Zielapplikation zugeschnitten werden. Die Controller k\u00f6nnen in einfacher Ausf\u00fchrung als Stand-Alone-Steuerung f\u00fcr Ladepunkte ohne Netzwerkanbindung eingesetzt werden.<\/p><p>Mit der entsprechenden Ausstattungsvariante eines Ladecontrollers k\u00f6nnen Netzwerkverbindungen z. B. per LAN, WLAN oder Mobilfunk hergestellt werden. Unterst\u00fctzte und g\u00e4ngige Kommunikationsprotokolle sind hierbei z. B. OCPP f\u00fcr die Kommunikation mit dem Backend-System zur Abrechnung, Modbus\/TCP zur dynamischen Stromwertvorgabe durch das Geb\u00e4udemanagementsystem sowie ISO 15118 f\u00fcr erweiterte Funktionen wie Plug-and-Charge (PnC) oder <a href=\"https:\/\/www.phoenixcontact-emobility.com\/de\/news-und-events\/ladeinfrastruktur\/bidirektionales-laden-vehicle-to-grid-home\/\">bidirektionales Laden in Form von Vehicle-to-Grid (V2G) oder Vehicle-to-Home (V2H)<\/a>. Da solche Netzwerkverbindungen jedoch auch potenzielle Einfallstore f\u00fcr Hacker und Cyberkriminelle darstellen k\u00f6nnen, sollte die Cyber-Sicherheit von Ladesteuerungen mit regelm\u00e4\u00dfigen Software-Updates auf dem neuesten Stand gehalten werden.<\/p>\t\t\t\t\t\t\t\t<\/div>\n\t\t\t\t<div class=\"elementor-element elementor-element-d2f5d03 elementor-widget elementor-widget-text-editor\" data-id=\"d2f5d03\" data-element_type=\"widget\" data-e-type=\"widget\" data-widget_type=\"text-editor.default\">\n\t\t\t\t\t\t\t\t\t<h3>Server-Client-Strukturen f\u00fcr skalierbare AC-Ladestationen<\/h3><p>Durch eine entsprechende Kombination mehrerer AC-Ladesteuerung zu einem Server-Client-Verbund ist der Aufbau von Ladestationen mit mehreren Ladepunkten, sogenannten Doppel- oder Triple-Ladern m\u00f6glich. Dabei gibt es innerhalb der Lades\u00e4ule immer eine Server-Steuerung, die die Kommunikation nach au\u00dfen \u00fcbernimmt, sowie je nach Anzahl der Ladepunkte eine oder mehrere Client-Steuerungen, welche sich nach den Vorgaben der Server-Steuerung verhalten und selbst keine Netzwerkanbindung haben.<\/p><p>Ebenso kann per Server-Client-Verbund eine Ladepunkt-Architektur mit einem zentralem Technikschrank einerseits und vielen kleinen dezentralen Ladepunkten andererseits, sogenannten Dispensern oder Satelliten realisiert werden, wie es in Parkh\u00e4usern oder auf Parkpl\u00e4tzen \u00fcblich ist. W\u00e4hrend sich im Technikschrank oder Technikraum s\u00e4mtliche Elektronik wie Ladecontroller und Energiez\u00e4hler befindet, sind die Dispenser bzw. Satelliten auf Geh\u00e4use, Ladeanschluss (Ladekabel oder Ladedose) und ggf. RFID-Leser reduziert. Dadurch k\u00f6nnen diese Ladepunkte sehr kompakt konstruiert werden und im Fall von Vandalismus f\u00e4llt der Schaden geringer aus.<\/p>\t\t\t\t\t\t\t\t<\/div>\n\t\t\t\t<div class=\"elementor-element elementor-element-70137f8 elementor-widget elementor-widget-text-editor\" data-id=\"70137f8\" data-element_type=\"widget\" data-e-type=\"widget\" data-widget_type=\"text-editor.default\">\n\t\t\t\t\t\t\t\t\t<h3>Energiemessung und Abrechnung bei AC-Ladestationen<\/h3><p>An eine AC-Ladesteuerung kann optional ein <a href=\"http:\/\/www.phoenixcontact.net\/webcode\/#3482\" data-wplink-edit=\"true\" target=\"_blank\" rel=\"noopener\">AC-Energiez\u00e4hler<\/a> angeschlossen werden. Diese ist notwendig, wenn Ladevorg\u00e4nge abgerechnet werden oder ein Lastmanagement erfolgen soll. Als Informationsquelle zur Verbrauchsoptimierung ist die Energiemessung immer empfehlenswert. Au\u00dferdem k\u00f6nnen \u00fcber die gemessenen Energiewerte Sicherungsma\u00dfnahmen vorgenommen werden. Beispielsweise kann die AC-Ladesteuerung eine Abschaltung des Ladevorgangs bei \u00dcberstrom durchf\u00fchren.<\/p><p>Um bei kommerziellen oder \u00f6ffentlichen Ladepunkten die Ladevorg\u00e4nge abrechnen zu d\u00fcrfen, m\u00fcssen zudem bestimmte Anforderungen erf\u00fcllt sein, mit dem Ziel, dem Endkunden Manipulationssicherheit und Transparenz zu gew\u00e4hrleisten. Zum einen muss der Energiez\u00e4hler je nach geltenden nationalen Normen und Gesetzen z. B. nach der europ\u00e4ischen MID (Measuring Instruments Directive) zertifiziert oder eichrechtskonform, d.h. konform zum deutschen Mess- und Eichgesetz sein. Zum anderen muss die komplette Ladestation als ganzheitliches Ladesystem vor der Inbetriebnahme durch eine Konformit\u00e4tsbewertungsstelle wie dem VDE-Institut eichrechtlich abgenommen und zertifiziert werden. Dies gilt derzeit nur in Deutschland, jedoch sind in anderen L\u00e4ndern wie Frankreich, Italien oder Spanien \u00e4hnliche Regelungen in Vorbereitung oder teilweise schon umgesetzt.<\/p>\t\t\t\t\t\t\t\t<\/div>\n\t\t\t\t<div class=\"elementor-element elementor-element-3feab63 elementor-widget elementor-widget-spacer\" data-id=\"3feab63\" data-element_type=\"widget\" data-e-type=\"widget\" data-widget_type=\"spacer.default\">\n\t\t\t\t\t\t\t<div class=\"elementor-spacer\">\n\t\t\t<div class=\"elementor-spacer-inner\"><\/div>\n\t\t<\/div>\n\t\t\t\t\t\t<\/div>\n\t\t\t\t<div class=\"elementor-element elementor-element-87e5342 elementor-widget elementor-widget-heading\" data-id=\"87e5342\" data-element_type=\"widget\" data-e-type=\"widget\" data-widget_type=\"heading.default\">\n\t\t\t\t\t<h2 class=\"elementor-heading-title elementor-size-default\">Fehlerstrom- und Temperaturmessung als Sicherheits-Features beim AC-Laden<\/h2>\t\t\t\t<\/div>\n\t\t\t\t<div class=\"elementor-element elementor-element-ad1d80c elementor-widget elementor-widget-text-editor\" data-id=\"ad1d80c\" data-element_type=\"widget\" data-e-type=\"widget\" data-widget_type=\"text-editor.default\">\n\t\t\t\t\t\t\t\t\t<p>Die Fehlerstrommessung ist ein Sicherheits-Feature, das in AC-Ladestationen in vielen L\u00e4ndern gesetzlich vorgeschrieben ist. Sie erkennt AC- und DC-Str\u00f6me, die zum Beispiel aufgrund mangelhafter Isolation nicht vom Auto zur\u00fcck ins Netz flie\u00dfen k\u00f6nnen. Die Messung kann \u00fcber einen Typ-B-Schutzschalter erfolgen, welcher sowohl AC- als auch DC-Fehlerstr\u00f6me erkennt. Eine deutlich g\u00fcnstigere Alternative ist ein Typ-A-Schutzschalter. Da dieser nur AC-Fehlerstr\u00f6me erkennt, muss er mit einer DC-Fehlerstrommessung kombiniert werden.<\/p>\t\t\t\t\t\t\t\t<\/div>\n\t\t\t\t<div class=\"elementor-element elementor-element-100b3c8 elementor-widget elementor-widget-text-editor\" data-id=\"100b3c8\" data-element_type=\"widget\" data-e-type=\"widget\" data-widget_type=\"text-editor.default\">\n\t\t\t\t\t\t\t\t\t<h3>Anschluss von DC-Fehlerstrommodulen an die AC-Ladesteuerung<\/h3><p>DC-Fehlerstrom-\u00dcberwachungsmodule k\u00f6nnen direkt an die AC-Ladesteuerung angeschlossen und konfiguriert werden. Dabei werden die Leitungen des Ladekabels zum Messen durch die Ringspule des \u00dcberwachungsmoduls gef\u00fchrt. Durch die fliegende Verkabelung kann dieses Sicherheits-Feature einfach implementiert werden.<\/p>\t\t\t\t\t\t\t\t<\/div>\n\t\t\t\t<div class=\"elementor-element elementor-element-3355f3a elementor-widget elementor-widget-text-editor\" data-id=\"3355f3a\" data-element_type=\"widget\" data-e-type=\"widget\" data-widget_type=\"text-editor.default\">\n\t\t\t\t\t\t\t\t\t<h3>Integration der Temperaturmessung<\/h3><p>Eine Temperaturmessung an den Leistungskontakten ist beim AC-Laden zwar nicht normativ vorgeschrieben. Sie kann aber sinnvoll sein, um \u00dcberhitzungen w\u00e4hrend des Ladeprozesses fr\u00fchzeitig zu erkennen und somit die Sicherheit zus\u00e4tzlich zu erh\u00f6hen. \u00dcberhitzungen k\u00f6nnen beispielsweise durch erh\u00f6hte Umgebungstemperaturen, intensive Sonneneinstrahlung, eine Verschmutzung der Leistungskontakte oder eine hohe Beanspruchung der Ladetechnik entstehen.<\/p><p>In manchen AC-Ladekabeln und AC-Ladedosen ist die Temperatursensorik bereits integriert, meist in Form einer Kette aus PTC-Sensoren. Bei AC-Ladedosen kann sie bei Bedarf auch nachger\u00fcstet werden. Die Leitungen der Sensoren werden an einen Eingang der AC-Ladesteuerung angeschlossen, sodass der zus\u00e4tzliche Installationsaufwand gering ausf\u00e4llt.<\/p>\t\t\t\t\t\t\t\t<\/div>\n\t\t\t\t<div class=\"elementor-element elementor-element-bfd6227 elementor-widget elementor-widget-spacer\" data-id=\"bfd6227\" data-element_type=\"widget\" data-e-type=\"widget\" data-widget_type=\"spacer.default\">\n\t\t\t\t\t\t\t<div class=\"elementor-spacer\">\n\t\t\t<div class=\"elementor-spacer-inner\"><\/div>\n\t\t<\/div>\n\t\t\t\t\t\t<\/div>\n\t\t\t\t<div class=\"elementor-element elementor-element-8a00494 elementor-widget elementor-widget-heading\" data-id=\"8a00494\" data-element_type=\"widget\" data-e-type=\"widget\" data-widget_type=\"heading.default\">\n\t\t\t\t\t<h2 class=\"elementor-heading-title elementor-size-default\">DC-Laden sicher und pr\u00e4zise steuern: Energiez\u00e4hler, Isolations\u00fcberwachung und Temperaturmessung<\/h2>\t\t\t\t<\/div>\n\t\t\t\t<div class=\"elementor-element elementor-element-d46e3ad elementor-widget elementor-widget-text-editor\" data-id=\"d46e3ad\" data-element_type=\"widget\" data-e-type=\"widget\" data-widget_type=\"text-editor.default\">\n\t\t\t\t\t\t\t\t\t<p>Grunds\u00e4tzlich \u00fcbernimmt die <a href=\"https:\/\/www.phoenixcontact.net\/webcode\/#1024\" target=\"_blank\" rel=\"noopener\">DC-Ladesteuerung<\/a> dieselben Funktionen wie die AC-Steuerung, ist jedoch auf DC-Str\u00f6me ausgelegt. Dabei kommuniziert sie aktiv mit der Leistungselektronik, um <a href=\"https:\/\/www.phoenixcontact-emobility.com\/de\/news-und-events\/ladeinfrastruktur\/dc-laden-im-dc-netz-ergibt-sinn-oder\/\">Elektrofahrzeuge schnell, sicher und effizient zu Laden<\/a>.<\/p><p>\u00dcber ihre CAN-Bus-Schnittstelle gibt die DC-Ladesteuerung der Leistungselektronik wichtige Ladeparameter wie Strom und Spannung vor. Des Weiteren erh\u00e4lt sie Temperaturwerte oder St\u00f6rungsmeldungen von der Leistungselektronik, um den Ladeprozess entsprechend anzupassen.<\/p>\t\t\t\t\t\t\t\t<\/div>\n\t\t\t\t<div class=\"elementor-element elementor-element-a33e155 elementor-widget elementor-widget-text-editor\" data-id=\"a33e155\" data-element_type=\"widget\" data-e-type=\"widget\" data-widget_type=\"text-editor.default\">\n\t\t\t\t\t\t\t\t\t<h3>DC-Energiemessung f\u00fcr exakte Abrechnung und Lastmanagement<\/h3><p>Beim Schnellladen werden sowohl zum Lastmanagement als auch zur Abrechnung verschiedene Informationen ben\u00f6tigt. Theoretisch w\u00e4re eine AC-seitige Energiemessung denkbar. Aufgrund von Verlustleistungen in der AC-DC-Wandlung w\u00fcrden jedoch in der Abrechnung verf\u00e4lschte DC-Werte zugrunde liegen. Daher schreiben regionale Normen und Gesetze h\u00e4ufig einen DC-seitigen Energiez\u00e4hler pro Ladepunkt vor, um eine pr\u00e4zise Messung zu gew\u00e4hrleisten. Zudem gelten in manchen L\u00e4ndern dieselben Anforderungen hinsichtlich MID und Eichrecht wie beim AC-Laden.<\/p>\t\t\t\t\t\t\t\t<\/div>\n\t\t\t\t<div class=\"elementor-element elementor-element-b398c5a elementor-widget elementor-widget-text-editor\" data-id=\"b398c5a\" data-element_type=\"widget\" data-e-type=\"widget\" data-widget_type=\"text-editor.default\">\n\t\t\t\t\t\t\t\t\t<h3>Isolations\u00fcberwachung zur fr\u00fchzeitigen Fehlererkennung<\/h3><p>Die Isolations\u00fcberwachung ist ein Sicherheits-Feature in DC-Ladestationen, das in vielen L\u00e4ndern normativ vorgeschrieben ist. Der Isolationsw\u00e4chter (oder auch kurz: Iso-W\u00e4chter) erkennt Verschlechterungen des Isolationsniveaus fr\u00fchzeitig und meldet diese an die Ladesteuerung, sodass im Fehlerfall die Stromzufuhr sicher unterbrochen werden kann, um Folgesch\u00e4den f\u00fcr Nutzer, Fahrzeug und Ladestation zu vermeiden.<\/p>\t\t\t\t\t\t\t\t<\/div>\n\t\t\t\t<div class=\"elementor-element elementor-element-aa5d281 elementor-widget elementor-widget-text-editor\" data-id=\"aa5d281\" data-element_type=\"widget\" data-e-type=\"widget\" data-widget_type=\"text-editor.default\">\n\t\t\t\t\t\t\t\t\t<h3>Temperaturmessung bei hohen DC-Str\u00f6men zur Sicherheit<\/h3><p>Beim DC-Laden ist eine Temperaturmessung an den Leistungskontakten des <a href=\"https:\/\/www.phoenixcontact.net\/webcode\/#2099\" target=\"_blank\" rel=\"noopener\">DC-Ladekabels<\/a> normativ vorgeschrieben und daher immer fest integriert, um bei den \u00fcblicherweise hohen DC-Str\u00f6men von mehreren hundert Ampere die Temperaturentwicklung auf der gesamten Strecke bis zum Fahrzeug zu \u00fcberwachen und die die Sicherheit zu gew\u00e4hrleisten. \u00a0Je nach Ausstattung der Lades\u00e4ule wird beim Erreichen der Grenztemperatur der Ladevorgang entweder gestoppt, der Ladestrom reduziert (Derating) oder die K\u00fchlleistung f\u00fcr das Ladekabel erh\u00f6ht.<\/p>\t\t\t\t\t\t\t\t<\/div>\n\t\t\t\t<div class=\"elementor-element elementor-element-fafd920 elementor-widget elementor-widget-spacer\" data-id=\"fafd920\" data-element_type=\"widget\" data-e-type=\"widget\" data-widget_type=\"spacer.default\">\n\t\t\t\t\t\t\t<div class=\"elementor-spacer\">\n\t\t\t<div class=\"elementor-spacer-inner\"><\/div>\n\t\t<\/div>\n\t\t\t\t\t\t<\/div>\n\t\t\t\t<div class=\"elementor-element elementor-element-3118198 elementor-widget elementor-widget-heading\" data-id=\"3118198\" data-element_type=\"widget\" data-e-type=\"widget\" data-widget_type=\"heading.default\">\n\t\t\t\t\t<h2 class=\"elementor-heading-title elementor-size-default\">Sektorenkopplung in Ladeinfrastruktur: Energie intelligent vernetzen<\/h2>\t\t\t\t<\/div>\n\t\t\t\t<div class=\"elementor-element elementor-element-63098b4 elementor-widget elementor-widget-text-editor\" data-id=\"63098b4\" data-element_type=\"widget\" data-e-type=\"widget\" data-widget_type=\"text-editor.default\">\n\t\t\t\t\t\t\t\t\t<p>Ein wichtiger Aspekt der Ladeinfrastruktur ist die Sektorenkopplung. Sie beschreit die intelligente Vernetzung zwischen Geb\u00e4uden, Ladeinfrastruktur-Betreibern, Energieerzeugern und -netzen sowie Ladestationen und Elektrofahrzeugen. Die Sektorenkopplung ist die Voraussetzung f\u00fcr eine optimale Energienutzung und CO<sub>2<\/sub>-neutrale Mobilit\u00e4t in der <a href=\"https:\/\/www.phoenixcontact.com\/de-de\/unternehmen\/all-electric-society\" target=\"_blank\" rel=\"noopener\">All Electric Society<\/a>. Eine Welt, in der Energie aus erneuerbaren Quellen effizient und bezahlbar genutzt wird.<\/p><p>Die\u00a0Ladesteuerung\u00a0spielt dabei eine zentrale Rolle, da sie verschiedene Kommunikationsprotokolle unterst\u00fctzen muss, um die Integration in komplexe Energiesysteme zu erm\u00f6glichen. Die Sektorenkopplung bietet enorme Potenziale zur Effizienzsteigerung und CO<sub>2<\/sub>-Reduktion.<\/p>\t\t\t\t\t\t\t\t<\/div>\n\t\t\t\t<div class=\"elementor-element elementor-element-1bd84c5 elementor-widget elementor-widget-image\" data-id=\"1bd84c5\" data-element_type=\"widget\" data-e-type=\"widget\" data-widget_type=\"image.default\">\n\t\t\t\t\t\t\t\t\t\t\t\t<figure class=\"wp-caption\">\n\t\t\t\t\t\t\t\t\t\t<img decoding=\"async\" width=\"800\" height=\"389\" src=\"https:\/\/www.phoenixcontact-emobility.com\/wp-content\/uploads\/2025\/10\/00180457_full_b1000-1.png\" class=\"attachment-large size-large wp-image-11862\" alt=\"Schematische Grafik zur Sektorenkopplung zeigt vier miteinander verbundene Bereiche: Mobilit\u00e4t (mit LKW, Autos und Ladestationen), Infrastruktur (Geb\u00e4ude und Stra\u00dfenkreuzung), Energie (Strommast, Windr\u00e4der, Solaranlage) und Industrie (Fabrik mit Maschinen). In der Mitte steht \u201eSektorenkopplung\u201c als verbindendes Element.\" srcset=\"https:\/\/www.phoenixcontact-emobility.com\/wp-content\/uploads\/2025\/10\/00180457_full_b1000-1.png 1000w, https:\/\/www.phoenixcontact-emobility.com\/wp-content\/uploads\/2025\/10\/00180457_full_b1000-1-300x146.png 300w, https:\/\/www.phoenixcontact-emobility.com\/wp-content\/uploads\/2025\/10\/00180457_full_b1000-1-768x373.png 768w\" sizes=\"(max-width: 800px) 100vw, 800px\" \/>\t\t\t\t\t\t\t\t\t\t\t<figcaption class=\"widget-image-caption wp-caption-text\">Sektorenkopplung: Vernetzung von Mobilit\u00e4t, Infrastruktur, Energie und Industrie, um Ladevorg\u00e4nge optimal zu steuern und die Energienutzung zu maximieren.<\/figcaption>\n\t\t\t\t\t\t\t\t\t\t<\/figure>\n\t\t\t\t\t\t\t\t\t<\/div>\n\t\t\t\t<div class=\"elementor-element elementor-element-d44fcda elementor-widget elementor-widget-spacer\" data-id=\"d44fcda\" data-element_type=\"widget\" data-e-type=\"widget\" data-widget_type=\"spacer.default\">\n\t\t\t\t\t\t\t<div class=\"elementor-spacer\">\n\t\t\t<div class=\"elementor-spacer-inner\"><\/div>\n\t\t<\/div>\n\t\t\t\t\t\t<\/div>\n\t\t\t\t<div class=\"elementor-element elementor-element-c50e14c elementor-widget elementor-widget-heading\" data-id=\"c50e14c\" data-element_type=\"widget\" data-e-type=\"widget\" data-widget_type=\"heading.default\">\n\t\t\t\t\t<h2 class=\"elementor-heading-title elementor-size-default\">Fazit: AC- und DC-Ladevorg\u00e4nge intelligent steuern <\/h2>\t\t\t\t<\/div>\n\t\t\t\t<div class=\"elementor-element elementor-element-d6c9bf1 elementor-widget elementor-widget-text-editor\" data-id=\"d6c9bf1\" data-element_type=\"widget\" data-e-type=\"widget\" data-widget_type=\"text-editor.default\">\n\t\t\t\t\t\t\t\t\t<p>Die optimale Steuerung des Ladevorgangs ist essenziell f\u00fcr die Effizienz und Sicherheit der Ladeinfrastruktur. Sowohl AC- als auch DC-Ladesteuerungen bieten umfangreiche Funktionen und Sicherheitsfeatures, die den Ladevorgang optimal steuern und \u00fcberwachen. Die Integration von Lastmanagement und Sektorenkopplung tr\u00e4gt zus\u00e4tzlich zur effizienten Energienutzung und CO<sub>2<\/sub>-neutralen Mobilit\u00e4t bei.<\/p>\t\t\t\t\t\t\t\t<\/div>\n\t\t\t\t<div class=\"elementor-element elementor-element-d33f9ef elementor-widget elementor-widget-heading\" data-id=\"d33f9ef\" data-element_type=\"widget\" data-e-type=\"widget\" data-widget_type=\"heading.default\">\n\t\t\t\t\t<h2 class=\"elementor-heading-title elementor-size-default\">Video-Tutorial: Wie steuere ich den Ladevorgang von Elektrofahrzeugen optimal?<\/h2>\t\t\t\t<\/div>\n\t\t\t\t<div class=\"elementor-element elementor-element-4649558 elementor-widget elementor-widget-video\" data-id=\"4649558\" data-element_type=\"widget\" data-e-type=\"widget\" data-settings=\"{&quot;youtube_url&quot;:&quot;https:\\\/\\\/www.youtube.com\\\/watch?v=bMPQA6BzjRk&quot;,&quot;show_image_overlay&quot;:&quot;yes&quot;,&quot;image_overlay&quot;:{&quot;url&quot;:&quot;https:\\\/\\\/www.phoenixcontact-emobility.com\\\/wp-content\\\/uploads\\\/2025\\\/10\\\/Youtube_Ladevorgang-optimal-steuern.jpeg&quot;,&quot;id&quot;:11864,&quot;size&quot;:&quot;&quot;,&quot;alt&quot;:&quot;Eine Person steht in einem modernen Pr\\u00e4sentationsraum vor einer gro\\u00dfen Leinwand. Auf der Leinwand ist eine technische Darstellung einer Ladestation f\\u00fcr Elektrofahrzeuge zu sehen, die in ihre Funktionskomponenten zerlegt ist. Links ist ein Auto teilweise sichtbar, das an die Ladestation angeschlossen ist. Der Titel auf der Leinwand lautet: \\u201eAlles f\\u00fcr Ihre E-Mobility-Ladeinfrastruktur \\u2013 Die Funktionseinheiten einer Ladestation\\u201c. Daneben befindet sich ein Symbol mit der Beschriftung \\u201eSteuern und \\u00dcberwachen\\u201c. Die Person tr\\u00e4gt ein schwarzes T-Shirt mit dem Aufdruck \\u201eCHARX \\u2013 E-Mobility powered by Phoenix Contact\\u201c.&quot;,&quot;source&quot;:&quot;library&quot;},&quot;video_type&quot;:&quot;youtube&quot;,&quot;controls&quot;:&quot;yes&quot;}\" data-widget_type=\"video.default\">\n\t\t\t\t\t\t\t<div class=\"elementor-wrapper elementor-open-inline\">\n\t\t\t<div class=\"elementor-video\"><\/div>\t\t\t\t<div class=\"elementor-custom-embed-image-overlay\" style=\"background-image: url(https:\/\/www.phoenixcontact-emobility.com\/wp-content\/uploads\/2025\/10\/Youtube_Ladevorgang-optimal-steuern.jpeg);\">\n\t\t\t\t\t\t\t\t\t\t\t\t\t\t\t\t<div class=\"elementor-custom-embed-play\" role=\"button\" aria-label=\"Video abspielen \u00fcber Eine Person steht in einem modernen Pr\u00e4sentationsraum vor einer gro\u00dfen Leinwand. Auf der Leinwand ist eine technische Darstellung einer Ladestation f\u00fcr Elektrofahrzeuge zu sehen, die in ihre Funktionskomponenten zerlegt ist. Links ist ein Auto teilweise sichtbar, das an die Ladestation angeschlossen ist. Der Titel auf der Leinwand lautet: \u201eAlles f\u00fcr Ihre E-Mobility-Ladeinfrastruktur \u2013 Die Funktionseinheiten einer Ladestation\u201c. Daneben befindet sich ein Symbol mit der Beschriftung \u201eSteuern und \u00dcberwachen\u201c. Die Person tr\u00e4gt ein schwarzes T-Shirt mit dem Aufdruck \u201eCHARX \u2013 E-Mobility powered by Phoenix Contact\u201c.\" tabindex=\"0\">\n\t\t\t\t\t\t\t<svg aria-hidden=\"true\" class=\"e-font-icon-svg e-eicon-play\" viewBox=\"0 0 1000 1000\" xmlns=\"http:\/\/www.w3.org\/2000\/svg\"><path d=\"M838 162C746 71 633 25 500 25 371 25 258 71 163 162 71 254 25 367 25 500 25 633 71 746 163 837 254 929 367 979 500 979 633 979 746 933 838 837 929 746 975 633 975 500 975 367 929 254 838 162M808 192C892 279 933 379 933 500 933 621 892 725 808 808 725 892 621 938 500 938 379 938 279 896 196 808 113 725 67 621 67 500 67 379 108 279 196 192 279 108 383 62 500 62 621 62 721 108 808 192M438 392V642L642 517 438 392Z\"><\/path><\/svg>\t\t\t\t\t\t<\/div>\n\t\t\t\t\t\t\t\t\t<\/div>\n\t\t\t\t\t<\/div>\n\t\t\t\t\t\t<\/div>\n\t\t\t\t<div class=\"elementor-element elementor-element-0b4c67b elementor-widget elementor-widget-text-editor\" data-id=\"0b4c67b\" data-element_type=\"widget\" data-e-type=\"widget\" data-widget_type=\"text-editor.default\">\n\t\t\t\t\t\t\t\t\t<h5>FAQ<\/h5>\t\t\t\t\t\t\t\t<\/div>\n\t\t\t\t<div class=\"elementor-element elementor-element-77c79c3 elementor-widget elementor-widget-text-editor\" data-id=\"77c79c3\" data-element_type=\"widget\" data-e-type=\"widget\" data-widget_type=\"text-editor.default\">\n\t\t\t\t\t\t\t\t\t<h2>H\u00e4ufig gestellte Fragen<\/h2>\t\t\t\t\t\t\t\t<\/div>\n\t\t\t\t<div class=\"elementor-element elementor-element-0b74aa4 elementor-widget elementor-widget-n-accordion\" data-id=\"0b74aa4\" data-element_type=\"widget\" data-e-type=\"widget\" data-settings=\"{&quot;default_state&quot;:&quot;all_collapsed&quot;,&quot;max_items_expended&quot;:&quot;multiple&quot;,&quot;n_accordion_animation_duration&quot;:{&quot;unit&quot;:&quot;ms&quot;,&quot;size&quot;:400,&quot;sizes&quot;:[]}}\" data-widget_type=\"nested-accordion.default\">\n\t\t\t\t\t\t\t<div class=\"e-n-accordion\" aria-label=\"Accordion. Open links with Enter or Space, close with Escape, and navigate with Arrow Keys\">\n\t\t\t\t\t\t<details id=\"e-n-accordion-item-1200\" class=\"e-n-accordion-item\" >\n\t\t\t\t<summary class=\"e-n-accordion-item-title\" data-accordion-index=\"1\" tabindex=\"0\" aria-expanded=\"false\" aria-controls=\"e-n-accordion-item-1200\" >\n\t\t\t\t\t<span class='e-n-accordion-item-title-header'><h3 class=\"e-n-accordion-item-title-text\"> Warum ist die Steuerung des Ladevorgangs bei Elektrofahrzeugen so wichtig? <\/h3><\/span>\n\t\t\t\t\t\t\t<span class='e-n-accordion-item-title-icon'>\n\t\t\t<span class='e-opened' ><svg aria-hidden=\"true\" class=\"e-font-icon-svg e-fas-minus\" viewBox=\"0 0 448 512\" xmlns=\"http:\/\/www.w3.org\/2000\/svg\"><path d=\"M416 208H32c-17.67 0-32 14.33-32 32v32c0 17.67 14.33 32 32 32h384c17.67 0 32-14.33 32-32v-32c0-17.67-14.33-32-32-32z\"><\/path><\/svg><\/span>\n\t\t\t<span class='e-closed'><svg aria-hidden=\"true\" class=\"e-font-icon-svg e-fas-plus\" viewBox=\"0 0 448 512\" xmlns=\"http:\/\/www.w3.org\/2000\/svg\"><path d=\"M416 208H272V64c0-17.67-14.33-32-32-32h-32c-17.67 0-32 14.33-32 32v144H32c-17.67 0-32 14.33-32 32v32c0 17.67 14.33 32 32 32h144v144c0 17.67 14.33 32 32 32h32c17.67 0 32-14.33 32-32V304h144c17.67 0 32-14.33 32-32v-32c0-17.67-14.33-32-32-32z\"><\/path><\/svg><\/span>\n\t\t<\/span>\n\n\t\t\t\t\t\t<\/summary>\n\t\t\t\t<div role=\"region\" aria-labelledby=\"e-n-accordion-item-1200\" class=\"elementor-element elementor-element-bdae402 e-con-full e-flex e-con e-child\" data-id=\"bdae402\" data-element_type=\"container\" data-e-type=\"container\">\n\t\t\t\t<div class=\"elementor-element elementor-element-08968b7 elementor-widget elementor-widget-text-editor\" data-id=\"08968b7\" data-element_type=\"widget\" data-e-type=\"widget\" data-widget_type=\"text-editor.default\">\n\t\t\t\t\t\t\t\t\t<p>Die intelligente Steuerung des Ladevorgangs sorgt f\u00fcr eine effiziente Nutzung der Ladeinfrastruktur und verhindert Lastspitzen im Stromnetz. Dadurch k\u00f6nnen Betreiber Kosten senken und die Netzstabilit\u00e4t erh\u00f6hen. F\u00fcr E-Autofahrer bedeutet das: k\u00fcrzere Ladezeiten und eine nachhaltige Energieversorgung.<\/p>\t\t\t\t\t\t\t\t<\/div>\n\t\t\t\t<\/div>\n\t\t\t\t\t<\/details>\n\t\t\t\t\t\t<details id=\"e-n-accordion-item-1201\" class=\"e-n-accordion-item\" >\n\t\t\t\t<summary class=\"e-n-accordion-item-title\" data-accordion-index=\"2\" tabindex=\"-1\" aria-expanded=\"false\" aria-controls=\"e-n-accordion-item-1201\" >\n\t\t\t\t\t<span class='e-n-accordion-item-title-header'><h3 class=\"e-n-accordion-item-title-text\"> Welche Vorteile bietet ein Lastmanagement-System f\u00fcr Ladeinfrastruktur? <\/h3><\/span>\n\t\t\t\t\t\t\t<span class='e-n-accordion-item-title-icon'>\n\t\t\t<span class='e-opened' ><svg aria-hidden=\"true\" class=\"e-font-icon-svg e-fas-minus\" viewBox=\"0 0 448 512\" xmlns=\"http:\/\/www.w3.org\/2000\/svg\"><path d=\"M416 208H32c-17.67 0-32 14.33-32 32v32c0 17.67 14.33 32 32 32h384c17.67 0 32-14.33 32-32v-32c0-17.67-14.33-32-32-32z\"><\/path><\/svg><\/span>\n\t\t\t<span class='e-closed'><svg aria-hidden=\"true\" class=\"e-font-icon-svg e-fas-plus\" viewBox=\"0 0 448 512\" xmlns=\"http:\/\/www.w3.org\/2000\/svg\"><path d=\"M416 208H272V64c0-17.67-14.33-32-32-32h-32c-17.67 0-32 14.33-32 32v144H32c-17.67 0-32 14.33-32 32v32c0 17.67 14.33 32 32 32h144v144c0 17.67 14.33 32 32 32h32c17.67 0 32-14.33 32-32V304h144c17.67 0 32-14.33 32-32v-32c0-17.67-14.33-32-32-32z\"><\/path><\/svg><\/span>\n\t\t<\/span>\n\n\t\t\t\t\t\t<\/summary>\n\t\t\t\t<div role=\"region\" aria-labelledby=\"e-n-accordion-item-1201\" class=\"elementor-element elementor-element-8ec05e7 e-con-full e-flex e-con e-child\" data-id=\"8ec05e7\" data-element_type=\"container\" data-e-type=\"container\">\n\t\t\t\t<div class=\"elementor-element elementor-element-e01e28c elementor-widget elementor-widget-text-editor\" data-id=\"e01e28c\" data-element_type=\"widget\" data-e-type=\"widget\" data-widget_type=\"text-editor.default\">\n\t\t\t\t\t\t\t\t\t<p>Ein Lastmanagement-System verteilt die verf\u00fcgbare Energie optimal auf alle angeschlossenen Fahrzeuge. So wird \u00dcberlastung vermieden, die Betriebskosten sinken und die Ladepunkte k\u00f6nnen auch bei hoher Nachfrage zuverl\u00e4ssig genutzt werden. Besonders f\u00fcr Flottenbetreiber ist dies entscheidend, um alle Fahrzeuge rechtzeitig einsatzbereit zu haben.<\/p>\t\t\t\t\t\t\t\t<\/div>\n\t\t\t\t<\/div>\n\t\t\t\t\t<\/details>\n\t\t\t\t\t\t<details id=\"e-n-accordion-item-1202\" class=\"e-n-accordion-item\" >\n\t\t\t\t<summary class=\"e-n-accordion-item-title\" data-accordion-index=\"3\" tabindex=\"-1\" aria-expanded=\"false\" aria-controls=\"e-n-accordion-item-1202\" >\n\t\t\t\t\t<span class='e-n-accordion-item-title-header'><h3 class=\"e-n-accordion-item-title-text\"> Wie funktioniert die dynamische Steuerung des Ladevorgangs? <\/h3><\/span>\n\t\t\t\t\t\t\t<span class='e-n-accordion-item-title-icon'>\n\t\t\t<span class='e-opened' ><svg aria-hidden=\"true\" class=\"e-font-icon-svg e-fas-minus\" viewBox=\"0 0 448 512\" xmlns=\"http:\/\/www.w3.org\/2000\/svg\"><path d=\"M416 208H32c-17.67 0-32 14.33-32 32v32c0 17.67 14.33 32 32 32h384c17.67 0 32-14.33 32-32v-32c0-17.67-14.33-32-32-32z\"><\/path><\/svg><\/span>\n\t\t\t<span class='e-closed'><svg aria-hidden=\"true\" class=\"e-font-icon-svg e-fas-plus\" viewBox=\"0 0 448 512\" xmlns=\"http:\/\/www.w3.org\/2000\/svg\"><path d=\"M416 208H272V64c0-17.67-14.33-32-32-32h-32c-17.67 0-32 14.33-32 32v144H32c-17.67 0-32 14.33-32 32v32c0 17.67 14.33 32 32 32h144v144c0 17.67 14.33 32 32 32h32c17.67 0 32-14.33 32-32V304h144c17.67 0 32-14.33 32-32v-32c0-17.67-14.33-32-32-32z\"><\/path><\/svg><\/span>\n\t\t<\/span>\n\n\t\t\t\t\t\t<\/summary>\n\t\t\t\t<div role=\"region\" aria-labelledby=\"e-n-accordion-item-1202\" class=\"elementor-element elementor-element-22998e9 e-con-full e-flex e-con e-child\" data-id=\"22998e9\" data-element_type=\"container\" data-e-type=\"container\">\n\t\t\t\t<div class=\"elementor-element elementor-element-922680a elementor-widget elementor-widget-text-editor\" data-id=\"922680a\" data-element_type=\"widget\" data-e-type=\"widget\" data-widget_type=\"text-editor.default\">\n\t\t\t\t\t\t\t\t\t<p>Die Kommunikation \u00fcber Standards wie ISO 15118 erm\u00f6glicht eine intelligente Abstimmung zwischen Fahrzeug und Ladepunkt. Dadurch k\u00f6nnen Funktionen wie Plug &amp; Charge oder die automatische Anpassung der Ladeleistung umgesetzt werden \u2013 f\u00fcr mehr Komfort und Sicherheit beim Laden.<\/p>\t\t\t\t\t\t\t\t<\/div>\n\t\t\t\t<\/div>\n\t\t\t\t\t<\/details>\n\t\t\t\t\t\t<details id=\"e-n-accordion-item-1203\" class=\"e-n-accordion-item\" >\n\t\t\t\t<summary class=\"e-n-accordion-item-title\" data-accordion-index=\"4\" tabindex=\"-1\" aria-expanded=\"false\" aria-controls=\"e-n-accordion-item-1203\" >\n\t\t\t\t\t<span class='e-n-accordion-item-title-header'><h3 class=\"e-n-accordion-item-title-text\"> Welche Rolle spielt die Kommunikation zwischen Fahrzeug und Ladepunkt? <\/h3><\/span>\n\t\t\t\t\t\t\t<span class='e-n-accordion-item-title-icon'>\n\t\t\t<span class='e-opened' ><svg aria-hidden=\"true\" class=\"e-font-icon-svg e-fas-minus\" viewBox=\"0 0 448 512\" xmlns=\"http:\/\/www.w3.org\/2000\/svg\"><path d=\"M416 208H32c-17.67 0-32 14.33-32 32v32c0 17.67 14.33 32 32 32h384c17.67 0 32-14.33 32-32v-32c0-17.67-14.33-32-32-32z\"><\/path><\/svg><\/span>\n\t\t\t<span class='e-closed'><svg aria-hidden=\"true\" class=\"e-font-icon-svg e-fas-plus\" viewBox=\"0 0 448 512\" xmlns=\"http:\/\/www.w3.org\/2000\/svg\"><path d=\"M416 208H272V64c0-17.67-14.33-32-32-32h-32c-17.67 0-32 14.33-32 32v144H32c-17.67 0-32 14.33-32 32v32c0 17.67 14.33 32 32 32h144v144c0 17.67 14.33 32 32 32h32c17.67 0 32-14.33 32-32V304h144c17.67 0 32-14.33 32-32v-32c0-17.67-14.33-32-32-32z\"><\/path><\/svg><\/span>\n\t\t<\/span>\n\n\t\t\t\t\t\t<\/summary>\n\t\t\t\t<div role=\"region\" aria-labelledby=\"e-n-accordion-item-1203\" class=\"elementor-element elementor-element-1cdbdf2 e-flex e-con-boxed e-con e-child\" data-id=\"1cdbdf2\" data-element_type=\"container\" data-e-type=\"container\">\n\t\t\t\t\t<div class=\"e-con-inner\">\n\t\t<div role=\"region\" aria-labelledby=\"e-n-accordion-item-1203\" class=\"elementor-element elementor-element-dd66a86 e-con-full e-flex e-con e-child\" data-id=\"dd66a86\" data-element_type=\"container\" data-e-type=\"container\">\n\t\t\t\t<div class=\"elementor-element elementor-element-0126180 elementor-widget elementor-widget-text-editor\" data-id=\"0126180\" data-element_type=\"widget\" data-e-type=\"widget\" data-widget_type=\"text-editor.default\">\n\t\t\t\t\t\t\t\t\t<p>Die Kommunikation \u00fcber Standards wie ISO 15118 erm\u00f6glicht eine intelligente Abstimmung zwischen Fahrzeug und Ladepunkt. Dadurch k\u00f6nnen Funktionen wie Plug &amp; Charge oder die automatische Anpassung der Ladeleistung umgesetzt werden \u2013 f\u00fcr mehr Komfort und Sicherheit beim Laden.<\/p>\t\t\t\t\t\t\t\t<\/div>\n\t\t\t\t<\/div>\n\t\t\t\t\t<\/div>\n\t\t\t\t<\/div>\n\t\t\t\t\t<\/details>\n\t\t\t\t\t\t<details id=\"e-n-accordion-item-1204\" class=\"e-n-accordion-item\" >\n\t\t\t\t<summary class=\"e-n-accordion-item-title\" data-accordion-index=\"5\" tabindex=\"-1\" aria-expanded=\"false\" aria-controls=\"e-n-accordion-item-1204\" >\n\t\t\t\t\t<span class='e-n-accordion-item-title-header'><h3 class=\"e-n-accordion-item-title-text\"> Wie k\u00f6nnen Unternehmen ihre Ladeinfrastruktur zukunftssicher gestalten? <\/h3><\/span>\n\t\t\t\t\t\t\t<span class='e-n-accordion-item-title-icon'>\n\t\t\t<span class='e-opened' ><svg aria-hidden=\"true\" class=\"e-font-icon-svg e-fas-minus\" viewBox=\"0 0 448 512\" xmlns=\"http:\/\/www.w3.org\/2000\/svg\"><path d=\"M416 208H32c-17.67 0-32 14.33-32 32v32c0 17.67 14.33 32 32 32h384c17.67 0 32-14.33 32-32v-32c0-17.67-14.33-32-32-32z\"><\/path><\/svg><\/span>\n\t\t\t<span class='e-closed'><svg aria-hidden=\"true\" class=\"e-font-icon-svg e-fas-plus\" viewBox=\"0 0 448 512\" xmlns=\"http:\/\/www.w3.org\/2000\/svg\"><path d=\"M416 208H272V64c0-17.67-14.33-32-32-32h-32c-17.67 0-32 14.33-32 32v144H32c-17.67 0-32 14.33-32 32v32c0 17.67 14.33 32 32 32h144v144c0 17.67 14.33 32 32 32h32c17.67 0 32-14.33 32-32V304h144c17.67 0 32-14.33 32-32v-32c0-17.67-14.33-32-32-32z\"><\/path><\/svg><\/span>\n\t\t<\/span>\n\n\t\t\t\t\t\t<\/summary>\n\t\t\t\t<div role=\"region\" aria-labelledby=\"e-n-accordion-item-1204\" class=\"elementor-element elementor-element-81a5661 e-flex e-con-boxed e-con e-child\" data-id=\"81a5661\" data-element_type=\"container\" data-e-type=\"container\">\n\t\t\t\t\t<div class=\"e-con-inner\">\n\t\t<div role=\"region\" aria-labelledby=\"e-n-accordion-item-1204\" class=\"elementor-element elementor-element-9b6bbc2 e-con-full e-flex e-con e-child\" data-id=\"9b6bbc2\" data-element_type=\"container\" data-e-type=\"container\">\n\t\t\t\t<div class=\"elementor-element elementor-element-cfdffd8 elementor-widget elementor-widget-text-editor\" data-id=\"cfdffd8\" data-element_type=\"widget\" data-e-type=\"widget\" data-widget_type=\"text-editor.default\">\n\t\t\t\t\t\t\t\t\t<p>Unternehmen sollten auf skalierbare Systeme setzen, die Lastmanagement, dynamische Steuerung und Schnittstellen f\u00fcr Energiemanagement integrieren. So bleibt die Ladeinfrastruktur flexibel und kann mit steigender Anzahl an Elektrofahrzeugen problemlos erweitert werden.<\/p>\t\t\t\t\t\t\t\t<\/div>\n\t\t\t\t<\/div>\n\t\t\t\t\t<\/div>\n\t\t\t\t<\/div>\n\t\t\t\t\t<\/details>\n\t\t\t\t\t<\/div>\n\t\t\t\t\t<script type=\"application\/ld+json\">{\"@context\":\"https:\\\/\\\/schema.org\",\"@type\":\"FAQPage\",\"mainEntity\":[{\"@type\":\"Question\",\"name\":\"Warum ist die Steuerung des Ladevorgangs bei Elektrofahrzeugen so wichtig?\",\"acceptedAnswer\":{\"@type\":\"Answer\",\"text\":\"Die intelligente Steuerung des Ladevorgangs sorgt f\\u00fcr eine effiziente Nutzung der Ladeinfrastruktur und verhindert Lastspitzen im Stromnetz. Dadurch k\\u00f6nnen Betreiber Kosten senken und die Netzstabilit\\u00e4t erh\\u00f6hen. F\\u00fcr E-Autofahrer bedeutet das: k\\u00fcrzere Ladezeiten und eine nachhaltige Energieversorgung.\"}},{\"@type\":\"Question\",\"name\":\"Welche Vorteile bietet ein Lastmanagement-System f\\u00fcr Ladeinfrastruktur?\",\"acceptedAnswer\":{\"@type\":\"Answer\",\"text\":\"Ein Lastmanagement-System verteilt die verf\\u00fcgbare Energie optimal auf alle angeschlossenen Fahrzeuge. So wird \\u00dcberlastung vermieden, die Betriebskosten sinken und die Ladepunkte k\\u00f6nnen auch bei hoher Nachfrage zuverl\\u00e4ssig genutzt werden. Besonders f\\u00fcr Flottenbetreiber ist dies entscheidend, um alle Fahrzeuge rechtzeitig einsatzbereit zu haben.\"}},{\"@type\":\"Question\",\"name\":\"Wie funktioniert die dynamische Steuerung des Ladevorgangs?\",\"acceptedAnswer\":{\"@type\":\"Answer\",\"text\":\"Die Kommunikation \\u00fcber Standards wie ISO 15118 erm\\u00f6glicht eine intelligente Abstimmung zwischen Fahrzeug und Ladepunkt. Dadurch k\\u00f6nnen Funktionen wie Plug &amp; Charge oder die automatische Anpassung der Ladeleistung umgesetzt werden \\u2013 f\\u00fcr mehr Komfort und Sicherheit beim Laden.\"}},{\"@type\":\"Question\",\"name\":\"Welche Rolle spielt die Kommunikation zwischen Fahrzeug und Ladepunkt?\",\"acceptedAnswer\":{\"@type\":\"Answer\",\"text\":\"Die Kommunikation \\u00fcber Standards wie ISO 15118 erm\\u00f6glicht eine intelligente Abstimmung zwischen Fahrzeug und Ladepunkt. Dadurch k\\u00f6nnen Funktionen wie Plug &amp; Charge oder die automatische Anpassung der Ladeleistung umgesetzt werden \\u2013 f\\u00fcr mehr Komfort und Sicherheit beim Laden.\"}},{\"@type\":\"Question\",\"name\":\"Wie k\\u00f6nnen Unternehmen ihre Ladeinfrastruktur zukunftssicher gestalten?\",\"acceptedAnswer\":{\"@type\":\"Answer\",\"text\":\"Unternehmen sollten auf skalierbare Systeme setzen, die Lastmanagement, dynamische Steuerung und Schnittstellen f\\u00fcr Energiemanagement integrieren. So bleibt die Ladeinfrastruktur flexibel und kann mit steigender Anzahl an Elektrofahrzeugen problemlos erweitert werden.\"}}]}<\/script>\n\t\t\t\t\t\t\t<\/div>\n\t\t<div class=\"elementor-element elementor-element-53ef93a cnt-space e-con-full e-flex e-con e-child\" data-id=\"53ef93a\" data-element_type=\"container\" data-e-type=\"container\" data-settings=\"{&quot;background_background&quot;:&quot;classic&quot;}\">\n\t\t<div class=\"elementor-element elementor-element-323fb87 cnt-space e-con-full e-flex e-con e-child\" data-id=\"323fb87\" data-element_type=\"container\" data-e-type=\"container\" data-settings=\"{&quot;background_background&quot;:&quot;classic&quot;}\">\n\t\t<div class=\"elementor-element elementor-element-0a2040c e-con-full e-flex e-con e-child\" data-id=\"0a2040c\" data-element_type=\"container\" data-e-type=\"container\">\n\t\t\t\t<div class=\"elementor-element elementor-element-795b208 elementor-widget elementor-widget-heading\" data-id=\"795b208\" data-element_type=\"widget\" data-e-type=\"widget\" data-widget_type=\"heading.default\">\n\t\t\t\t\t<h2 class=\"elementor-heading-title elementor-size-default\">Jetzt passende Produkte entdecken<\/h2>\t\t\t\t<\/div>\n\t\t\t\t<div class=\"elementor-element elementor-element-0086dee elementor-widget-divider--view-line elementor-widget elementor-widget-divider\" data-id=\"0086dee\" data-element_type=\"widget\" data-e-type=\"widget\" data-widget_type=\"divider.default\">\n\t\t\t\t\t\t\t<div class=\"elementor-divider\">\n\t\t\t<span class=\"elementor-divider-separator\">\n\t\t\t\t\t\t<\/span>\n\t\t<\/div>\n\t\t\t\t\t\t<\/div>\n\t\t\t\t<div class=\"elementor-element elementor-element-3c29388 elementor-widget elementor-widget-text-editor\" data-id=\"3c29388\" data-element_type=\"widget\" data-e-type=\"widget\" data-widget_type=\"text-editor.default\">\n\t\t\t\t\t\t\t\t\t<p>Hier finden Sie eine Auswahl relevanter Produkte \u2013 basierend auf den Themen und Empfehlungen aus unserem Blogbeitrag.<\/p>\t\t\t\t\t\t\t\t<\/div>\n\t\t\t\t<\/div>\n\t\t<div class=\"elementor-element elementor-element-b4f1ef1 e-con-full e-grid e-con e-child\" data-id=\"b4f1ef1\" data-element_type=\"container\" data-e-type=\"container\">\n\t\t<div class=\"elementor-element elementor-element-42cb759 e-con-full txt-box-grid txt-box-grid-dark-green e-flex e-con e-child\" data-id=\"42cb759\" data-element_type=\"container\" data-e-type=\"container\" data-settings=\"{&quot;background_background&quot;:&quot;classic&quot;}\">\n\t\t\t\t<div class=\"elementor-element elementor-element-f5c49c0 elementor-widget elementor-widget-image\" data-id=\"f5c49c0\" data-element_type=\"widget\" data-e-type=\"widget\" data-widget_type=\"image.default\">\n\t\t\t\t\t\t\t\t\t\t\t\t\t\t\t\t<a href=\"https:\/\/phoe.co\/CHARX_control_modular\" target=\"_blank\" rel=\"noopener\">\n\t\t\t\t\t\t\t<img decoding=\"async\" width=\"800\" height=\"800\" src=\"https:\/\/www.phoenixcontact-emobility.com\/wp-content\/uploads\/2025\/07\/00035057_1x1_5000.png\" class=\"attachment-large size-large wp-image-9969\" alt=\"AC-Ladesteuerung CHARX control modular\" srcset=\"https:\/\/www.phoenixcontact-emobility.com\/wp-content\/uploads\/2025\/07\/00035057_1x1_5000.png 1000w, https:\/\/www.phoenixcontact-emobility.com\/wp-content\/uploads\/2025\/07\/00035057_1x1_5000-300x300.png 300w, https:\/\/www.phoenixcontact-emobility.com\/wp-content\/uploads\/2025\/07\/00035057_1x1_5000-150x150.png 150w, https:\/\/www.phoenixcontact-emobility.com\/wp-content\/uploads\/2025\/07\/00035057_1x1_5000-768x768.png 768w\" sizes=\"(max-width: 800px) 100vw, 800px\" \/>\t\t\t\t\t\t\t\t<\/a>\n\t\t\t\t\t\t\t\t\t\t\t\t\t\t\t<\/div>\n\t\t\t\t<div class=\"elementor-element elementor-element-adf8303 elementor-widget elementor-widget-heading\" data-id=\"adf8303\" data-element_type=\"widget\" data-e-type=\"widget\" data-widget_type=\"heading.default\">\n\t\t\t\t\t<h3 class=\"elementor-heading-title elementor-size-default\"><a href=\"https:\/\/phoe.co\/CHARX_control_modular\" target=\"_blank\" rel=\"noopener\">AC-Ladesteuerung<\/a><\/h3>\t\t\t\t<\/div>\n\t\t\t\t<div class=\"elementor-element elementor-element-7456385 elementor-align-right pc-tertiary-link elementor-widget elementor-widget-button\" data-id=\"7456385\" data-element_type=\"widget\" data-e-type=\"widget\" data-widget_type=\"button.default\">\n\t\t\t\t\t\t\t\t\t\t<a class=\"elementor-button elementor-button-link elementor-size-sm\" href=\"https:\/\/phoe.co\/CHARX_control_modular\" target=\"_blank\" rel=\"noopener\">\n\t\t\t\t\t\t<span class=\"elementor-button-content-wrapper\">\n\t\t\t\t\t\t<span class=\"elementor-button-icon\">\n\t\t\t\t<svg aria-hidden=\"true\" class=\"e-font-icon-svg e-fas-arrow-right\" viewBox=\"0 0 448 512\" xmlns=\"http:\/\/www.w3.org\/2000\/svg\"><path d=\"M190.5 66.9l22.2-22.2c9.4-9.4 24.6-9.4 33.9 0L441 239c9.4 9.4 9.4 24.6 0 33.9L246.6 467.3c-9.4 9.4-24.6 9.4-33.9 0l-22.2-22.2c-9.5-9.5-9.3-25 .4-34.3L311.4 296H24c-13.3 0-24-10.7-24-24v-32c0-13.3 10.7-24 24-24h287.4L190.9 101.2c-9.8-9.3-10-24.8-.4-34.3z\"><\/path><\/svg>\t\t\t<\/span>\n\t\t\t\t\t\t\t\t\t<span class=\"elementor-button-text\">Mehr erfahren<\/span>\n\t\t\t\t\t<\/span>\n\t\t\t\t\t<\/a>\n\t\t\t\t\t\t\t\t<\/div>\n\t\t\t\t<\/div>\n\t\t<div class=\"elementor-element elementor-element-cdaab02 e-con-full txt-box-grid txt-box-grid-dark-green e-flex e-con e-child\" data-id=\"cdaab02\" data-element_type=\"container\" data-e-type=\"container\" data-settings=\"{&quot;background_background&quot;:&quot;classic&quot;}\">\n\t\t\t\t<div class=\"elementor-element elementor-element-3661411 elementor-widget elementor-widget-image\" data-id=\"3661411\" data-element_type=\"widget\" data-e-type=\"widget\" data-widget_type=\"image.default\">\n\t\t\t\t\t\t\t\t\t\t\t\t\t\t\t\t<a href=\"http:\/\/www.phoenixcontact.net\/webcode\/#3482\" target=\"_blank\" rel=\"noopener\">\n\t\t\t\t\t\t\t<img loading=\"lazy\" decoding=\"async\" width=\"800\" height=\"800\" src=\"https:\/\/www.phoenixcontact-emobility.com\/wp-content\/uploads\/2025\/10\/00207426_1x1_1000.png\" class=\"attachment-large size-large wp-image-11870\" alt=\"AC-Energiez\u00e4hler\" srcset=\"https:\/\/www.phoenixcontact-emobility.com\/wp-content\/uploads\/2025\/10\/00207426_1x1_1000.png 1000w, https:\/\/www.phoenixcontact-emobility.com\/wp-content\/uploads\/2025\/10\/00207426_1x1_1000-300x300.png 300w, https:\/\/www.phoenixcontact-emobility.com\/wp-content\/uploads\/2025\/10\/00207426_1x1_1000-150x150.png 150w, https:\/\/www.phoenixcontact-emobility.com\/wp-content\/uploads\/2025\/10\/00207426_1x1_1000-768x768.png 768w\" sizes=\"(max-width: 800px) 100vw, 800px\" \/>\t\t\t\t\t\t\t\t<\/a>\n\t\t\t\t\t\t\t\t\t\t\t\t\t\t\t<\/div>\n\t\t\t\t<div class=\"elementor-element elementor-element-fee0520 elementor-widget elementor-widget-heading\" data-id=\"fee0520\" data-element_type=\"widget\" data-e-type=\"widget\" data-widget_type=\"heading.default\">\n\t\t\t\t\t<h3 class=\"elementor-heading-title elementor-size-default\"><a href=\"http:\/\/www.phoenixcontact.net\/webcode\/#3482\" target=\"_blank\" rel=\"noopener\">AC-Energiez\u00e4hler<\/a><\/h3>\t\t\t\t<\/div>\n\t\t\t\t<div class=\"elementor-element elementor-element-ab1b6cc elementor-align-right pc-tertiary-link elementor-widget elementor-widget-button\" data-id=\"ab1b6cc\" data-element_type=\"widget\" data-e-type=\"widget\" data-widget_type=\"button.default\">\n\t\t\t\t\t\t\t\t\t\t<a class=\"elementor-button elementor-button-link elementor-size-sm\" href=\"http:\/\/www.phoenixcontact.net\/webcode\/#3482\" target=\"_blank\" rel=\"noopener\">\n\t\t\t\t\t\t<span class=\"elementor-button-content-wrapper\">\n\t\t\t\t\t\t<span class=\"elementor-button-icon\">\n\t\t\t\t<svg aria-hidden=\"true\" class=\"e-font-icon-svg e-fas-arrow-right\" viewBox=\"0 0 448 512\" xmlns=\"http:\/\/www.w3.org\/2000\/svg\"><path d=\"M190.5 66.9l22.2-22.2c9.4-9.4 24.6-9.4 33.9 0L441 239c9.4 9.4 9.4 24.6 0 33.9L246.6 467.3c-9.4 9.4-24.6 9.4-33.9 0l-22.2-22.2c-9.5-9.5-9.3-25 .4-34.3L311.4 296H24c-13.3 0-24-10.7-24-24v-32c0-13.3 10.7-24 24-24h287.4L190.9 101.2c-9.8-9.3-10-24.8-.4-34.3z\"><\/path><\/svg>\t\t\t<\/span>\n\t\t\t\t\t\t\t\t\t<span class=\"elementor-button-text\">Mehr erfahren<\/span>\n\t\t\t\t\t<\/span>\n\t\t\t\t\t<\/a>\n\t\t\t\t\t\t\t\t<\/div>\n\t\t\t\t<\/div>\n\t\t<div class=\"elementor-element elementor-element-6d447a7 e-con-full txt-box-grid txt-box-grid-dark-green e-flex e-con e-child\" data-id=\"6d447a7\" data-element_type=\"container\" data-e-type=\"container\" data-settings=\"{&quot;background_background&quot;:&quot;classic&quot;}\">\n\t\t\t\t<div class=\"elementor-element elementor-element-173befa elementor-widget elementor-widget-image\" data-id=\"173befa\" data-element_type=\"widget\" data-e-type=\"widget\" data-widget_type=\"image.default\">\n\t\t\t\t\t\t\t\t\t\t\t\t\t\t\t\t<a href=\"http:\/\/www.phoenixcontact.net\/webcode\/#1024\" target=\"_blank\" rel=\"noopener\">\n\t\t\t\t\t\t\t<img loading=\"lazy\" decoding=\"async\" width=\"500\" height=\"500\" src=\"https:\/\/www.phoenixcontact-emobility.com\/wp-content\/uploads\/2025\/07\/00195050_1x1_5000.png\" class=\"attachment-large size-large wp-image-10304\" alt=\"\" srcset=\"https:\/\/www.phoenixcontact-emobility.com\/wp-content\/uploads\/2025\/07\/00195050_1x1_5000.png 500w, https:\/\/www.phoenixcontact-emobility.com\/wp-content\/uploads\/2025\/07\/00195050_1x1_5000-300x300.png 300w, https:\/\/www.phoenixcontact-emobility.com\/wp-content\/uploads\/2025\/07\/00195050_1x1_5000-150x150.png 150w\" sizes=\"(max-width: 500px) 100vw, 500px\" \/>\t\t\t\t\t\t\t\t<\/a>\n\t\t\t\t\t\t\t\t\t\t\t\t\t\t\t<\/div>\n\t\t\t\t<div class=\"elementor-element elementor-element-e4b59b3 elementor-widget elementor-widget-heading\" data-id=\"e4b59b3\" data-element_type=\"widget\" data-e-type=\"widget\" data-widget_type=\"heading.default\">\n\t\t\t\t\t<h3 class=\"elementor-heading-title elementor-size-default\"><a href=\"http:\/\/www.phoenixcontact.net\/webcode\/#1024\" target=\"_blank\" rel=\"noopener\">DC-Ladekabel<\/a><\/h3>\t\t\t\t<\/div>\n\t\t\t\t<div class=\"elementor-element elementor-element-24140fa elementor-align-right pc-tertiary-link elementor-widget elementor-widget-button\" data-id=\"24140fa\" data-element_type=\"widget\" data-e-type=\"widget\" data-widget_type=\"button.default\">\n\t\t\t\t\t\t\t\t\t\t<a class=\"elementor-button elementor-button-link elementor-size-sm\" href=\"http:\/\/www.phoenixcontact.net\/webcode\/#1024\" target=\"_blank\" rel=\"noopener\">\n\t\t\t\t\t\t<span class=\"elementor-button-content-wrapper\">\n\t\t\t\t\t\t<span class=\"elementor-button-icon\">\n\t\t\t\t<svg aria-hidden=\"true\" class=\"e-font-icon-svg e-fas-arrow-right\" viewBox=\"0 0 448 512\" xmlns=\"http:\/\/www.w3.org\/2000\/svg\"><path d=\"M190.5 66.9l22.2-22.2c9.4-9.4 24.6-9.4 33.9 0L441 239c9.4 9.4 9.4 24.6 0 33.9L246.6 467.3c-9.4 9.4-24.6 9.4-33.9 0l-22.2-22.2c-9.5-9.5-9.3-25 .4-34.3L311.4 296H24c-13.3 0-24-10.7-24-24v-32c0-13.3 10.7-24 24-24h287.4L190.9 101.2c-9.8-9.3-10-24.8-.4-34.3z\"><\/path><\/svg>\t\t\t<\/span>\n\t\t\t\t\t\t\t\t\t<span class=\"elementor-button-text\">Mehr erfahren<\/span>\n\t\t\t\t\t<\/span>\n\t\t\t\t\t<\/a>\n\t\t\t\t\t\t\t\t<\/div>\n\t\t\t\t<\/div>\n\t\t\t\t<\/div>\n\t\t\t\t<\/div>\n\t\t\t\t<\/div>\n\t\t\t\t<\/div>\n\t\t\t\t\t<\/div>\n\t\t\t\t<\/div>\n\t\t<div class=\"elementor-element elementor-element-2cd7967 e-flex e-con-boxed e-con e-parent\" data-id=\"2cd7967\" data-element_type=\"container\" data-e-type=\"container\">\n\t\t\t\t\t<div class=\"e-con-inner\">\n\t\t\t\t\t<\/div>\n\t\t\t\t<\/div>\n\t\t\t\t<\/div>\n\t\t","protected":false},"excerpt":{"rendered":"<p>Die Frage, wie sich ein Ladevorgang optimal steuern l\u00e4sst, ist zentral f\u00fcr die Ladeinfrastruktur von Elektrofahrzeugen. Die Funktionseinheit \u201eSteuern und \u00dcberwachen\u201c ist eine von mehreren Funktionseinheiten einer Ladestation. Hier werden Informationen gesammelt, verarbeitet und der Ladevorgang gesteuert. Dabei erfolgt ein Datenaustausch zwischen Ladestation, Fahrzeug, Nutzern und weiteren Systemen. Trotz identischer funktioneller Anforderungen wird zwischen\u00a0AC- und [&hellip;]<\/p>\n","protected":false},"author":10,"featured_media":11851,"comment_status":"closed","ping_status":"closed","sticky":false,"template":"","format":"standard","meta":{"_acf_changed":false,"footnotes":""},"categories":[40],"tags":[261,269],"class_list":["post-11848","post","type-post","status-publish","format-standard","has-post-thumbnail","hentry","category-ladeinfrastruktur","tag-ac-laden","tag-dc-laden"],"acf":[],"_links":{"self":[{"href":"https:\/\/www.phoenixcontact-emobility.com\/de\/wp-json\/wp\/v2\/posts\/11848","targetHints":{"allow":["GET"]}}],"collection":[{"href":"https:\/\/www.phoenixcontact-emobility.com\/de\/wp-json\/wp\/v2\/posts"}],"about":[{"href":"https:\/\/www.phoenixcontact-emobility.com\/de\/wp-json\/wp\/v2\/types\/post"}],"author":[{"embeddable":true,"href":"https:\/\/www.phoenixcontact-emobility.com\/de\/wp-json\/wp\/v2\/users\/10"}],"replies":[{"embeddable":true,"href":"https:\/\/www.phoenixcontact-emobility.com\/de\/wp-json\/wp\/v2\/comments?post=11848"}],"version-history":[{"count":0,"href":"https:\/\/www.phoenixcontact-emobility.com\/de\/wp-json\/wp\/v2\/posts\/11848\/revisions"}],"wp:featuredmedia":[{"embeddable":true,"href":"https:\/\/www.phoenixcontact-emobility.com\/de\/wp-json\/wp\/v2\/media\/11851"}],"wp:attachment":[{"href":"https:\/\/www.phoenixcontact-emobility.com\/de\/wp-json\/wp\/v2\/media?parent=11848"}],"wp:term":[{"taxonomy":"category","embeddable":true,"href":"https:\/\/www.phoenixcontact-emobility.com\/de\/wp-json\/wp\/v2\/categories?post=11848"},{"taxonomy":"post_tag","embeddable":true,"href":"https:\/\/www.phoenixcontact-emobility.com\/de\/wp-json\/wp\/v2\/tags?post=11848"}],"curies":[{"name":"wp","href":"https:\/\/api.w.org\/{rel}","templated":true}]}}