{"id":12785,"date":"2025-12-05T09:00:47","date_gmt":"2025-12-05T07:00:47","guid":{"rendered":"https:\/\/www.phoenixcontact-emobility.com\/?p=12785"},"modified":"2025-12-10T14:31:30","modified_gmt":"2025-12-10T12:31:30","slug":"vde-studie-bidirektionales-laden-und-alltagstaugliche-ladeinfrastruktur-im-fokus","status":"publish","type":"post","link":"https:\/\/www.phoenixcontact-emobility.com\/de\/news-und-events\/ladeinfrastruktur\/vde-studie-bidirektionales-laden-und-alltagstaugliche-ladeinfrastruktur-im-fokus\/","title":{"rendered":"VDE-Studie: Bidirektionales Laden und alltagstaugliche Ladeinfrastruktur im Fokus"},"content":{"rendered":"\t\t<div data-elementor-type=\"wp-post\" data-elementor-id=\"12785\" class=\"elementor elementor-12785 elementor-12784\" data-elementor-post-type=\"post\">\n\t\t\t\t<div class=\"elementor-element elementor-element-58b9d77 e-con-full e-flex e-con e-parent\" data-id=\"58b9d77\" data-element_type=\"container\" data-e-type=\"container\" data-settings=\"{&quot;background_background&quot;:&quot;classic&quot;}\">\n\t\t<div class=\"elementor-element elementor-element-e72b74a e-con-full e-flex e-con e-child\" data-id=\"e72b74a\" data-element_type=\"container\" data-e-type=\"container\">\n\t\t\t\t<div class=\"elementor-element elementor-element-c6fac2d elementor-widget elementor-widget-text-editor\" data-id=\"c6fac2d\" data-element_type=\"widget\" data-e-type=\"widget\" data-widget_type=\"text-editor.default\">\n\t\t\t\t\t\t\t\t\t<p><span class=\"TextRun SCXW251224858 BCX8\" lang=\"DE-DE\" xml:lang=\"DE-DE\" data-contrast=\"auto\"><span class=\"NormalTextRun SCXW251224858 BCX8\">Elektromobilit\u00e4t spielt eine Schl\u00fcsselrolle f\u00fcr den Klimaschutz, die Energiewende sowie die industrielle Wertsch\u00f6pfung.<\/span><\/span><span class=\"EOP SCXW251224858 BCX8\" data-ccp-props=\"{}\">\u00a0<\/span><\/p>\t\t\t\t\t\t\t\t<\/div>\n\t\t\t\t<div class=\"elementor-element elementor-element-83f55a0 elementor-widget elementor-widget-heading\" data-id=\"83f55a0\" data-element_type=\"widget\" data-e-type=\"widget\" data-widget_type=\"heading.default\">\n\t\t\t\t\t<h2 class=\"elementor-heading-title elementor-size-default\">Die VDE-Studie im \u00dcberblick<\/h2>\t\t\t\t<\/div>\n\t\t\t\t<div class=\"elementor-element elementor-element-8f89edb elementor-widget elementor-widget-text-editor\" data-id=\"8f89edb\" data-element_type=\"widget\" data-e-type=\"widget\" data-widget_type=\"text-editor.default\">\n\t\t\t\t\t\t\t\t\t<p><span class=\"TextRun SCXW69430686 BCX8\" lang=\"DE-DE\" xml:lang=\"DE-DE\" data-contrast=\"auto\"><span class=\"NormalTextRun SCXW69430686 BCX8\">Die aktuelle<\/span><span class=\"NormalTextRun SCXW69430686 BCX8\">\u00a0<\/span><span class=\"NormalTextRun SCXW69430686 BCX8\">Studie \u201e<\/span><\/span><a class=\"Hyperlink SCXW69430686 BCX8\" href=\"https:\/\/www.vde.com\/resource\/blob\/2410934\/ff9580a6fc10e7ac75284e29220e6d7c\/studie-data.pdf\" target=\"_blank\" rel=\"noreferrer noopener\"><span class=\"TextRun Underlined SCXW69430686 BCX8\" lang=\"DE-DE\" xml:lang=\"DE-DE\" data-contrast=\"none\"><span class=\"NormalTextRun SCXW69430686 BCX8\" data-ccp-charstyle=\"Hyperlink\">Energiegeladen in die Zukunft<\/span><\/span><\/a><span class=\"TextRun SCXW69430686 BCX8\" lang=\"DE-DE\" xml:lang=\"DE-DE\" data-contrast=\"auto\"><span class=\"NormalTextRun SCXW69430686 BCX8\">\u201c\u00a0<\/span><span class=\"NormalTextRun SCXW69430686 BCX8\">des VDE (Verband der Elektrotechnik Elektronik Informationstechnik\u00a0<\/span><\/span><span class=\"TextRun SCXW69430686 BCX8\" lang=\"DE-DE\" xml:lang=\"DE-DE\" data-contrast=\"auto\"><span class=\"NormalTextRun SCXW69430686 BCX8\">e.V.)\u00a0<\/span><span class=\"NormalTextRun SCXW69430686 BCX8\">beleuchtet die Rolle der Elektromobilit\u00e4t als zentralen Baustein f\u00fcr die Energiewende und Klimaneutralit\u00e4t bis 2045.\u00a0<\/span><\/span><span class=\"TextRun SCXW69430686 BCX8\" lang=\"DE-DE\" xml:lang=\"DE-DE\" data-contrast=\"auto\"><span class=\"NormalTextRun SCXW69430686 BCX8\">Die Stud<\/span><span class=\"NormalTextRun SCXW69430686 BCX8\">ie\u00a0<\/span><span class=\"NormalTextRun SCXW69430686 BCX8\">erl\u00e4utert<\/span><span class=\"NormalTextRun SCXW69430686 BCX8\">, wie Elektrofahrzeuge nicht nur den Verkehr\u00a0<\/span><span class=\"NormalTextRun SCXW69430686 BCX8\">dekarbonisieren<\/span><span class=\"NormalTextRun SCXW69430686 BCX8\">, sondern auch als integraler Bestandteil eines flexiblen Energiesystems wirken k\u00f6nnen.<\/span><\/span><span class=\"EOP SCXW69430686 BCX8\" data-ccp-props=\"{}\">\u00a0<\/span><\/p><p><span class=\"TextRun SCXW19585682 BCX8\" lang=\"DE-DE\" xml:lang=\"DE-DE\" data-contrast=\"auto\"><span class=\"NormalTextRun SCXW19585682 BCX8\">Zentrale Elemente\u00a0<\/span><span class=\"NormalTextRun SCXW19585682 BCX8\">der Studie<\/span><span class=\"NormalTextRun SCXW19585682 BCX8\">\u00a0<\/span><span class=\"NormalTextRun SCXW19585682 BCX8\">sind das\u00a0<\/span><\/span><span class=\"TextRun SCXW19585682 BCX8\" lang=\"DE-DE\" xml:lang=\"DE-DE\" data-contrast=\"auto\"><span class=\"NormalTextRun SCXW19585682 BCX8\">bidirektionale Laden<\/span><\/span><span class=\"TextRun SCXW19585682 BCX8\" lang=\"DE-DE\" xml:lang=\"DE-DE\" data-contrast=\"auto\"><span class=\"NormalTextRun SCXW19585682 BCX8\">\u00a0und eine<\/span><span class=\"NormalTextRun SCXW19585682 BCX8\">\u00a0<\/span><\/span><span class=\"TextRun SCXW19585682 BCX8\" lang=\"DE-DE\" xml:lang=\"DE-DE\" data-contrast=\"auto\"><span class=\"NormalTextRun SCXW19585682 BCX8\">fl\u00e4chendeckende,\u00a0<\/span><\/span><span class=\"TextRun SCXW19585682 BCX8\" lang=\"DE-DE\" xml:lang=\"DE-DE\" data-contrast=\"auto\"><span class=\"NormalTextRun SCXW19585682 BCX8\">alltagstaugliche Ladeinfrastruktur<\/span><\/span><span class=\"TextRun SCXW19585682 BCX8\" lang=\"DE-DE\" xml:lang=\"DE-DE\" data-contrast=\"auto\"><span class=\"NormalTextRun SCXW19585682 BCX8\">.\u00a0<\/span><\/span><span class=\"EOP SCXW19585682 BCX8\" data-ccp-props=\"{}\">\u00a0<\/span><\/p>\t\t\t\t\t\t\t\t<\/div>\n\t\t\t\t<div class=\"elementor-element elementor-element-37c9129 elementor-widget elementor-widget-heading\" data-id=\"37c9129\" data-element_type=\"widget\" data-e-type=\"widget\" data-widget_type=\"heading.default\">\n\t\t\t\t\t<h2 class=\"elementor-heading-title elementor-size-default\">Bidirektionales Laden<\/h2>\t\t\t\t<\/div>\n\t\t\t\t<div class=\"elementor-element elementor-element-e82c2c2 elementor-widget elementor-widget-text-editor\" data-id=\"e82c2c2\" data-element_type=\"widget\" data-e-type=\"widget\" data-widget_type=\"text-editor.default\">\n\t\t\t\t\t\t\t\t\t<h3>Mehr Flexibilit\u00e4t im Energiesystem<\/h3>\t\t\t\t\t\t\t\t<\/div>\n\t\t\t\t<div class=\"elementor-element elementor-element-019f4d7 elementor-widget elementor-widget-text-editor\" data-id=\"019f4d7\" data-element_type=\"widget\" data-e-type=\"widget\" data-widget_type=\"text-editor.default\">\n\t\t\t\t\t\t\t\t\t<p><span class=\"TextRun SCXW182065552 BCX8\" lang=\"DE-DE\" xml:lang=\"DE-DE\" data-contrast=\"auto\"><span class=\"NormalTextRun SCXW182065552 BCX8\">Ein zentrales Thema der\u00a0<\/span><span class=\"NormalTextRun SCXW182065552 BCX8\">VDE-<\/span><span class=\"NormalTextRun SCXW182065552 BCX8\">Studie\u00a0<\/span><span class=\"NormalTextRun SCXW182065552 BCX8\">ist die F\u00e4higkeit von Elektrofahrzeugen,<\/span><span class=\"NormalTextRun SCXW182065552 BCX8\">\u00a0nicht nur Strom zu laden, sondern auch Energie wieder ins Stromnetz oder in Geb\u00e4ude\u00a0<\/span><span class=\"NormalTextRun CommentStart CommentHighlightPipeRest CommentHighlightRest SCXW182065552 BCX8\">zur\u00fcckzuspeisen<\/span><span class=\"NormalTextRun CommentHighlightRest SCXW182065552 BCX8\">.<\/span><span class=\"NormalTextRun CommentHighlightPipeRest SCXW182065552 BCX8\">\u00a0<\/span><span class=\"NormalTextRun SCXW182065552 BCX8\">Beim\u00a0<\/span><\/span><a class=\"Hyperlink SCXW182065552 BCX8\" href=\"https:\/\/www.phoenixcontact-emobility.com\/de\/news-und-events\/ladeinfrastruktur\/bidirektionales-laden-vehicle-to-grid-home\/\" target=\"_blank\" rel=\"noreferrer noopener\"><span class=\"TextRun Underlined SCXW182065552 BCX8\" lang=\"DE-DE\" xml:lang=\"DE-DE\" data-contrast=\"none\"><span class=\"NormalTextRun SCXW182065552 BCX8\" data-ccp-charstyle=\"Hyperlink\">bidirektionalen Laden<\/span><\/span><\/a><span class=\"TextRun SCXW182065552 BCX8\" lang=\"DE-DE\" xml:lang=\"DE-DE\" data-contrast=\"auto\"><span class=\"NormalTextRun SCXW182065552 BCX8\">\u00a0fungiert das E<\/span><span class=\"NormalTextRun SCXW182065552 BCX8\">lektrofahrzeug\u00a0<\/span><span class=\"NormalTextRun SCXW182065552 BCX8\">als\u00a0<\/span><span class=\"NormalTextRun CommentStart CommentHighlightPipeRest CommentHighlightRest SCXW182065552 BCX8\">mobiler\u00a0<\/span><span class=\"NormalTextRun CommentHighlightPipeRest SCXW182065552 BCX8\">Energiespeicher.<\/span><span class=\"NormalTextRun SCXW182065552 BCX8\">\u00a0Mit Vehicle-<\/span><span class=\"NormalTextRun SpellingErrorV2Themed SCXW182065552 BCX8\">to<\/span><span class=\"NormalTextRun SCXW182065552 BCX8\">&#8211;<\/span><span class=\"NormalTextRun SpellingErrorV2Themed SCXW182065552 BCX8\">Grid<\/span><span class=\"NormalTextRun SCXW182065552 BCX8\">\u00a0(V2G) wird\u00a0<\/span><span class=\"NormalTextRun SCXW182065552 BCX8\">bei Bedarf<\/span><span class=\"NormalTextRun SCXW182065552 BCX8\">\u00a0<\/span><span class=\"NormalTextRun SCXW182065552 BCX8\">Energie aus der Fahrzeugbatterie ins \u00f6ffentliche Netz eingespeist, w\u00e4hrend<\/span><span class=\"NormalTextRun SCXW182065552 BCX8\">\u00a0mit<\/span><span class=\"NormalTextRun SCXW182065552 BCX8\">\u00a0Vehicle-<\/span><span class=\"NormalTextRun SpellingErrorV2Themed SCXW182065552 BCX8\">to<\/span><span class=\"NormalTextRun SCXW182065552 BCX8\">-Home (V2H) die\u00a0<\/span><span class=\"NormalTextRun SCXW182065552 BCX8\">Fahrzeugenergie f\u00fcr die\u00a0<\/span><span class=\"NormalTextRun SCXW182065552 BCX8\">Versorgung eines Hauses<\/span><span class=\"NormalTextRun SCXW182065552 BCX8\">\u00a0bereitgestellt wird<\/span><span class=\"NormalTextRun SCXW182065552 BCX8\">.<\/span><\/span><span class=\"EOP SCXW182065552 BCX8\" data-ccp-props=\"{}\">\u00a0<\/span><\/p>\t\t\t\t\t\t\t\t<\/div>\n\t\t\t\t<div class=\"elementor-element elementor-element-c5c0fbc elementor-widget elementor-widget-text-editor\" data-id=\"c5c0fbc\" data-element_type=\"widget\" data-e-type=\"widget\" data-widget_type=\"text-editor.default\">\n\t\t\t\t\t\t\t\t\t<h3><span data-contrast=\"auto\">Gesetzliche Rahmenbedingungen f\u00fcr bidirektionales Laden ab 2026<\/span><\/h3>\t\t\t\t\t\t\t\t<\/div>\n\t\t\t\t<div class=\"elementor-element elementor-element-5ecbf53 elementor-widget elementor-widget-text-editor\" data-id=\"5ecbf53\" data-element_type=\"widget\" data-e-type=\"widget\" data-widget_type=\"text-editor.default\">\n\t\t\t\t\t\t\t\t\t<p><span class=\"EOP SCXW69430686 BCX8\" data-ccp-props=\"{}\">Am 13. November 2026 hat der Bundestag eine bedeutende \u00c4nderung im Energiewirtschaftsgesetz (EnWG) verabschiedet: Ab 2026 das wirtschaftliche bidirektionale Laden erm\u00f6glicht und damit der Weg f\u00fcr Vehicle-to-Grid (V2G) in Deutschland geebnet.\u00a0 <\/span><\/p><p>Durch die Abschaffung von Doppelbelastungen bei Netzentgelten und die Befreiung der Stromsteuer wird das bidirektionale Laden f\u00fcr Verbraucher attraktiver und unterst\u00fctzt den Ausbau der E-Mobilit\u00e4t. Dr. Marcus Bollig, Gesch\u00e4ftsf\u00fchrer VDA (Verband der Automobilindustrie) erkl\u00e4rt in seiner VDA-Kommentierung vom 14.11.2025, dass das bidirektionale Laden eine zentrale Zukunftstechnologie f\u00fcr die Attraktivit\u00e4t der E-Mobilit\u00e4t ist, ebenso wie f\u00fcr ein vernetztes Energiesystem <span data-contrast=\"auto\">[Quelle:<\/span><span data-contrast=\"none\">\u00a0<\/span><span data-contrast=\"none\"><a href=\"https:\/\/www.vda.de\/de\/presse\/Pressemeldungen\/2025\/251114_VDA-Kommentierung_bidirektionales_Laden\" target=\"_blank\" rel=\"noopener\">VDA-Kommentierung zum bidirektionalem Laden | VDA<\/a>].<\/span><span data-ccp-props=\"{}\">\u00a0<\/span><\/p>\t\t\t\t\t\t\t\t<\/div>\n\t\t\t\t<div class=\"elementor-element elementor-element-193a1ef elementor-widget elementor-widget-heading\" data-id=\"193a1ef\" data-element_type=\"widget\" data-e-type=\"widget\" data-widget_type=\"heading.default\">\n\t\t\t\t\t<h2 class=\"elementor-heading-title elementor-size-default\">Ladeinfrastruktur<\/h2>\t\t\t\t<\/div>\n\t\t\t\t<div class=\"elementor-element elementor-element-036a713 elementor-widget elementor-widget-text-editor\" data-id=\"036a713\" data-element_type=\"widget\" data-e-type=\"widget\" data-widget_type=\"text-editor.default\">\n\t\t\t\t\t\t\t\t\t<h3>Alltagstauglichkeit und fl\u00e4chendeckender Ausbau<\/h3>\t\t\t\t\t\t\t\t<\/div>\n\t\t\t\t<div class=\"elementor-element elementor-element-e84569b elementor-widget elementor-widget-text-editor\" data-id=\"e84569b\" data-element_type=\"widget\" data-e-type=\"widget\" data-widget_type=\"text-editor.default\">\n\t\t\t\t\t\t\t\t\t<p><span class=\"TextRun SCXW201224671 BCX8\" lang=\"DE-DE\" xml:lang=\"DE-DE\" data-contrast=\"auto\"><span class=\"NormalTextRun SCXW201224671 BCX8\">Die\u00a0<\/span><span class=\"NormalTextRun SCXW201224671 BCX8\">Studie macht<\/span><span class=\"NormalTextRun SCXW201224671 BCX8\">\u00a0au\u00dferdem<\/span><span class=\"NormalTextRun SCXW201224671 BCX8\">\u00a0deutlich: Ohne eine fl\u00e4chendeckende, leistungsf\u00e4hige Ladeinfrastruktur bleibt die Elektromobilit\u00e4t hinter ihren M\u00f6glichkeiten zur\u00fcck. Besonders wichtig sind Schnellladepunkte und einheitliche Standards f\u00fcr Kommunikation und Abrechnung.<\/span><\/span><span class=\"EOP SCXW201224671 BCX8\" data-ccp-props=\"{}\">\u00a0<\/span><\/p><p><span class=\"TextRun SCXW149935229 BCX8\" lang=\"DE-DE\" xml:lang=\"DE-DE\" data-contrast=\"none\"><span class=\"NormalTextRun SCXW149935229 BCX8\">Die Europ\u00e4ische Union\u00a0<\/span><span class=\"NormalTextRun SCXW149935229 BCX8\">setzt\u00a0<\/span><span class=\"NormalTextRun SCXW149935229 BCX8\">mit der\u00a0<\/span><span class=\"NormalTextRun SCXW149935229 BCX8\">AFIR-Verordnung\u00a0<\/span><span class=\"NormalTextRun SCXW149935229 BCX8\">verbindlichen Rahmenbedingungen f\u00fcr\u00a0<\/span><span class=\"NormalTextRun SCXW149935229 BCX8\">den fl\u00e4chendeckenden Ausbau der Ladeinfrastruktur. Bis 2030 soll entlang aller wichtigen Handelsrouten im Abstand von 60 bis 100 Kilometern jeweils eine Ladestation mit einer Mindestleistung von 350 kW installiert werden, um Lkw-Fahrern ein effizientes Laden w\u00e4hrend ihrer Ruhezeiten zu erm\u00f6glichen. Zus\u00e4tzlich wird die\u00a0<\/span><span class=\"NormalTextRun SCXW149935229 BCX8\">Ladeinfrastruktur\u00a0<\/span><span class=\"NormalTextRun SCXW149935229 BCX8\">durch weitere Ladepunkte an Parkpl\u00e4tzen und urbanen Verkehrsknoten erg\u00e4nzt.<\/span><\/span><span class=\"EOP SCXW149935229 BCX8\" data-ccp-props=\"{}\">\u00a0<\/span><\/p>\t\t\t\t\t\t\t\t<\/div>\n\t\t\t\t<div class=\"elementor-element elementor-element-f24f2e7 elementor-widget elementor-widget-text-editor\" data-id=\"f24f2e7\" data-element_type=\"widget\" data-e-type=\"widget\" data-widget_type=\"text-editor.default\">\n\t\t\t\t\t\t\t\t\t<h3><span class=\"TextRun SCXW1958000 BCX8\" lang=\"EN-GB\" xml:lang=\"EN-GB\" data-contrast=\"none\"><span class=\"NormalTextRun SCXW1958000 BCX8\">VDE E-Mobility Conference 2025<\/span><\/span><\/h3>\t\t\t\t\t\t\t\t<\/div>\n\t\t\t\t<div class=\"elementor-element elementor-element-c62a5c8 elementor-widget elementor-widget-text-editor\" data-id=\"c62a5c8\" data-element_type=\"widget\" data-e-type=\"widget\" data-widget_type=\"text-editor.default\">\n\t\t\t\t\t\t\t\t\t<p><span data-contrast=\"none\">Die VDE-Studie \u201e<\/span><a href=\"https:\/\/www.vde.com\/resource\/blob\/2410934\/ff9580a6fc10e7ac75284e29220e6d7c\/studie-data.pdf\" target=\"_blank\" rel=\"noopener\"><span data-contrast=\"none\">Energiegeladen in die Zukunft<\/span><\/a><span data-contrast=\"none\">\u201c wurde erstmals auf der\u00a0<\/span><a href=\"https:\/\/www.vde.com\/e-mobility-conference\" target=\"_blank\" rel=\"noopener\"><span data-contrast=\"none\">VDE E-Mobility Conference 2025<\/span><\/a><span data-contrast=\"none\">\u00a0pr\u00e4sentiert. Fachleute aus Politik, Industrie und Forschung\u00a0diskutierten \u00fcber\u00a0die Bedeutung der\u00a0Elektromobilit\u00e4t als Schl\u00fcssel f\u00fcr die Energie- und Mobilit\u00e4tswende.\u00a0<\/span><span data-ccp-props=\"{}\">\u00a0<\/span><\/p><p><span data-contrast=\"none\">Im Mittelpunkt\u00a0standen Themen wie: fl\u00e4chendeckende Ladeinfrastruktur, bidirektionales Laden und Megawatt-Laden\u00a0f\u00fcr Nutzfahrzeuge.<\/span><span data-ccp-props=\"{}\">\u00a0<\/span><\/p>\t\t\t\t\t\t\t\t<\/div>\n\t\t\t\t<div class=\"elementor-element elementor-element-a6c6109 elementor-widget elementor-widget-text-editor\" data-id=\"a6c6109\" data-element_type=\"widget\" data-e-type=\"widget\" data-widget_type=\"text-editor.default\">\n\t\t\t\t\t\t\t\t\t<h3><span class=\"TextRun SCXW246698183 BCX8\" lang=\"EN-GB\" xml:lang=\"EN-GB\" data-contrast=\"none\"><span class=\"NormalTextRun SCXW246698183 BCX8\">Megawatt charging: CCS or MCS?<\/span><\/span><\/h3>\t\t\t\t\t\t\t\t<\/div>\n\t\t\t\t<div class=\"elementor-element elementor-element-278ec9d elementor-widget elementor-widget-text-editor\" data-id=\"278ec9d\" data-element_type=\"widget\" data-e-type=\"widget\" data-widget_type=\"text-editor.default\">\n\t\t\t\t\t\t\t\t\t<p><span data-contrast=\"auto\">Michael Heinemann, CEO von Phoenix Contact E-Mobility, stellte in seinem Vortrag auf der\u00a0<\/span><a href=\"https:\/\/www.vde.com\/e-mobility-conference\" target=\"_blank\" rel=\"noopener\"><span data-contrast=\"none\">VDE E-Mobility Conference 2025<\/span><\/a><span data-contrast=\"auto\">\u00a0klar, dass es bei der Diskussion um CCS (Combindes\u00a0Charging\u00a0System) und MCS (Megawatt\u00a0Charging\u00a0System) nicht um ein\u00a0Entweder-oder\u00a0geht.<\/span><span data-ccp-props=\"{}\">\u00a0<\/span><\/p><p><span data-contrast=\"auto\">Megawatt-Laden kann sich sowohl auf den technischen Standard (MCS \u2013 Megawatt\u00a0Charging\u00a0System) als auch auf die tats\u00e4chliche Leistungsf\u00e4higkeit beziehen, also die M\u00f6glichkeit, mit Leistungen im Megawattbereich zu laden.<\/span><span data-ccp-props=\"{}\">\u00a0<\/span><\/p>\t\t\t\t\t\t\t\t<\/div>\n\t\t\t\t<div class=\"elementor-element elementor-element-eab47be elementor-widget elementor-widget-image\" data-id=\"eab47be\" data-element_type=\"widget\" data-e-type=\"widget\" data-widget_type=\"image.default\">\n\t\t\t\t\t\t\t\t\t\t\t\t<figure class=\"wp-caption\">\n\t\t\t\t\t\t\t\t\t\t<img fetchpriority=\"high\" decoding=\"async\" width=\"768\" height=\"433\" src=\"https:\/\/www.phoenixcontact-emobility.com\/wp-content\/uploads\/2025\/11\/Unbenannt-6-e1764250285877-768x433.jpg\" class=\"attachment-medium_large size-medium_large wp-image-12743\" alt=\"Michael Heinemann auf der VDE Conference w\u00e4hrend er seinen Vortrag h\u00e4lt.\" srcset=\"https:\/\/www.phoenixcontact-emobility.com\/wp-content\/uploads\/2025\/11\/Unbenannt-6-e1764250285877-768x433.jpg 768w, https:\/\/www.phoenixcontact-emobility.com\/wp-content\/uploads\/2025\/11\/Unbenannt-6-e1764250285877-300x169.jpg 300w, https:\/\/www.phoenixcontact-emobility.com\/wp-content\/uploads\/2025\/11\/Unbenannt-6-e1764250285877-1024x577.jpg 1024w, https:\/\/www.phoenixcontact-emobility.com\/wp-content\/uploads\/2025\/11\/Unbenannt-6-e1764250285877.jpg 1512w\" sizes=\"(max-width: 768px) 100vw, 768px\" \/>\t\t\t\t\t\t\t\t\t\t\t<figcaption class=\"widget-image-caption wp-caption-text\">Michael Heinemann, CEO Phoenix Contact E-Mobility, bei seinem Vortrag auf der VDE E-Mobility Conference 2025<\/figcaption>\n\t\t\t\t\t\t\t\t\t\t<\/figure>\n\t\t\t\t\t\t\t\t\t<\/div>\n\t\t\t\t<div class=\"elementor-element elementor-element-fe84b59 elementor-widget elementor-widget-text-editor\" data-id=\"fe84b59\" data-element_type=\"widget\" data-e-type=\"widget\" data-widget_type=\"text-editor.default\">\n\t\t\t\t\t\t\t\t\t<p><span class=\"TextRun SCXW252565849 BCX8\" lang=\"DE-DE\" xml:lang=\"DE-DE\" data-contrast=\"none\"><span class=\"NormalTextRun SCXW252565849 BCX8\">Der\u00a0<\/span><span class=\"NormalTextRun SCXW252565849 BCX8\">Com<\/span><span class=\"NormalTextRun SCXW252565849 BCX8\">bined<\/span><span class=\"NormalTextRun SCXW252565849 BCX8\">\u00a0<\/span><span class=\"NormalTextRun SCXW252565849 BCX8\">Charging<\/span><span class=\"NormalTextRun SCXW252565849 BCX8\">\u00a0Standard (CCS)<\/span><span class=\"NormalTextRun SCXW252565849 BCX8\">\u00a0kann\u00a0<\/span><span class=\"NormalTextRun SCXW252565849 BCX8\">schon heute\u00a0<\/span><\/span><span class=\"TextRun SCXW252565849 BCX8\" lang=\"DE-DE\" xml:lang=\"DE-DE\" data-contrast=\"auto\"><span class=\"NormalTextRun SCXW252565849 BCX8\">Megawatt-Laden<\/span><span class=\"NormalTextRun SCXW252565849 BCX8\">\u00a0<\/span><\/span><span class=\"TextRun SCXW252565849 BCX8\" lang=\"DE-DE\" xml:lang=\"DE-DE\" data-contrast=\"none\"><span class=\"NormalTextRun SCXW252565849 BCX8\">realisieren\u00a0<\/span><span class=\"NormalTextRun SCXW252565849 BCX8\">und eignet sich\u00a0<\/span><span class=\"NormalTextRun SCXW252565849 BCX8\">f\u00fcr das Laden elektrischer\u00a0<\/span><span class=\"NormalTextRun SCXW252565849 BCX8\">LKWs.<\/span><span class=\"NormalTextRun SCXW252565849 BCX8\">\u00a0<\/span><\/span><span class=\"TextRun SCXW252565849 BCX8\" lang=\"DE-DE\" xml:lang=\"DE-DE\" data-contrast=\"auto\"><span class=\"NormalTextRun SCXW252565849 BCX8\">Das CCS-Ladenetzt ist bereits stark ausgebaut: So gibt es im Jahr 202<\/span><span class=\"NormalTextRun SCXW252565849 BCX8\">5<\/span><span class=\"NormalTextRun SCXW252565849 BCX8\">\u00a0ca. 105.000 \u00f6ffentlich installierte DC-Schnellladepunkte in Deutschland [Quelle EAFO, Stand 29.09.2025, EU-27].<\/span><span class=\"NormalTextRun SCXW252565849 BCX8\">\u00a0<\/span><\/span><span class=\"TextRun SCXW252565849 BCX8\" lang=\"DE-DE\" xml:lang=\"DE-DE\" data-contrast=\"none\"><span class=\"NormalTextRun SCXW252565849 BCX8\">Das bedeutet aber nicht<\/span><span class=\"NormalTextRun SCXW252565849 BCX8\">, dass das M<\/span><span class=\"NormalTextRun SCXW252565849 BCX8\">egawatt\u00a0<\/span><span class=\"NormalTextRun SCXW252565849 BCX8\">Charging<\/span><span class=\"NormalTextRun SCXW252565849 BCX8\">\u00a0System (MCS) n<\/span><span class=\"NormalTextRun SCXW252565849 BCX8\">icht ben\u00f6tigt wird<\/span><span class=\"NormalTextRun SCXW252565849 BCX8\">, hebt Heinemann hervor.<\/span><span class=\"NormalTextRun SCXW252565849 BCX8\">\u00a0Das Megawatt\u00a0<\/span><span class=\"NormalTextRun SCXW252565849 BCX8\">Charging<\/span><span class=\"NormalTextRun SCXW252565849 BCX8\">\u00a0System (MCS) spielt eine wichtige Rolle, insbesondere an\u00a0<\/span><span class=\"NormalTextRun SCXW252565849 BCX8\">Verkehrsknotenpunkten<\/span><span class=\"NormalTextRun SCXW252565849 BCX8\">\u00a0f\u00fcr E-Trucks.<\/span><span class=\"NormalTextRun SCXW252565849 BCX8\">\u00a0<\/span><\/span><span class=\"TextRun SCXW252565849 BCX8\" lang=\"DE-DE\" xml:lang=\"DE-DE\" data-contrast=\"auto\"><span class=\"NormalTextRun SCXW252565849 BCX8\">Laut einer aktuellen Studie des<\/span><span class=\"NormalTextRun SCXW252565849 BCX8\">\u00a0<\/span><span class=\"NormalTextRun SCXW252565849 BCX8\">ICCT<\/span><span class=\"NormalTextRun SCXW252565849 BCX8\">\u00a0wird da<\/span><\/span><span class=\"TextRun SCXW252565849 BCX8\" lang=\"DE-DE\" xml:lang=\"DE-DE\" data-contrast=\"none\"><span class=\"NormalTextRun SCXW252565849 BCX8\">von aus<\/span><span class=\"NormalTextRun SCXW252565849 BCX8\">gegangen<\/span><span class=\"NormalTextRun SCXW252565849 BCX8\">, dass immerhin\u00a0<\/span><span class=\"NormalTextRun SCXW252565849 BCX8\">rund ein Drittel der \u00f6ffentlich<\/span><span class=\"NormalTextRun SCXW252565849 BCX8\">\u00a0installierten Ladepunkte f\u00fcr E-Trucks\u00a0<\/span><span class=\"NormalTextRun SCXW252565849 BCX8\">mit\u00a0<\/span><span class=\"NormalTextRun SCXW252565849 BCX8\">der\u00a0<\/span><span class=\"NormalTextRun SCXW252565849 BCX8\">MCS-Technologie\u00a0<\/span><span class=\"NormalTextRun SCXW252565849 BCX8\">ausgestattet sein<\/span><span class=\"NormalTextRun SCXW252565849 BCX8\">\u00a0werden<\/span><span class=\"NormalTextRun SCXW252565849 BCX8\">.\u00a0<\/span><\/span><span class=\"EOP SCXW252565849 BCX8\" data-ccp-props=\"{&quot;134233117&quot;:false,&quot;134233118&quot;:false,&quot;201341983&quot;:0,&quot;335551550&quot;:1,&quot;335551620&quot;:1,&quot;335559685&quot;:0,&quot;335559737&quot;:0,&quot;335559738&quot;:0,&quot;335559739&quot;:160,&quot;335559740&quot;:259}\">\u00a0<\/span><\/p><p><span class=\"TextRun SCXW209260737 BCX8\" lang=\"DE-DE\" xml:lang=\"DE-DE\" data-contrast=\"none\"><span class=\"NormalTextRun SCXW209260737 BCX8\">D<\/span><span class=\"NormalTextRun SCXW209260737 BCX8\">er Markt\u00a0<\/span><span class=\"NormalTextRun SCXW209260737 BCX8\">ben\u00f6tigt daher beide Systeme:\u00a0<\/span><\/span><span class=\"TextRun SCXW209260737 BCX8\" lang=\"DE-DE\" xml:lang=\"DE-DE\" data-contrast=\"auto\"><span class=\"NormalTextRun SCXW209260737 BCX8\">CCS bleibt f\u00fcr viele Anwendungen ausreichend, MCS adressiert zuk\u00fcnftige Hochleistungsbedarfe, insbesondere\u00a0<\/span><span class=\"NormalTextRun SCXW209260737 BCX8\">f\u00fcr schwere Nutzfahrzeuge<\/span><span class=\"NormalTextRun SCXW209260737 BCX8\">.<\/span><span class=\"NormalTextRun SCXW209260737 BCX8\">\u00a0Es geht nicht um Konkurrenz, sondern um die parallele Existenz<\/span><span class=\"NormalTextRun SCXW209260737 BCX8\">\u00a0und darum<\/span><span class=\"NormalTextRun SCXW209260737 BCX8\">\u00a0unterschiedliche Anforderungen\u00a0<\/span><span class=\"NormalTextRun SCXW209260737 BCX8\">bedarfsgerecht<\/span><span class=\"NormalTextRun SCXW209260737 BCX8\">\u00a0<\/span><span class=\"NormalTextRun SCXW209260737 BCX8\">zu bedienen.<\/span><\/span><\/p>\t\t\t\t\t\t\t\t<\/div>\n\t\t\t\t<div class=\"elementor-element elementor-element-b8256df elementor-widget elementor-widget-text-editor\" data-id=\"b8256df\" data-element_type=\"widget\" data-e-type=\"widget\" data-widget_type=\"text-editor.default\">\n\t\t\t\t\t\t\t\t\t<h3><span class=\"NormalTextRun SCXW43952212 BCX8\">W<\/span><span class=\"NormalTextRun SCXW43952212 BCX8\">ie wird eine alltagstaugliche Ladeinfrastruktur erm\u00f6glicht?<\/span><\/h3>\t\t\t\t\t\t\t\t<\/div>\n\t\t\t\t<div class=\"elementor-element elementor-element-3d6ca60 elementor-widget elementor-widget-text-editor\" data-id=\"3d6ca60\" data-element_type=\"widget\" data-e-type=\"widget\" data-widget_type=\"text-editor.default\">\n\t\t\t\t\t\t\t\t\t<p><span data-contrast=\"auto\">Eine alltagstaugliche Ladeinfrastruktur zeichnet sich vor allem durch kurze Ladezeiten und eine hohe Verf\u00fcgbarkeit aus.\u00a0W\u00e4hrend das AC-Laden rund acht Stunden in Anspruch\u00a0nimmt, verk\u00fcrzt sich die Ladezeit mit modernem DC-Laden auf etwa eine Stunde. Dank\u00a0<\/span><a href=\"https:\/\/phoenixcontact.com\/hpc\" target=\"_blank\" rel=\"noopener\"><span data-contrast=\"none\">High\u00a0Power\u00a0Charging<\/span><\/a><span data-contrast=\"auto\">\u00a0lassen sich Elektrofahrzeuge heute in weniger als 15 Minuten aufladen und Ladeleistungen bis zur Megawattgrenze sind\u00a0inzwischen\u00a0m\u00f6glich.\u00a0<\/span><span data-ccp-props=\"{}\">\u00a0<\/span><\/p><p><span data-contrast=\"auto\">Die Fortschritte beim Ausbau der Ladeinfrastruktur zeigen, dass das Potenzial der Schnellladetechnik noch lange nicht erreicht ist, was sich auch an den aktuellen Entwicklungen bei CCS (Combined Charging System) und MCS (Megawatt Charging System) ablesen l\u00e4sst.\u00a0Insbesondere\u00a0die\u00a0Standardisierung und kontinuierliche Weiterentwicklung der Ladetechnik ist\u00a0ein\u00a0entscheidender\u00a0Faktor.<\/span><span data-ccp-props=\"{}\">\u00a0<\/span><\/p><p><span data-contrast=\"auto\">Die\u00a0<\/span><a href=\"https:\/\/www.charin.global\/technology\/mcs\/\" target=\"_blank\" rel=\"noopener\"><span data-contrast=\"auto\">CharIN Task Force &#8222;Megawatt Charging System (MCS)&#8220;<\/span><\/a><span data-contrast=\"auto\">\u00a0arbeitet seit ihrer Gr\u00fcndung im Jahr 2018 daran, technische Anforderungen und Empfehlungen f\u00fcr das MCS-Ladesystem zu entwickeln, um die Flexibilit\u00e4t und Alltagstauglichkeit vollelektrischer Nutzfahrzeuge signifikant zu verbessern. Ziel ist es, durch einheitliche Standards und leistungsf\u00e4hige Systeme die Akzeptanz von Elektromobilit\u00e4t, insbesondere im Nutzfahrzeugbereich, nachhaltig zu erh\u00f6hen. Phoenix Contact engagiert sich ma\u00dfgeblich in dieser Taskforce: Seit 2020 treibt das Unternehmen die weltweite Nominierung der MCS-Steckverbindung in der IEC TS 63379 voran, indem\u00a0es\u00a0das internationale Projektteam der IEC sowie das deutsche Spiegelgremium im DKE leitet.<\/span><span data-ccp-props=\"{}\">\u00a0<\/span><\/p>\t\t\t\t\t\t\t\t<\/div>\n\t\t\t\t<div class=\"elementor-element elementor-element-ca9e7c6 elementor-widget elementor-widget-heading\" data-id=\"ca9e7c6\" data-element_type=\"widget\" data-e-type=\"widget\" data-widget_type=\"heading.default\">\n\t\t\t\t\t<h2 class=\"elementor-heading-title elementor-size-default\">Fazit<\/h2>\t\t\t\t<\/div>\n\t\t\t\t<div class=\"elementor-element elementor-element-c9d9705 elementor-widget elementor-widget-text-editor\" data-id=\"c9d9705\" data-element_type=\"widget\" data-e-type=\"widget\" data-widget_type=\"text-editor.default\">\n\t\t\t\t\t\t\t\t\t<p><span class=\"TextRun SCXW144252141 BCX8\" lang=\"DE-DE\" xml:lang=\"DE-DE\" data-contrast=\"auto\"><span class=\"NormalTextRun SCXW144252141 BCX8\">Beide\u00a0<\/span><span class=\"NormalTextRun SCXW144252141 BCX8\">Ladestandards, CCS und MCS, sind gleicherma\u00dfen gefragt, da sie unterschiedliche Anforderungen bedienen<\/span><span class=\"NormalTextRun SCXW144252141 BCX8\">. Ihre Koexistenz ist ein klares Zeichen daf\u00fcr, dass\u00a0<\/span><span class=\"NormalTextRun SCXW144252141 BCX8\">Elektromobilit\u00e4t\u00a0<\/span><span class=\"NormalTextRun SCXW144252141 BCX8\">auf Flexibilit\u00e4t und Zukunftsf\u00e4higkeit setzt.<\/span><span class=\"NormalTextRun SCXW144252141 BCX8\">\u00a0<\/span><span class=\"NormalTextRun SCXW144252141 BCX8\">Au\u00dferdem w<\/span><span class=\"NormalTextRun SCXW144252141 BCX8\">ird\u00a0<\/span><span class=\"NormalTextRun SCXW144252141 BCX8\">die Attraktivit\u00e4t der Elektromobilit\u00e4t<\/span><span class=\"NormalTextRun SCXW144252141 BCX8\">\u00a0<\/span><span class=\"NormalTextRun SCXW144252141 BCX8\">durch d<\/span><span class=\"NormalTextRun SCXW144252141 BCX8\">ie neuen gesetzlichen Rahmenbedingungen<\/span><span class=\"NormalTextRun SCXW144252141 BCX8\">\u00a0zum bidirektionalen Laden<\/span><span class=\"NormalTextRun SCXW144252141 BCX8\">\u00a0<\/span><span class=\"NormalTextRun SCXW144252141 BCX8\">ge<\/span><span class=\"NormalTextRun SCXW144252141 BCX8\">f\u00f6rder<\/span><span class=\"NormalTextRun SCXW144252141 BCX8\">t<\/span><span class=\"NormalTextRun SCXW144252141 BCX8\">.<\/span><\/span><span class=\"EOP SCXW144252141 BCX8\" data-ccp-props=\"{}\">\u00a0<\/span><\/p>\t\t\t\t\t\t\t\t<\/div>\n\t\t\t\t<div class=\"elementor-element elementor-element-b3060ab elementor-align-right elementor-widget elementor-widget-button\" data-id=\"b3060ab\" data-element_type=\"widget\" data-e-type=\"widget\" data-widget_type=\"button.default\">\n\t\t\t\t\t\t\t\t\t\t<a class=\"elementor-button elementor-button-link elementor-size-sm\" href=\"https:\/\/www.vde.com\/resource\/blob\/2410842\/5ea90b5764f3372f70b5608074b9d593\/vde-elektromobilitaet-standortvorteil-data.pdf\" target=\"_blank\" rel=\"noopener\">\n\t\t\t\t\t\t<span class=\"elementor-button-content-wrapper\">\n\t\t\t\t\t\t<span class=\"elementor-button-icon\">\n\t\t\t\t<svg aria-hidden=\"true\" class=\"e-font-icon-svg e-fas-arrow-right\" viewBox=\"0 0 448 512\" xmlns=\"http:\/\/www.w3.org\/2000\/svg\"><path d=\"M190.5 66.9l22.2-22.2c9.4-9.4 24.6-9.4 33.9 0L441 239c9.4 9.4 9.4 24.6 0 33.9L246.6 467.3c-9.4 9.4-24.6 9.4-33.9 0l-22.2-22.2c-9.5-9.5-9.3-25 .4-34.3L311.4 296H24c-13.3 0-24-10.7-24-24v-32c0-13.3 10.7-24 24-24h287.4L190.9 101.2c-9.8-9.3-10-24.8-.4-34.3z\"><\/path><\/svg>\t\t\t<\/span>\n\t\t\t\t\t\t\t\t\t<span class=\"elementor-button-text\">Mehr zur VDE-Studie<\/span>\n\t\t\t\t\t<\/span>\n\t\t\t\t\t<\/a>\n\t\t\t\t\t\t\t\t<\/div>\n\t\t\t\t<div class=\"elementor-element elementor-element-0d003df elementor-widget elementor-widget-spacer\" data-id=\"0d003df\" data-element_type=\"widget\" data-e-type=\"widget\" data-widget_type=\"spacer.default\">\n\t\t\t\t\t\t\t<div class=\"elementor-spacer\">\n\t\t\t<div class=\"elementor-spacer-inner\"><\/div>\n\t\t<\/div>\n\t\t\t\t\t\t<\/div>\n\t\t\t\t<div class=\"elementor-element elementor-element-a3e23e1 elementor-widget elementor-widget-text-editor\" data-id=\"a3e23e1\" data-element_type=\"widget\" data-e-type=\"widget\" data-widget_type=\"text-editor.default\">\n\t\t\t\t\t\t\t\t\t<h5>FAQ<\/h5>\t\t\t\t\t\t\t\t<\/div>\n\t\t\t\t<div class=\"elementor-element elementor-element-8742241 elementor-widget elementor-widget-text-editor\" data-id=\"8742241\" data-element_type=\"widget\" data-e-type=\"widget\" data-widget_type=\"text-editor.default\">\n\t\t\t\t\t\t\t\t\t<h2>H\u00e4ufig gestellte Fragen<\/h2>\t\t\t\t\t\t\t\t<\/div>\n\t\t\t\t<div class=\"elementor-element elementor-element-dc027e6 elementor-widget elementor-widget-n-accordion\" data-id=\"dc027e6\" data-element_type=\"widget\" data-e-type=\"widget\" data-settings=\"{&quot;default_state&quot;:&quot;all_collapsed&quot;,&quot;max_items_expended&quot;:&quot;multiple&quot;,&quot;n_accordion_animation_duration&quot;:{&quot;unit&quot;:&quot;ms&quot;,&quot;size&quot;:400,&quot;sizes&quot;:[]}}\" data-widget_type=\"nested-accordion.default\">\n\t\t\t\t\t\t\t<div class=\"e-n-accordion\" aria-label=\"Accordion. Open links with Enter or Space, close with Escape, and navigate with Arrow Keys\">\n\t\t\t\t\t\t<details id=\"e-n-accordion-item-2300\" class=\"e-n-accordion-item\" >\n\t\t\t\t<summary class=\"e-n-accordion-item-title\" data-accordion-index=\"1\" tabindex=\"0\" aria-expanded=\"false\" aria-controls=\"e-n-accordion-item-2300\" >\n\t\t\t\t\t<span class='e-n-accordion-item-title-header'><h3 class=\"e-n-accordion-item-title-text\"> Was bedeutet bidirektionales Laden und warum ist es f\u00fcr die Energiewende wichtig? <\/h3><\/span>\n\t\t\t\t\t\t\t<span class='e-n-accordion-item-title-icon'>\n\t\t\t<span class='e-opened' ><svg aria-hidden=\"true\" class=\"e-font-icon-svg e-fas-minus\" viewBox=\"0 0 448 512\" xmlns=\"http:\/\/www.w3.org\/2000\/svg\"><path d=\"M416 208H32c-17.67 0-32 14.33-32 32v32c0 17.67 14.33 32 32 32h384c17.67 0 32-14.33 32-32v-32c0-17.67-14.33-32-32-32z\"><\/path><\/svg><\/span>\n\t\t\t<span class='e-closed'><svg aria-hidden=\"true\" class=\"e-font-icon-svg e-fas-plus\" viewBox=\"0 0 448 512\" xmlns=\"http:\/\/www.w3.org\/2000\/svg\"><path d=\"M416 208H272V64c0-17.67-14.33-32-32-32h-32c-17.67 0-32 14.33-32 32v144H32c-17.67 0-32 14.33-32 32v32c0 17.67 14.33 32 32 32h144v144c0 17.67 14.33 32 32 32h32c17.67 0 32-14.33 32-32V304h144c17.67 0 32-14.33 32-32v-32c0-17.67-14.33-32-32-32z\"><\/path><\/svg><\/span>\n\t\t<\/span>\n\n\t\t\t\t\t\t<\/summary>\n\t\t\t\t<div role=\"region\" aria-labelledby=\"e-n-accordion-item-2300\" class=\"elementor-element elementor-element-5346dff e-con-full e-flex e-con e-child\" data-id=\"5346dff\" data-element_type=\"container\" data-e-type=\"container\">\n\t\t\t\t<div class=\"elementor-element elementor-element-99f4cb6 elementor-widget elementor-widget-text-editor\" data-id=\"99f4cb6\" data-element_type=\"widget\" data-e-type=\"widget\" data-widget_type=\"text-editor.default\">\n\t\t\t\t\t\t\t\t\t<p><span class=\"NormalTextRun SCXW234171705 BCX8\">Bidirektionales Laden beschreibt die F\u00e4higkeit von Elektrofahrzeugen, nicht nur Strom zu laden, sondern auch Energie zur\u00fcck ins Stromnetz oder in Geb\u00e4ude abzugeben. Dadurch werden E-Fahrzeuge zu dezentralen Energiespeichern, die zur Stabilisierung des Stromnetzes beitragen und die Integration erneuerbarer Energien unterst\u00fctzen. Besonders mit Vehicle-<\/span><span class=\"NormalTextRun SpellingErrorV2Themed SCXW234171705 BCX8\">to<\/span><span class=\"NormalTextRun SCXW234171705 BCX8\">&#8211;<\/span><span class=\"NormalTextRun SpellingErrorV2Themed SCXW234171705 BCX8\">Grid<\/span><span class=\"NormalTextRun SCXW234171705 BCX8\">\u00a0(V2G) und Vehicle-<\/span><span class=\"NormalTextRun SpellingErrorV2Themed SCXW234171705 BCX8\">to<\/span><span class=\"NormalTextRun SCXW234171705 BCX8\">-Home (V2H) wird das Elektroauto ein aktiver Teil des Energiesystems und\u00a0<\/span><span class=\"NormalTextRun SCXW234171705 BCX8\">unterst\u00fctzt<\/span><span class=\"NormalTextRun SCXW234171705 BCX8\">\u00a0<\/span><span class=\"NormalTextRun SCXW234171705 BCX8\">die Energiewende.<\/span><\/p>\t\t\t\t\t\t\t\t<\/div>\n\t\t\t\t<\/div>\n\t\t\t\t\t<\/details>\n\t\t\t\t\t\t<details id=\"e-n-accordion-item-2301\" class=\"e-n-accordion-item\" >\n\t\t\t\t<summary class=\"e-n-accordion-item-title\" data-accordion-index=\"2\" tabindex=\"-1\" aria-expanded=\"false\" aria-controls=\"e-n-accordion-item-2301\" >\n\t\t\t\t\t<span class='e-n-accordion-item-title-header'><h3 class=\"e-n-accordion-item-title-text\"> Welche gesetzlichen Rahmenbedingungen gelten ab 2026 f\u00fcr das bidirektionale Laden in Deutschland? <\/h3><\/span>\n\t\t\t\t\t\t\t<span class='e-n-accordion-item-title-icon'>\n\t\t\t<span class='e-opened' ><svg aria-hidden=\"true\" class=\"e-font-icon-svg e-fas-minus\" viewBox=\"0 0 448 512\" xmlns=\"http:\/\/www.w3.org\/2000\/svg\"><path d=\"M416 208H32c-17.67 0-32 14.33-32 32v32c0 17.67 14.33 32 32 32h384c17.67 0 32-14.33 32-32v-32c0-17.67-14.33-32-32-32z\"><\/path><\/svg><\/span>\n\t\t\t<span class='e-closed'><svg aria-hidden=\"true\" class=\"e-font-icon-svg e-fas-plus\" viewBox=\"0 0 448 512\" xmlns=\"http:\/\/www.w3.org\/2000\/svg\"><path d=\"M416 208H272V64c0-17.67-14.33-32-32-32h-32c-17.67 0-32 14.33-32 32v144H32c-17.67 0-32 14.33-32 32v32c0 17.67 14.33 32 32 32h144v144c0 17.67 14.33 32 32 32h32c17.67 0 32-14.33 32-32V304h144c17.67 0 32-14.33 32-32v-32c0-17.67-14.33-32-32-32z\"><\/path><\/svg><\/span>\n\t\t<\/span>\n\n\t\t\t\t\t\t<\/summary>\n\t\t\t\t<div role=\"region\" aria-labelledby=\"e-n-accordion-item-2301\" class=\"elementor-element elementor-element-245bcf5 e-con-full e-flex e-con e-child\" data-id=\"245bcf5\" data-element_type=\"container\" data-e-type=\"container\">\n\t\t\t\t<div class=\"elementor-element elementor-element-0ede03f elementor-widget elementor-widget-text-editor\" data-id=\"0ede03f\" data-element_type=\"widget\" data-e-type=\"widget\" data-widget_type=\"text-editor.default\">\n\t\t\t\t\t\t\t\t\t<p><span class=\"NormalTextRun SCXW95844939 BCX8\">Ab 2026 erm\u00f6glicht eine \u00c4nderung im Energiewirtschaftsgesetz (EnWG) das wirtschaftliche bidirektionale Laden in Deutschland. Damit wird der Weg f\u00fcr Vehicle-<\/span><span class=\"NormalTextRun SpellingErrorV2Themed SCXW95844939 BCX8\">to<\/span><span class=\"NormalTextRun SCXW95844939 BCX8\">&#8211;<\/span><span class=\"NormalTextRun SpellingErrorV2Themed SCXW95844939 BCX8\">Grid<\/span><span class=\"NormalTextRun SCXW95844939 BCX8\">\u00a0(V2G) geebnet. Verbraucher profitieren von der Abschaffung von Doppelbelastungen bei Netzentgelten und der Befreiung von der Stromsteuer, was das bidirektionale Laden attraktiver macht und den Ausbau der Elektromobilit\u00e4t f\u00f6rdert.<\/span><\/p>\t\t\t\t\t\t\t\t<\/div>\n\t\t\t\t<\/div>\n\t\t\t\t\t<\/details>\n\t\t\t\t\t\t<details id=\"e-n-accordion-item-2302\" class=\"e-n-accordion-item\" >\n\t\t\t\t<summary class=\"e-n-accordion-item-title\" data-accordion-index=\"3\" tabindex=\"-1\" aria-expanded=\"false\" aria-controls=\"e-n-accordion-item-2302\" >\n\t\t\t\t\t<span class='e-n-accordion-item-title-header'><h3 class=\"e-n-accordion-item-title-text\"> Wie tr\u00e4gt die AFIR-Verordnung der EU zum Ausbau der Ladeinfrastruktur f\u00fcr Elektrofahrzeuge bei? <\/h3><\/span>\n\t\t\t\t\t\t\t<span class='e-n-accordion-item-title-icon'>\n\t\t\t<span class='e-opened' ><svg aria-hidden=\"true\" class=\"e-font-icon-svg e-fas-minus\" viewBox=\"0 0 448 512\" xmlns=\"http:\/\/www.w3.org\/2000\/svg\"><path d=\"M416 208H32c-17.67 0-32 14.33-32 32v32c0 17.67 14.33 32 32 32h384c17.67 0 32-14.33 32-32v-32c0-17.67-14.33-32-32-32z\"><\/path><\/svg><\/span>\n\t\t\t<span class='e-closed'><svg aria-hidden=\"true\" class=\"e-font-icon-svg e-fas-plus\" viewBox=\"0 0 448 512\" xmlns=\"http:\/\/www.w3.org\/2000\/svg\"><path d=\"M416 208H272V64c0-17.67-14.33-32-32-32h-32c-17.67 0-32 14.33-32 32v144H32c-17.67 0-32 14.33-32 32v32c0 17.67 14.33 32 32 32h144v144c0 17.67 14.33 32 32 32h32c17.67 0 32-14.33 32-32V304h144c17.67 0 32-14.33 32-32v-32c0-17.67-14.33-32-32-32z\"><\/path><\/svg><\/span>\n\t\t<\/span>\n\n\t\t\t\t\t\t<\/summary>\n\t\t\t\t<div role=\"region\" aria-labelledby=\"e-n-accordion-item-2302\" class=\"elementor-element elementor-element-05ae66e e-con-full e-flex e-con e-child\" data-id=\"05ae66e\" data-element_type=\"container\" data-e-type=\"container\">\n\t\t\t\t<div class=\"elementor-element elementor-element-9497cd4 elementor-widget elementor-widget-text-editor\" data-id=\"9497cd4\" data-element_type=\"widget\" data-e-type=\"widget\" data-widget_type=\"text-editor.default\">\n\t\t\t\t\t\t\t\t\t<p><span class=\"TextRun SCXW88388554 BCX8\" lang=\"DE-DE\" xml:lang=\"DE-DE\" data-contrast=\"auto\"><span class=\"NormalTextRun SCXW88388554 BCX8\">Die AFIR-Verordnung der Europ\u00e4ischen Union legt verbindliche Vorgaben f\u00fcr den Ausbau der Ladeinfrastruktur fest. Bis 2030 m\u00fcssen entlang aller wichtigen Handelsrouten im Abstand von 60 bis 100 Kilometern Ladestationen mit mindestens 350 kW installiert werden, damit Lkw-Fahrer ihre Fahrzeuge effizient w\u00e4hrend der Ruhezeiten laden k\u00f6nnen. Dar\u00fcber hinaus sieht die Verordnung zus\u00e4tzliche Ladepunkte an Parkpl\u00e4tzen und in urbanen Verkehrsknotenpunkten vor, um die Alltagstauglichkeit und Verf\u00fcgbarkeit der Ladeinfrastruktur weiter zu verbessern.<\/span><\/span><\/p>\t\t\t\t\t\t\t\t<\/div>\n\t\t\t\t<\/div>\n\t\t\t\t\t<\/details>\n\t\t\t\t\t<\/div>\n\t\t\t\t\t<script type=\"application\/ld+json\">{\"@context\":\"https:\\\/\\\/schema.org\",\"@type\":\"FAQPage\",\"mainEntity\":[{\"@type\":\"Question\",\"name\":\"Was bedeutet bidirektionales Laden und warum ist es f\\u00fcr die Energiewende wichtig?\",\"acceptedAnswer\":{\"@type\":\"Answer\",\"text\":\"Bidirektionales Laden beschreibt die F\\u00e4higkeit von Elektrofahrzeugen, nicht nur Strom zu laden, sondern auch Energie zur\\u00fcck ins Stromnetz oder in Geb\\u00e4ude abzugeben. Dadurch werden E-Fahrzeuge zu dezentralen Energiespeichern, die zur Stabilisierung des Stromnetzes beitragen und die Integration erneuerbarer Energien unterst\\u00fctzen. Besonders mit Vehicle-to&#8211;Grid\\u00a0(V2G) und Vehicle-to-Home (V2H) wird das Elektroauto ein aktiver Teil des Energiesystems und\\u00a0unterst\\u00fctzt\\u00a0die Energiewende.\"}},{\"@type\":\"Question\",\"name\":\"Welche gesetzlichen Rahmenbedingungen gelten ab 2026 f\\u00fcr das bidirektionale Laden in Deutschland?\",\"acceptedAnswer\":{\"@type\":\"Answer\",\"text\":\"Ab 2026 erm\\u00f6glicht eine \\u00c4nderung im Energiewirtschaftsgesetz (EnWG) das wirtschaftliche bidirektionale Laden in Deutschland. Damit wird der Weg f\\u00fcr Vehicle-to&#8211;Grid\\u00a0(V2G) geebnet. Verbraucher profitieren von der Abschaffung von Doppelbelastungen bei Netzentgelten und der Befreiung von der Stromsteuer, was das bidirektionale Laden attraktiver macht und den Ausbau der Elektromobilit\\u00e4t f\\u00f6rdert.\"}},{\"@type\":\"Question\",\"name\":\"Wie tr\\u00e4gt die AFIR-Verordnung der EU zum Ausbau der Ladeinfrastruktur f\\u00fcr Elektrofahrzeuge bei?\",\"acceptedAnswer\":{\"@type\":\"Answer\",\"text\":\"Die AFIR-Verordnung der Europ\\u00e4ischen Union legt verbindliche Vorgaben f\\u00fcr den Ausbau der Ladeinfrastruktur fest. Bis 2030 m\\u00fcssen entlang aller wichtigen Handelsrouten im Abstand von 60 bis 100 Kilometern Ladestationen mit mindestens 350 kW installiert werden, damit Lkw-Fahrer ihre Fahrzeuge effizient w\\u00e4hrend der Ruhezeiten laden k\\u00f6nnen. Dar\\u00fcber hinaus sieht die Verordnung zus\\u00e4tzliche Ladepunkte an Parkpl\\u00e4tzen und in urbanen Verkehrsknotenpunkten vor, um die Alltagstauglichkeit und Verf\\u00fcgbarkeit der Ladeinfrastruktur weiter zu verbessern.\"}}]}<\/script>\n\t\t\t\t\t\t\t<\/div>\n\t\t<div class=\"elementor-element elementor-element-b2d8fed cnt-space e-con-full e-flex e-con e-child\" data-id=\"b2d8fed\" data-element_type=\"container\" data-e-type=\"container\" data-settings=\"{&quot;background_background&quot;:&quot;classic&quot;}\">\n\t\t<div class=\"elementor-element elementor-element-d51dc71 cnt-space e-con-full e-flex e-con e-child\" data-id=\"d51dc71\" data-element_type=\"container\" data-e-type=\"container\" data-settings=\"{&quot;background_background&quot;:&quot;classic&quot;}\">\n\t\t<div class=\"elementor-element elementor-element-a5bf358 e-con-full e-flex e-con e-child\" data-id=\"a5bf358\" data-element_type=\"container\" data-e-type=\"container\">\n\t\t\t\t<div class=\"elementor-element elementor-element-a08723a elementor-widget elementor-widget-heading\" data-id=\"a08723a\" data-element_type=\"widget\" data-e-type=\"widget\" data-widget_type=\"heading.default\">\n\t\t\t\t\t<h2 class=\"elementor-heading-title elementor-size-default\">Jetzt passende Produkte entdecken<\/h2>\t\t\t\t<\/div>\n\t\t\t\t<div class=\"elementor-element elementor-element-087cc21 elementor-widget-divider--view-line elementor-widget elementor-widget-divider\" data-id=\"087cc21\" data-element_type=\"widget\" data-e-type=\"widget\" data-widget_type=\"divider.default\">\n\t\t\t\t\t\t\t<div class=\"elementor-divider\">\n\t\t\t<span class=\"elementor-divider-separator\">\n\t\t\t\t\t\t<\/span>\n\t\t<\/div>\n\t\t\t\t\t\t<\/div>\n\t\t\t\t<div class=\"elementor-element elementor-element-2e72630 elementor-widget elementor-widget-text-editor\" data-id=\"2e72630\" data-element_type=\"widget\" data-e-type=\"widget\" data-widget_type=\"text-editor.default\">\n\t\t\t\t\t\t\t\t\t<p>Hier finden Sie eine Auswahl relevanter Produkte \u2013 basierend auf den Themen und Empfehlungen aus unserem Blogbeitrag.<\/p>\t\t\t\t\t\t\t\t<\/div>\n\t\t\t\t<\/div>\n\t\t<div class=\"elementor-element elementor-element-518638e e-con-full e-grid e-con e-child\" data-id=\"518638e\" data-element_type=\"container\" data-e-type=\"container\">\n\t\t<div class=\"elementor-element elementor-element-6326bc3 e-con-full txt-box-grid txt-box-grid-dark-green e-flex e-con e-child\" data-id=\"6326bc3\" data-element_type=\"container\" data-e-type=\"container\" data-settings=\"{&quot;background_background&quot;:&quot;classic&quot;}\">\n\t\t\t\t<div class=\"elementor-element elementor-element-9886bf5 elementor-widget elementor-widget-image\" data-id=\"9886bf5\" data-element_type=\"widget\" data-e-type=\"widget\" data-widget_type=\"image.default\">\n\t\t\t\t\t\t\t\t\t\t\t\t\t\t\t\t<a href=\"http:\/\/phoenixcontact.com\/CHARX-control-modular\" target=\"_blank\" rel=\"noopener\">\n\t\t\t\t\t\t\t<img decoding=\"async\" width=\"800\" height=\"800\" src=\"https:\/\/www.phoenixcontact-emobility.com\/wp-content\/uploads\/2025\/11\/00035057_1x1_1000-1.png\" class=\"attachment-large size-large wp-image-12393\" alt=\"\" srcset=\"https:\/\/www.phoenixcontact-emobility.com\/wp-content\/uploads\/2025\/11\/00035057_1x1_1000-1.png 1000w, https:\/\/www.phoenixcontact-emobility.com\/wp-content\/uploads\/2025\/11\/00035057_1x1_1000-1-300x300.png 300w, https:\/\/www.phoenixcontact-emobility.com\/wp-content\/uploads\/2025\/11\/00035057_1x1_1000-1-150x150.png 150w, https:\/\/www.phoenixcontact-emobility.com\/wp-content\/uploads\/2025\/11\/00035057_1x1_1000-1-768x768.png 768w\" sizes=\"(max-width: 800px) 100vw, 800px\" \/>\t\t\t\t\t\t\t\t<\/a>\n\t\t\t\t\t\t\t\t\t\t\t\t\t\t\t<\/div>\n\t\t\t\t<div class=\"elementor-element elementor-element-4238757 elementor-widget elementor-widget-heading\" data-id=\"4238757\" data-element_type=\"widget\" data-e-type=\"widget\" data-widget_type=\"heading.default\">\n\t\t\t\t\t<h3 class=\"elementor-heading-title elementor-size-default\"><a href=\"http:\/\/phoenixcontact.com\/CHARX-control-modular\" target=\"_blank\" rel=\"noopener\">AC-Ladesteuerung<\/a><\/h3>\t\t\t\t<\/div>\n\t\t\t\t<div class=\"elementor-element elementor-element-bcbe5ac elementor-align-right pc-tertiary-link elementor-widget elementor-widget-button\" data-id=\"bcbe5ac\" data-element_type=\"widget\" data-e-type=\"widget\" data-widget_type=\"button.default\">\n\t\t\t\t\t\t\t\t\t\t<a class=\"elementor-button elementor-button-link elementor-size-sm\" href=\"http:\/\/phoenixcontact.com\/CHARX-control-modular\" target=\"_blank\" rel=\"noopener\">\n\t\t\t\t\t\t<span class=\"elementor-button-content-wrapper\">\n\t\t\t\t\t\t<span class=\"elementor-button-icon\">\n\t\t\t\t<svg aria-hidden=\"true\" class=\"e-font-icon-svg e-fas-arrow-right\" viewBox=\"0 0 448 512\" xmlns=\"http:\/\/www.w3.org\/2000\/svg\"><path d=\"M190.5 66.9l22.2-22.2c9.4-9.4 24.6-9.4 33.9 0L441 239c9.4 9.4 9.4 24.6 0 33.9L246.6 467.3c-9.4 9.4-24.6 9.4-33.9 0l-22.2-22.2c-9.5-9.5-9.3-25 .4-34.3L311.4 296H24c-13.3 0-24-10.7-24-24v-32c0-13.3 10.7-24 24-24h287.4L190.9 101.2c-9.8-9.3-10-24.8-.4-34.3z\"><\/path><\/svg>\t\t\t<\/span>\n\t\t\t\t\t\t\t\t\t<span class=\"elementor-button-text\">Mehr erfahren<\/span>\n\t\t\t\t\t<\/span>\n\t\t\t\t\t<\/a>\n\t\t\t\t\t\t\t\t<\/div>\n\t\t\t\t<\/div>\n\t\t<div class=\"elementor-element elementor-element-7b2c990 e-con-full txt-box-grid txt-box-grid-dark-green e-flex e-con e-child\" data-id=\"7b2c990\" data-element_type=\"container\" data-e-type=\"container\" data-settings=\"{&quot;background_background&quot;:&quot;classic&quot;}\">\n\t\t\t\t<div class=\"elementor-element elementor-element-78c9437 elementor-widget elementor-widget-image\" data-id=\"78c9437\" data-element_type=\"widget\" data-e-type=\"widget\" data-widget_type=\"image.default\">\n\t\t\t\t\t\t\t\t\t\t\t\t\t\t\t\t<a href=\"http:\/\/phoenixcontact.com\/CHARX-connect-professional\" target=\"_blank\" rel=\"noopener\">\n\t\t\t\t\t\t\t<img decoding=\"async\" width=\"800\" height=\"800\" src=\"https:\/\/www.phoenixcontact-emobility.com\/wp-content\/uploads\/2025\/07\/00202255_1x1_5000-1024x1024.png\" class=\"attachment-large size-large wp-image-9961\" alt=\"\" srcset=\"https:\/\/www.phoenixcontact-emobility.com\/wp-content\/uploads\/2025\/07\/00202255_1x1_5000-1024x1024.png 1024w, https:\/\/www.phoenixcontact-emobility.com\/wp-content\/uploads\/2025\/07\/00202255_1x1_5000-300x300.png 300w, https:\/\/www.phoenixcontact-emobility.com\/wp-content\/uploads\/2025\/07\/00202255_1x1_5000-150x150.png 150w, https:\/\/www.phoenixcontact-emobility.com\/wp-content\/uploads\/2025\/07\/00202255_1x1_5000-768x768.png 768w, https:\/\/www.phoenixcontact-emobility.com\/wp-content\/uploads\/2025\/07\/00202255_1x1_5000-1536x1536.png 1536w, https:\/\/www.phoenixcontact-emobility.com\/wp-content\/uploads\/2025\/07\/00202255_1x1_5000-2048x2048.png 2048w\" sizes=\"(max-width: 800px) 100vw, 800px\" \/>\t\t\t\t\t\t\t\t<\/a>\n\t\t\t\t\t\t\t\t\t\t\t\t\t\t\t<\/div>\n\t\t\t\t<div class=\"elementor-element elementor-element-8424ff0 elementor-widget elementor-widget-heading\" data-id=\"8424ff0\" data-element_type=\"widget\" data-e-type=\"widget\" data-widget_type=\"heading.default\">\n\t\t\t\t\t<h3 class=\"elementor-heading-title elementor-size-default\"><a href=\"http:\/\/phoenixcontact.com\/CHARX-connect-professional\" target=\"_blank\" rel=\"noopener\">High Power Charging<\/a><\/h3>\t\t\t\t<\/div>\n\t\t\t\t<div class=\"elementor-element elementor-element-38acd38 elementor-align-right pc-tertiary-link elementor-widget elementor-widget-button\" data-id=\"38acd38\" data-element_type=\"widget\" data-e-type=\"widget\" data-widget_type=\"button.default\">\n\t\t\t\t\t\t\t\t\t\t<a class=\"elementor-button elementor-button-link elementor-size-sm\" href=\"http:\/\/phoenixcontact.com\/CHARX-connect-professional\" target=\"_blank\" rel=\"noopener\">\n\t\t\t\t\t\t<span class=\"elementor-button-content-wrapper\">\n\t\t\t\t\t\t<span class=\"elementor-button-icon\">\n\t\t\t\t<svg aria-hidden=\"true\" class=\"e-font-icon-svg e-fas-arrow-right\" viewBox=\"0 0 448 512\" xmlns=\"http:\/\/www.w3.org\/2000\/svg\"><path d=\"M190.5 66.9l22.2-22.2c9.4-9.4 24.6-9.4 33.9 0L441 239c9.4 9.4 9.4 24.6 0 33.9L246.6 467.3c-9.4 9.4-24.6 9.4-33.9 0l-22.2-22.2c-9.5-9.5-9.3-25 .4-34.3L311.4 296H24c-13.3 0-24-10.7-24-24v-32c0-13.3 10.7-24 24-24h287.4L190.9 101.2c-9.8-9.3-10-24.8-.4-34.3z\"><\/path><\/svg>\t\t\t<\/span>\n\t\t\t\t\t\t\t\t\t<span class=\"elementor-button-text\">Mehr erfahren<\/span>\n\t\t\t\t\t<\/span>\n\t\t\t\t\t<\/a>\n\t\t\t\t\t\t\t\t<\/div>\n\t\t\t\t<\/div>\n\t\t\t\t<\/div>\n\t\t\t\t<\/div>\n\t\t\t\t<\/div>\n\t\t\t\t<\/div>\n\t\t\t\t<\/div>\n\t\t\t\t<\/div>\n\t\t","protected":false},"excerpt":{"rendered":"<p>Elektromobilit\u00e4t spielt eine Schl\u00fcsselrolle f\u00fcr den Klimaschutz, die Energiewende sowie die industrielle Wertsch\u00f6pfung.\u00a0 Die VDE-Studie im \u00dcberblick Die aktuelle\u00a0Studie \u201eEnergiegeladen in die Zukunft\u201c\u00a0des VDE (Verband der Elektrotechnik Elektronik Informationstechnik\u00a0e.V.)\u00a0beleuchtet die Rolle der Elektromobilit\u00e4t als zentralen Baustein f\u00fcr die Energiewende und Klimaneutralit\u00e4t bis 2045.\u00a0Die Studie\u00a0erl\u00e4utert, wie Elektrofahrzeuge nicht nur den Verkehr\u00a0dekarbonisieren, sondern auch als integraler Bestandteil [&hellip;]<\/p>\n","protected":false},"author":10,"featured_media":12755,"comment_status":"closed","ping_status":"closed","sticky":false,"template":"","format":"standard","meta":{"_acf_changed":false,"footnotes":""},"categories":[40],"tags":[284],"class_list":["post-12785","post","type-post","status-publish","format-standard","has-post-thumbnail","hentry","category-ladeinfrastruktur","tag-vde-studie"],"acf":[],"_links":{"self":[{"href":"https:\/\/www.phoenixcontact-emobility.com\/de\/wp-json\/wp\/v2\/posts\/12785","targetHints":{"allow":["GET"]}}],"collection":[{"href":"https:\/\/www.phoenixcontact-emobility.com\/de\/wp-json\/wp\/v2\/posts"}],"about":[{"href":"https:\/\/www.phoenixcontact-emobility.com\/de\/wp-json\/wp\/v2\/types\/post"}],"author":[{"embeddable":true,"href":"https:\/\/www.phoenixcontact-emobility.com\/de\/wp-json\/wp\/v2\/users\/10"}],"replies":[{"embeddable":true,"href":"https:\/\/www.phoenixcontact-emobility.com\/de\/wp-json\/wp\/v2\/comments?post=12785"}],"version-history":[{"count":0,"href":"https:\/\/www.phoenixcontact-emobility.com\/de\/wp-json\/wp\/v2\/posts\/12785\/revisions"}],"wp:featuredmedia":[{"embeddable":true,"href":"https:\/\/www.phoenixcontact-emobility.com\/de\/wp-json\/wp\/v2\/media\/12755"}],"wp:attachment":[{"href":"https:\/\/www.phoenixcontact-emobility.com\/de\/wp-json\/wp\/v2\/media?parent=12785"}],"wp:term":[{"taxonomy":"category","embeddable":true,"href":"https:\/\/www.phoenixcontact-emobility.com\/de\/wp-json\/wp\/v2\/categories?post=12785"},{"taxonomy":"post_tag","embeddable":true,"href":"https:\/\/www.phoenixcontact-emobility.com\/de\/wp-json\/wp\/v2\/tags?post=12785"}],"curies":[{"name":"wp","href":"https:\/\/api.w.org\/{rel}","templated":true}]}}