{"id":13399,"date":"2026-01-16T09:00:00","date_gmt":"2026-01-16T07:00:00","guid":{"rendered":"https:\/\/www.phoenixcontact-emobility.com\/?p=13399"},"modified":"2026-01-19T09:18:47","modified_gmt":"2026-01-19T07:18:47","slug":"mobile-ladeloesung-lichtblick-flexicharger-pro","status":"publish","type":"post","link":"https:\/\/www.phoenixcontact-emobility.com\/de\/news-und-events\/ladeinfrastruktur\/mobile-ladeloesung-lichtblick-flexicharger-pro\/","title":{"rendered":"Mobile Ladel\u00f6sung LichtBlick FlexiCharger Pro f\u00fcr elektrische Nutzfahrzeuge"},"content":{"rendered":"\t\t<div data-elementor-type=\"wp-post\" data-elementor-id=\"13399\" class=\"elementor elementor-13399\" data-elementor-post-type=\"post\">\n\t\t\t\t<div class=\"elementor-element elementor-element-58b9d77 e-con-full e-flex e-con e-parent\" data-id=\"58b9d77\" data-element_type=\"container\" data-e-type=\"container\" data-settings=\"{&quot;background_background&quot;:&quot;classic&quot;}\">\n\t\t<div class=\"elementor-element elementor-element-e72b74a e-con-full e-flex e-con e-child\" data-id=\"e72b74a\" data-element_type=\"container\" data-e-type=\"container\">\n\t\t\t\t<div class=\"elementor-element elementor-element-c6fac2d elementor-widget elementor-widget-text-editor\" data-id=\"c6fac2d\" data-element_type=\"widget\" data-e-type=\"widget\" data-widget_type=\"text-editor.default\">\n\t\t\t\t\t\t\t\t\t<p>Die Zukunft der Elektromobilit\u00e4t ist nicht nur auf Autobahnen und in St\u00e4dten sichtbar, sie erreicht auch Baustellen, Logistikzentren und sogar Festivals. Doch wie gelingt es, schwere Baumaschinen mitten im Schlamm einer Gro\u00dfbaustelle zu laden? Die Antwort: Mit dem LichtBlick FlexiCharger Pro, einer mobilen Schnellladel\u00f6sung, die aus einer mutigen Idee und einer starken Partnerschaft entstanden ist.<\/p>\t\t\t\t\t\t\t\t<\/div>\n\t\t\t\t<div class=\"elementor-element elementor-element-8f75177 elementor-widget elementor-widget-image\" data-id=\"8f75177\" data-element_type=\"widget\" data-e-type=\"widget\" data-widget_type=\"image.default\">\n\t\t\t\t\t\t\t\t\t\t\t\t<figure class=\"wp-caption\">\n\t\t\t\t\t\t\t\t\t\t<img fetchpriority=\"high\" decoding=\"async\" width=\"768\" height=\"384\" src=\"https:\/\/www.phoenixcontact-emobility.com\/wp-content\/uploads\/2026\/01\/00229943_full_b1000-e1768202740949-768x384.jpg\" class=\"attachment-medium_large size-medium_large wp-image-13404\" alt=\"In der Mitte des Bildes ist die mobile Ladel\u00f6sung FlexiCharge Pro von LichtBlick zu sehen. Links neben der mobilen Ladel\u00f6sung stehen drei Herren. Recht von der Ladel\u00f6sung stehen zwei Herren.\" srcset=\"https:\/\/www.phoenixcontact-emobility.com\/wp-content\/uploads\/2026\/01\/00229943_full_b1000-e1768202740949-768x384.jpg 768w, https:\/\/www.phoenixcontact-emobility.com\/wp-content\/uploads\/2026\/01\/00229943_full_b1000-e1768202740949-300x150.jpg 300w, https:\/\/www.phoenixcontact-emobility.com\/wp-content\/uploads\/2026\/01\/00229943_full_b1000-e1768202740949.jpg 1000w\" sizes=\"(max-width: 768px) 100vw, 768px\" \/>\t\t\t\t\t\t\t\t\t\t\t<figcaption class=\"widget-image-caption wp-caption-text\">Die mobile Ladel\u00f6sung LichtBlick FlexiCharger Pro. (v.l.n.r: Sebastian Ewert (LichtBlick eMobility), Tim Fl\u00f6ter (Phoenix Contact), Ralf Klingenberg (Beck Automation), Matthias Gehrsitz (Beck Automation), Thomas Keil (Phoenix Contact).<\/figcaption>\n\t\t\t\t\t\t\t\t\t\t<\/figure>\n\t\t\t\t\t\t\t\t\t<\/div>\n\t\t\t\t<div class=\"elementor-element elementor-element-7878621 elementor-widget elementor-widget-spacer\" data-id=\"7878621\" data-element_type=\"widget\" data-e-type=\"widget\" data-widget_type=\"spacer.default\">\n\t\t\t\t\t\t\t<div class=\"elementor-spacer\">\n\t\t\t<div class=\"elementor-spacer-inner\"><\/div>\n\t\t<\/div>\n\t\t\t\t\t\t<\/div>\n\t\t\t\t<div class=\"elementor-element elementor-element-8f89edb elementor-widget elementor-widget-text-editor\" data-id=\"8f89edb\" data-element_type=\"widget\" data-e-type=\"widget\" data-widget_type=\"text-editor.default\">\n\t\t\t\t\t\t\t\t\t<p>I<span class=\"TextRun SCXW223343478 BCX8\" lang=\"DE-DE\" xml:lang=\"DE-DE\" data-contrast=\"auto\"><span class=\"NormalTextRun SCXW223343478 BCX8\">m Podcast \u201e<a href=\"https:\/\/open.spotify.com\/show\/4bpn9gvvkUk0cu3EqwZRXf\" target=\"_blank\" rel=\"noopener\">Elektrisiert<\/a>\u201c von Phoenix Contact sprechen Sebastian Ewert, Gesch\u00e4ftsf\u00fchrer LichtBlick eMobility GmbH, Tim Fl\u00f6ter, <span class=\"TextRun SCXW222224447 BCX8\" lang=\"DE-DE\" xml:lang=\"DE-DE\" data-contrast=\"auto\"><span class=\"NormalTextRun SCXW222224447 BCX8\">Region Sales Director<\/span><\/span> Phoenix Contact Deutschland GmbH, und Moderatorin Christina Jahnich, Phoenix Contact GmbH &amp; Co. KG, \u00fcber die Idee, die im Garten entstand und mit einem Gro\u00dfprojekt Realit\u00e4t wurde.<\/span><\/span><\/p>\t\t\t\t\t\t\t\t<\/div>\n\t\t\t\t<div class=\"elementor-element elementor-element-37c9129 elementor-widget elementor-widget-heading\" data-id=\"37c9129\" data-element_type=\"widget\" data-e-type=\"widget\" data-widget_type=\"heading.default\">\n\t\t\t\t\t<h2 class=\"elementor-heading-title elementor-size-default\">Wer ist LichtBlick eMobility?<\/h2>\t\t\t\t<\/div>\n\t\t\t\t<div class=\"elementor-element elementor-element-019f4d7 elementor-widget elementor-widget-text-editor\" data-id=\"019f4d7\" data-element_type=\"widget\" data-e-type=\"widget\" data-widget_type=\"text-editor.default\">\n\t\t\t\t\t\t\t\t\t<p><a href=\"https:\/\/www.lichtblick.de\/gewerbe\/e-mobilitaet\/\" target=\"_blank\" rel=\"noopener\"><span class=\"TextRun Underlined SCXW100780143 BCX8\" lang=\"DE-DE\" xml:lang=\"DE-DE\" data-contrast=\"none\"><span class=\"NormalTextRun SCXW100780143 BCX8\" data-ccp-charstyle=\"Hyperlink\">LichtBlick eMobility<\/span><\/span><\/a><span class=\"TextRun SCXW100780143 BCX8\" lang=\"DE-DE\" xml:lang=\"DE-DE\" data-contrast=\"auto\"><span class=\"NormalTextRun SCXW100780143 BCX8\"> ist einer der f\u00fchrenden Anbieter f\u00fcr \u00d6kostrom und nachhaltige Energiel\u00f6sungen in Deutschland. Mit der Tochtergesellschaft LichtBlick eMobility GmbH treibt das Unternehmen die Elektromobilit\u00e4t voran: Aktuell sind bereits mehr als 10.000 Ladepunkte im Betrieb. Au\u00dferdem wird aktuell ein eigenes Schnellladenetz in Norddeutschland aufgebaut \u2013 davon 87 Ladestandorte bei Supermarktketten. Die L\u00f6sungen des Unternehmens richten sich sowohl an PKW als auch an elektrische LKW und Baumaschinen.<\/span><\/span><\/p>\t\t\t\t\t\t\t\t<\/div>\n\t\t\t\t<div class=\"elementor-element elementor-element-34b551c elementor-blockquote--skin-quotation elementor-blockquote--align-left elementor-widget elementor-widget-blockquote\" data-id=\"34b551c\" data-element_type=\"widget\" data-e-type=\"widget\" data-widget_type=\"blockquote.default\">\n\t\t\t\t\t\t\t<blockquote class=\"elementor-blockquote\">\n\t\t\t<p class=\"elementor-blockquote__content\">\n\t\t\t\t\"Wir wollen die Energiewende aktiv gestalten und Elektromobilit\u00e4t ist ein zentraler Baustein\", erkl\u00e4rt Sebastian Ewert im Podcast.\t\t\t<\/p>\n\t\t\t\t\t<\/blockquote>\n\t\t\t\t\t\t<\/div>\n\t\t\t\t<div class=\"elementor-element elementor-element-9e9744b elementor-widget elementor-widget-image\" data-id=\"9e9744b\" data-element_type=\"widget\" data-e-type=\"widget\" data-widget_type=\"image.default\">\n\t\t\t\t\t\t\t\t\t\t\t\t<figure class=\"wp-caption\">\n\t\t\t\t\t\t\t\t\t\t<img decoding=\"async\" width=\"300\" height=\"200\" src=\"https:\/\/www.phoenixcontact-emobility.com\/wp-content\/uploads\/2026\/01\/Sebastian-Ewert_LichtBlick-300x200.jpg\" class=\"attachment-medium size-medium wp-image-13434\" alt=\"Mann im Anzug steht in der Landschaft\" srcset=\"https:\/\/www.phoenixcontact-emobility.com\/wp-content\/uploads\/2026\/01\/Sebastian-Ewert_LichtBlick-300x200.jpg 300w, https:\/\/www.phoenixcontact-emobility.com\/wp-content\/uploads\/2026\/01\/Sebastian-Ewert_LichtBlick-1024x683.jpg 1024w, https:\/\/www.phoenixcontact-emobility.com\/wp-content\/uploads\/2026\/01\/Sebastian-Ewert_LichtBlick-768x512.jpg 768w, https:\/\/www.phoenixcontact-emobility.com\/wp-content\/uploads\/2026\/01\/Sebastian-Ewert_LichtBlick-1536x1024.jpg 1536w, https:\/\/www.phoenixcontact-emobility.com\/wp-content\/uploads\/2026\/01\/Sebastian-Ewert_LichtBlick.jpg 1920w\" sizes=\"(max-width: 300px) 100vw, 300px\" \/>\t\t\t\t\t\t\t\t\t\t\t<figcaption class=\"widget-image-caption wp-caption-text\">Sebastian Ewert, Gesch\u00e4ftsf\u00fchrer LichtBlick eMobility GmbH<\/figcaption>\n\t\t\t\t\t\t\t\t\t\t<\/figure>\n\t\t\t\t\t\t\t\t\t<\/div>\n\t\t\t\t<div class=\"elementor-element elementor-element-ce06ce0 elementor-widget elementor-widget-heading\" data-id=\"ce06ce0\" data-element_type=\"widget\" data-e-type=\"widget\" data-widget_type=\"heading.default\">\n\t\t\t\t\t<h2 class=\"elementor-heading-title elementor-size-default\">Von der Idee zur Realit\u00e4t<\/h2>\t\t\t\t<\/div>\n\t\t\t\t<div class=\"elementor-element elementor-element-42f8f56 elementor-widget elementor-widget-text-editor\" data-id=\"42f8f56\" data-element_type=\"widget\" data-e-type=\"widget\" data-widget_type=\"text-editor.default\">\n\t\t\t\t\t\t\t\t\t<p>Die Geschichte beginnt im Garten von Tim Fl\u00f6ter. Bei einem Gespr\u00e4ch mit einem Baggerfahrer erf\u00e4hrt er, dass dieser Testfahrer f\u00fcr elektrische Baumaschinen ist. Aus einem Smalltalk heraus erfolgt die Vernetzung zwischen Tim Fl\u00f6ter mit dem Unternehmen. Einige Wochen sp\u00e4ter kommt der entscheidende Anruf des Herstellers dieser elektrischen Baumaschinen: \u201eIch brauche in einer Woche eine Lades\u00e4ule in Hamburg \u2013 funktionsf\u00e4hig auf einer Baustelle.&#8220; Tim Fl\u00f6ter wusste sofort, wen er anrufen musste: Sebastian Ewert.<\/p>\t\t\t\t\t\t\t\t<\/div>\n\t\t\t\t<div class=\"elementor-element elementor-element-93306c0 elementor-blockquote--skin-quotation elementor-blockquote--align-left elementor-widget elementor-widget-blockquote\" data-id=\"93306c0\" data-element_type=\"widget\" data-e-type=\"widget\" data-widget_type=\"blockquote.default\">\n\t\t\t\t\t\t\t<blockquote class=\"elementor-blockquote\">\n\t\t\t<p class=\"elementor-blockquote__content\">\n\t\t\t\t\"Geht nicht, gibt\u2019s nicht. Wir haben innerhalb von sieben Tagen eine 150-kW-Ladestation mitten auf der Gro\u00dfbaustelle installiert. Auf einem Betonfundament, im Schlamm. Das war die erste mobile Ladesl\u00f6sung, die LichtBlick verkauft hat\", erkl\u00e4rt Ewert.\t\t\t<\/p>\n\t\t\t\t\t<\/blockquote>\n\t\t\t\t\t\t<\/div>\n\t\t\t\t<div class=\"elementor-element elementor-element-f657ff4 elementor-widget elementor-widget-spacer\" data-id=\"f657ff4\" data-element_type=\"widget\" data-e-type=\"widget\" data-widget_type=\"spacer.default\">\n\t\t\t\t\t\t\t<div class=\"elementor-spacer\">\n\t\t\t<div class=\"elementor-spacer-inner\"><\/div>\n\t\t<\/div>\n\t\t\t\t\t\t<\/div>\n\t\t\t\t<div class=\"elementor-element elementor-element-ca9e7c6 elementor-widget elementor-widget-heading\" data-id=\"ca9e7c6\" data-element_type=\"widget\" data-e-type=\"widget\" data-widget_type=\"heading.default\">\n\t\t\t\t\t<h2 class=\"elementor-heading-title elementor-size-default\">Mobile Ladel\u00f6sung LichtBlick FlexiCharger Pro<\/h2>\t\t\t\t<\/div>\n\t\t\t\t<div class=\"elementor-element elementor-element-c9d9705 elementor-widget elementor-widget-text-editor\" data-id=\"c9d9705\" data-element_type=\"widget\" data-e-type=\"widget\" data-widget_type=\"text-editor.default\">\n\t\t\t\t\t\t\t\t\t<p>Aus dieser Erfahrung entstand der LichtBlick FlexiCharger Pro, eine mobile Schnellladel\u00f6sung f\u00fcr Baustellen, LKW-Depots oder f\u00fcr Veranstaltungen.<\/p>\t\t\t\t\t\t\t\t<\/div>\n\t\t\t\t<div class=\"elementor-element elementor-element-155cfc8 elementor-blockquote--skin-quotation elementor-blockquote--align-left elementor-widget elementor-widget-blockquote\" data-id=\"155cfc8\" data-element_type=\"widget\" data-e-type=\"widget\" data-widget_type=\"blockquote.default\">\n\t\t\t\t\t\t\t<blockquote class=\"elementor-blockquote\">\n\t\t\t<p class=\"elementor-blockquote__content\">\n\t\t\t\t\"Wir haben alles weggelassen, was man auf der Baustelle nicht braucht. Keine komplizierte Freischaltung, kein unn\u00f6tiger Schnickschnack\", fasst Sebastian Ewert zusammen.\t\t\t<\/p>\n\t\t\t\t\t<\/blockquote>\n\t\t\t\t\t\t<\/div>\n\t\t\t\t<div class=\"elementor-element elementor-element-d33bc00 elementor-widget elementor-widget-text-editor\" data-id=\"d33bc00\" data-element_type=\"widget\" data-e-type=\"widget\" data-widget_type=\"text-editor.default\">\n\t\t\t\t\t\t\t\t\t<p><span class=\"TextRun SCXW213883102 BCX8\" lang=\"DE-DE\" xml:lang=\"DE-DE\" data-contrast=\"auto\"><span class=\"NormalTextRun SCXW213883102 BCX8\">Das sind die Besonderheiten des LichtBlick <\/span><span class=\"NormalTextRun SpellingErrorV2Themed SCXW213883102 BCX8\">FlexiCharger<\/span><span class=\"NormalTextRun SCXW213883102 BCX8\">\u00a0Pro<\/span><span class=\"NormalTextRun SCXW213883102 BCX8\">:<\/span><\/span><span class=\"EOP SCXW213883102 BCX8\" data-ccp-props=\"{&quot;201341983&quot;:0,&quot;335559739&quot;:0,&quot;335559740&quot;:300}\">\u00a0<\/span><\/p>\t\t\t\t\t\t\t\t<\/div>\n\t\t\t\t<div class=\"elementor-element elementor-element-63b531b elementor-icon-list--layout-traditional elementor-list-item-link-full_width elementor-widget elementor-widget-icon-list\" data-id=\"63b531b\" data-element_type=\"widget\" data-e-type=\"widget\" data-widget_type=\"icon-list.default\">\n\t\t\t\t\t\t\t<ul class=\"elementor-icon-list-items\">\n\t\t\t\t\t\t\t<li class=\"elementor-icon-list-item\">\n\t\t\t\t\t\t\t\t\t\t\t<span class=\"elementor-icon-list-icon\">\n\t\t\t\t\t\t\t<svg aria-hidden=\"true\" class=\"e-font-icon-svg e-fas-circle\" viewBox=\"0 0 512 512\" xmlns=\"http:\/\/www.w3.org\/2000\/svg\"><path d=\"M256 8C119 8 8 119 8 256s111 248 248 248 248-111 248-248S393 8 256 8z\"><\/path><\/svg>\t\t\t\t\t\t<\/span>\n\t\t\t\t\t\t\t\t\t\t<span class=\"elementor-icon-list-text\">Flexibel: Ladeleistung von 22 bis 150 kW, anpassbar per Drehschalter.<\/span>\n\t\t\t\t\t\t\t\t\t<\/li>\n\t\t\t\t\t\t\t\t<li class=\"elementor-icon-list-item\">\n\t\t\t\t\t\t\t\t\t\t\t<span class=\"elementor-icon-list-icon\">\n\t\t\t\t\t\t\t<svg aria-hidden=\"true\" class=\"e-font-icon-svg e-fas-circle\" viewBox=\"0 0 512 512\" xmlns=\"http:\/\/www.w3.org\/2000\/svg\"><path d=\"M256 8C119 8 8 119 8 256s111 248 248 248 248-111 248-248S393 8 256 8z\"><\/path><\/svg>\t\t\t\t\t\t<\/span>\n\t\t\t\t\t\t\t\t\t\t<span class=\"elementor-icon-list-text\">Mobil: Nur 400 kg, integrierte Europalette und \u00d6sen zum Transport.<\/span>\n\t\t\t\t\t\t\t\t\t<\/li>\n\t\t\t\t\t\t\t\t<li class=\"elementor-icon-list-item\">\n\t\t\t\t\t\t\t\t\t\t\t<span class=\"elementor-icon-list-icon\">\n\t\t\t\t\t\t\t<svg aria-hidden=\"true\" class=\"e-font-icon-svg e-fas-circle\" viewBox=\"0 0 512 512\" xmlns=\"http:\/\/www.w3.org\/2000\/svg\"><path d=\"M256 8C119 8 8 119 8 256s111 248 248 248 248-111 248-248S393 8 256 8z\"><\/path><\/svg>\t\t\t\t\t\t<\/span>\n\t\t\t\t\t\t\t\t\t\t<span class=\"elementor-icon-list-text\">Modular: Staplerf\u00e4hig, kranbar und modular aufgebaut.<\/span>\n\t\t\t\t\t\t\t\t\t<\/li>\n\t\t\t\t\t\t\t\t<li class=\"elementor-icon-list-item\">\n\t\t\t\t\t\t\t\t\t\t\t<span class=\"elementor-icon-list-icon\">\n\t\t\t\t\t\t\t<svg aria-hidden=\"true\" class=\"e-font-icon-svg e-fas-circle\" viewBox=\"0 0 512 512\" xmlns=\"http:\/\/www.w3.org\/2000\/svg\"><path d=\"M256 8C119 8 8 119 8 256s111 248 248 248 248-111 248-248S393 8 256 8z\"><\/path><\/svg>\t\t\t\t\t\t<\/span>\n\t\t\t\t\t\t\t\t\t\t<span class=\"elementor-icon-list-text\">Robust: Wetterfestes L\u00fcftungskonzept f\u00fcr den Einsatz auf Baustellen.<\/span>\n\t\t\t\t\t\t\t\t\t<\/li>\n\t\t\t\t\t\t\t\t<li class=\"elementor-icon-list-item\">\n\t\t\t\t\t\t\t\t\t\t\t<span class=\"elementor-icon-list-icon\">\n\t\t\t\t\t\t\t<svg aria-hidden=\"true\" class=\"e-font-icon-svg e-fas-circle\" viewBox=\"0 0 512 512\" xmlns=\"http:\/\/www.w3.org\/2000\/svg\"><path d=\"M256 8C119 8 8 119 8 256s111 248 248 248 248-111 248-248S393 8 256 8z\"><\/path><\/svg>\t\t\t\t\t\t<\/span>\n\t\t\t\t\t\t\t\t\t\t<span class=\"elementor-icon-list-text\">Service: Standardkomponenten aus der Elektrotechnik f\u00fcr schnelle und langfristige Ersatzteilverf\u00fcgbarkeit.<\/span>\n\t\t\t\t\t\t\t\t\t<\/li>\n\t\t\t\t\t\t<\/ul>\n\t\t\t\t\t\t<\/div>\n\t\t\t\t<div class=\"elementor-element elementor-element-9a5f904 elementor-widget elementor-widget-image\" data-id=\"9a5f904\" data-element_type=\"widget\" data-e-type=\"widget\" data-widget_type=\"image.default\">\n\t\t\t\t\t\t\t\t\t\t\t\t<figure class=\"wp-caption\">\n\t\t\t\t\t\t\t\t\t\t<img decoding=\"async\" src=\"https:\/\/www.phoenixcontact-emobility.com\/wp-content\/uploads\/elementor\/thumbs\/LichtBlick-FlexiCharger-Pro_innenansicht_1-e1768308573925-rhlgomqn69j33r6zeuore5r2wjkym8h24414kj4j1s.jpg\" title=\"LichtBlick FlexiCharger Pro_innenansicht_1\" alt=\"Die mobile Ladel\u00f6sung LichtBlick FlexiCharger Pro im Detail.\" loading=\"lazy\" \/>\t\t\t\t\t\t\t\t\t\t\t<figcaption class=\"widget-image-caption wp-caption-text\">Die mobile Ladel\u00f6sung LichtBlick FlexiCharger Pro im Detail.<\/figcaption>\n\t\t\t\t\t\t\t\t\t\t<\/figure>\n\t\t\t\t\t\t\t\t\t<\/div>\n\t\t\t\t<div class=\"elementor-element elementor-element-1ef116c elementor-widget elementor-widget-text-editor\" data-id=\"1ef116c\" data-element_type=\"widget\" data-e-type=\"widget\" data-widget_type=\"text-editor.default\">\n\t\t\t\t\t\t\t\t\t<p>Den LichtBlick Flexicharger Pro gibt es auch zur Miete. Diese M\u00f6glichkeit ist ideal f\u00fcr Testphasen, kurzfristige Projekte und Veranstaltungen, wie zum Beispiel Festivals. Auch kann die mobile Ladel\u00f6sung als \u00dcbergangsl\u00f6sung genutzt werden, wenn die eigene Lades\u00e4ule und\/oder Netzanschluss noch nicht verf\u00fcgbar sind.<\/p>\t\t\t\t\t\t\t\t<\/div>\n\t\t\t\t<div class=\"elementor-element elementor-element-0c9e9d6 elementor-widget elementor-widget-heading\" data-id=\"0c9e9d6\" data-element_type=\"widget\" data-e-type=\"widget\" data-widget_type=\"heading.default\">\n\t\t\t\t\t<h2 class=\"elementor-heading-title elementor-size-default\">Warum LichtBlick und Phoenix Contact?<\/h2>\t\t\t\t<\/div>\n\t\t\t\t<div class=\"elementor-element elementor-element-9b607d6 elementor-widget elementor-widget-text-editor\" data-id=\"9b607d6\" data-element_type=\"widget\" data-e-type=\"widget\" data-widget_type=\"text-editor.default\">\n\t\t\t\t\t\t\t\t\t<p>Die Zusammenarbeit war der Schl\u00fcssel zum Erfolg. Beide Unternehmen bringen ihre St\u00e4rken ein: LichtBlick als Vorreiter f\u00fcr nachhaltige Energiel\u00f6sungen und Phoenix Contact als Technologiepartner f\u00fcr modulare Ladeinfrastruktur. Ewert erkl\u00e4rt, Phoenix Contact liefert die modularen Komponenten, die f\u00fcr eine robuste und flexible L\u00f6sung gebraucht werden. Gemeinsam wurde so ein Produkt entwickelt, das die Anforderungen der Baustelle erf\u00fcllt.<\/p>\t\t\t\t\t\t\t\t<\/div>\n\t\t\t\t<div class=\"elementor-element elementor-element-106e91a elementor-widget elementor-widget-heading\" data-id=\"106e91a\" data-element_type=\"widget\" data-e-type=\"widget\" data-widget_type=\"heading.default\">\n\t\t\t\t\t<h2 class=\"elementor-heading-title elementor-size-default\">Ausblick<\/h2>\t\t\t\t<\/div>\n\t\t\t\t<div class=\"elementor-element elementor-element-4fe9f12 elementor-widget elementor-widget-text-editor\" data-id=\"4fe9f12\" data-element_type=\"widget\" data-e-type=\"widget\" data-widget_type=\"text-editor.default\">\n\t\t\t\t\t\t\t\t\t<p><span class=\"TextRun SCXW193124870 BCX8\" lang=\"DE-DE\" xml:lang=\"DE-DE\" data-contrast=\"auto\"><span class=\"NormalTextRun SCXW193124870 BCX8\">Die Zukunft der Bau- und Logistikbranche ist elektrisch und das aus gutem Grund<\/span><span class=\"NormalTextRun SCXW193124870 BCX8\">:<\/span><\/span><span class=\"EOP SCXW193124870 BCX8\" data-ccp-props=\"{&quot;201341983&quot;:0,&quot;335559739&quot;:0,&quot;335559740&quot;:300}\">\u00a0<\/span><\/p>\t\t\t\t\t\t\t\t<\/div>\n\t\t\t\t<div class=\"elementor-element elementor-element-68060ac elementor-icon-list--layout-traditional elementor-list-item-link-full_width elementor-widget elementor-widget-icon-list\" data-id=\"68060ac\" data-element_type=\"widget\" data-e-type=\"widget\" data-widget_type=\"icon-list.default\">\n\t\t\t\t\t\t\t<ul class=\"elementor-icon-list-items\">\n\t\t\t\t\t\t\t<li class=\"elementor-icon-list-item\">\n\t\t\t\t\t\t\t\t\t\t\t<span class=\"elementor-icon-list-icon\">\n\t\t\t\t\t\t\t<svg aria-hidden=\"true\" class=\"e-font-icon-svg e-fas-circle\" viewBox=\"0 0 512 512\" xmlns=\"http:\/\/www.w3.org\/2000\/svg\"><path d=\"M256 8C119 8 8 119 8 256s111 248 248 248 248-111 248-248S393 8 256 8z\"><\/path><\/svg>\t\t\t\t\t\t<\/span>\n\t\t\t\t\t\t\t\t\t\t<span class=\"elementor-icon-list-text\">Klimaneutrale Baustellen: Immer mehr Ausschreibungen verlangen CO\u2082-Reduktion.  <\/span>\n\t\t\t\t\t\t\t\t\t<\/li>\n\t\t\t\t\t\t\t\t<li class=\"elementor-icon-list-item\">\n\t\t\t\t\t\t\t\t\t\t\t<span class=\"elementor-icon-list-icon\">\n\t\t\t\t\t\t\t<svg aria-hidden=\"true\" class=\"e-font-icon-svg e-fas-circle\" viewBox=\"0 0 512 512\" xmlns=\"http:\/\/www.w3.org\/2000\/svg\"><path d=\"M256 8C119 8 8 119 8 256s111 248 248 248 248-111 248-248S393 8 256 8z\"><\/path><\/svg>\t\t\t\t\t\t<\/span>\n\t\t\t\t\t\t\t\t\t\t<span class=\"elementor-icon-list-text\">L\u00e4rmminderung: Elektrische Maschinen sind deutlich leiser.  <\/span>\n\t\t\t\t\t\t\t\t\t<\/li>\n\t\t\t\t\t\t<\/ul>\n\t\t\t\t\t\t<\/div>\n\t\t\t\t<div class=\"elementor-element elementor-element-84bf102 elementor-widget elementor-widget-text-editor\" data-id=\"84bf102\" data-element_type=\"widget\" data-e-type=\"widget\" data-widget_type=\"text-editor.default\">\n\t\t\t\t\t\t\t\t\t<p><span class=\"TextRun SCXW97305585 BCX8\" lang=\"DE-DE\" xml:lang=\"DE-DE\" data-contrast=\"auto\"><span class=\"NormalTextRun SCXW97305585 BCX8\">Die Vorteile sind nicht nur \u00f6kologisch, sondern auch wirtschaftlich:<\/span><\/span><\/p>\t\t\t\t\t\t\t\t<\/div>\n\t\t\t\t<div class=\"elementor-element elementor-element-e53a909 elementor-blockquote--skin-quotation elementor-blockquote--align-left elementor-widget elementor-widget-blockquote\" data-id=\"e53a909\" data-element_type=\"widget\" data-e-type=\"widget\" data-widget_type=\"blockquote.default\">\n\t\t\t\t\t\t\t<blockquote class=\"elementor-blockquote\">\n\t\t\t<p class=\"elementor-blockquote__content\">\n\t\t\t\t\"Es ist eine rationale Entscheidung. Elektromobilit\u00e4t spart Kosten, reduziert Wartung und macht Baustellen zukunftsf\u00e4hig\", so Sebastian Ewert.\t\t\t<\/p>\n\t\t\t\t\t<\/blockquote>\n\t\t\t\t\t\t<\/div>\n\t\t\t\t<div class=\"elementor-element elementor-element-1b14020 elementor-widget elementor-widget-image\" data-id=\"1b14020\" data-element_type=\"widget\" data-e-type=\"widget\" data-widget_type=\"image.default\">\n\t\t\t\t\t\t\t\t\t\t\t\t\t\t\t\t<a href=\"https:\/\/open.spotify.com\/episode\/2UtefoU0iR2toCxmscbZev?si=3fa72920fb0f499d\" target=\"_blank\" rel=\"noopener\">\n\t\t\t\t\t\t\t<img decoding=\"async\" width=\"300\" height=\"200\" src=\"https:\/\/www.phoenixcontact-emobility.com\/wp-content\/uploads\/2026\/01\/00229053_full_b1000-300x200.jpg\" class=\"attachment-medium size-medium wp-image-13407\" alt=\"Zwei Herren und eine Name im Tonstudio.\" srcset=\"https:\/\/www.phoenixcontact-emobility.com\/wp-content\/uploads\/2026\/01\/00229053_full_b1000-300x200.jpg 300w, https:\/\/www.phoenixcontact-emobility.com\/wp-content\/uploads\/2026\/01\/00229053_full_b1000-768x512.jpg 768w, https:\/\/www.phoenixcontact-emobility.com\/wp-content\/uploads\/2026\/01\/00229053_full_b1000.jpg 1000w\" sizes=\"(max-width: 300px) 100vw, 300px\" \/>\t\t\t\t\t\t\t\t<\/a>\n\t\t\t\t\t\t\t\t\t\t\t\t\t\t\t<\/div>\n\t\t\t\t<div class=\"elementor-element elementor-element-60bf246 elementor-align-right elementor-widget elementor-widget-button\" data-id=\"60bf246\" data-element_type=\"widget\" data-e-type=\"widget\" data-widget_type=\"button.default\">\n\t\t\t\t\t\t\t\t\t\t<a class=\"elementor-button elementor-button-link elementor-size-sm\" href=\"https:\/\/open.spotify.com\/episode\/2UtefoU0iR2toCxmscbZev?si=3fa72920fb0f499d\" target=\"_blank\" rel=\"noopener\">\n\t\t\t\t\t\t<span class=\"elementor-button-content-wrapper\">\n\t\t\t\t\t\t\t\t\t<span class=\"elementor-button-text\">Zum Podcast <\/span>\n\t\t\t\t\t<\/span>\n\t\t\t\t\t<\/a>\n\t\t\t\t\t\t\t\t<\/div>\n\t\t\t\t<div class=\"elementor-element elementor-element-f978528 e-grid-align-right elementor-shape-rounded elementor-grid-0 elementor-widget elementor-widget-social-icons\" data-id=\"f978528\" data-element_type=\"widget\" data-e-type=\"widget\" data-widget_type=\"social-icons.default\">\n\t\t\t\t\t\t\t<div class=\"elementor-social-icons-wrapper elementor-grid\">\n\t\t\t\t\t\t\t<span class=\"elementor-grid-item\">\n\t\t\t\t\t<a class=\"elementor-icon elementor-social-icon elementor-social-icon-spotify elementor-repeater-item-85a3487\" href=\"https:\/\/open.spotify.com\/episode\/2UtefoU0iR2toCxmscbZev?si=3fa72920fb0f499d\" target=\"_blank\" rel=\"noopener\">\n\t\t\t\t\t\t<span class=\"elementor-screen-only\">Spotify<\/span>\n\t\t\t\t\t\t<svg aria-hidden=\"true\" class=\"e-font-icon-svg e-fab-spotify\" viewBox=\"0 0 496 512\" xmlns=\"http:\/\/www.w3.org\/2000\/svg\"><path d=\"M248 8C111.1 8 0 119.1 0 256s111.1 248 248 248 248-111.1 248-248S384.9 8 248 8zm100.7 364.9c-4.2 0-6.8-1.3-10.7-3.6-62.4-37.6-135-39.2-206.7-24.5-3.9 1-9 2.6-11.9 2.6-9.7 0-15.8-7.7-15.8-15.8 0-10.3 6.1-15.2 13.6-16.8 81.9-18.1 165.6-16.5 237 26.2 6.1 3.9 9.7 7.4 9.7 16.5s-7.1 15.4-15.2 15.4zm26.9-65.6c-5.2 0-8.7-2.3-12.3-4.2-62.5-37-155.7-51.9-238.6-29.4-4.8 1.3-7.4 2.6-11.9 2.6-10.7 0-19.4-8.7-19.4-19.4s5.2-17.8 15.5-20.7c27.8-7.8 56.2-13.6 97.8-13.6 64.9 0 127.6 16.1 177 45.5 8.1 4.8 11.3 11 11.3 19.7-.1 10.8-8.5 19.5-19.4 19.5zm31-76.2c-5.2 0-8.4-1.3-12.9-3.9-71.2-42.5-198.5-52.7-280.9-29.7-3.6 1-8.1 2.6-12.9 2.6-13.2 0-23.3-10.3-23.3-23.6 0-13.6 8.4-21.3 17.4-23.9 35.2-10.3 74.6-15.2 117.5-15.2 73 0 149.5 15.2 205.4 47.8 7.8 4.5 12.9 10.7 12.9 22.6 0 13.6-11 23.3-23.2 23.3z\"><\/path><\/svg>\t\t\t\t\t<\/a>\n\t\t\t\t<\/span>\n\t\t\t\t\t<\/div>\n\t\t\t\t\t\t<\/div>\n\t\t\t\t<div class=\"elementor-element elementor-element-a3e23e1 elementor-widget elementor-widget-text-editor\" data-id=\"a3e23e1\" data-element_type=\"widget\" data-e-type=\"widget\" data-widget_type=\"text-editor.default\">\n\t\t\t\t\t\t\t\t\t<h5>FAQ<\/h5>\t\t\t\t\t\t\t\t<\/div>\n\t\t\t\t<div class=\"elementor-element elementor-element-8742241 elementor-widget elementor-widget-text-editor\" data-id=\"8742241\" data-element_type=\"widget\" data-e-type=\"widget\" data-widget_type=\"text-editor.default\">\n\t\t\t\t\t\t\t\t\t<h2>H\u00e4ufig gestellte Fragen<\/h2>\t\t\t\t\t\t\t\t<\/div>\n\t\t\t\t<div class=\"elementor-element elementor-element-dc027e6 elementor-widget elementor-widget-n-accordion\" data-id=\"dc027e6\" data-element_type=\"widget\" data-e-type=\"widget\" data-settings=\"{&quot;default_state&quot;:&quot;all_collapsed&quot;,&quot;max_items_expended&quot;:&quot;multiple&quot;,&quot;n_accordion_animation_duration&quot;:{&quot;unit&quot;:&quot;ms&quot;,&quot;size&quot;:400,&quot;sizes&quot;:[]}}\" data-widget_type=\"nested-accordion.default\">\n\t\t\t\t\t\t\t<div class=\"e-n-accordion\" aria-label=\"Accordion. Open links with Enter or Space, close with Escape, and navigate with Arrow Keys\">\n\t\t\t\t\t\t<details id=\"e-n-accordion-item-2300\" class=\"e-n-accordion-item\" >\n\t\t\t\t<summary class=\"e-n-accordion-item-title\" data-accordion-index=\"1\" tabindex=\"0\" aria-expanded=\"false\" aria-controls=\"e-n-accordion-item-2300\" >\n\t\t\t\t\t<span class='e-n-accordion-item-title-header'><h3 class=\"e-n-accordion-item-title-text\"> Was ist LichtBlick FlexiCharger Pro? <\/h3><\/span>\n\t\t\t\t\t\t\t<span class='e-n-accordion-item-title-icon'>\n\t\t\t<span class='e-opened' ><svg aria-hidden=\"true\" class=\"e-font-icon-svg e-fas-minus\" viewBox=\"0 0 448 512\" xmlns=\"http:\/\/www.w3.org\/2000\/svg\"><path d=\"M416 208H32c-17.67 0-32 14.33-32 32v32c0 17.67 14.33 32 32 32h384c17.67 0 32-14.33 32-32v-32c0-17.67-14.33-32-32-32z\"><\/path><\/svg><\/span>\n\t\t\t<span class='e-closed'><svg aria-hidden=\"true\" class=\"e-font-icon-svg e-fas-plus\" viewBox=\"0 0 448 512\" xmlns=\"http:\/\/www.w3.org\/2000\/svg\"><path d=\"M416 208H272V64c0-17.67-14.33-32-32-32h-32c-17.67 0-32 14.33-32 32v144H32c-17.67 0-32 14.33-32 32v32c0 17.67 14.33 32 32 32h144v144c0 17.67 14.33 32 32 32h32c17.67 0 32-14.33 32-32V304h144c17.67 0 32-14.33 32-32v-32c0-17.67-14.33-32-32-32z\"><\/path><\/svg><\/span>\n\t\t<\/span>\n\n\t\t\t\t\t\t<\/summary>\n\t\t\t\t<div role=\"region\" aria-labelledby=\"e-n-accordion-item-2300\" class=\"elementor-element elementor-element-5346dff e-con-full e-flex e-con e-child\" data-id=\"5346dff\" data-element_type=\"container\" data-e-type=\"container\">\n\t\t\t\t<div class=\"elementor-element elementor-element-99f4cb6 elementor-widget elementor-widget-text-editor\" data-id=\"99f4cb6\" data-element_type=\"widget\" data-e-type=\"widget\" data-widget_type=\"text-editor.default\">\n\t\t\t\t\t\t\t\t\t<p><span class=\"TextRun SCXW5977410 BCX8\" lang=\"DE-DE\" xml:lang=\"DE-DE\" data-contrast=\"auto\"><span class=\"NormalTextRun SCXW5977410 BCX8\">LichtBlick FlexiCharger Pro ist eine mobile Schnellladel\u00f6sung<\/span><span class=\"NormalTextRun SCXW5977410 BCX8\">\u00a0f\u00fcr Baustellen, Logistik und Events \u2013 flexibel, robust, sofort einsatzbereit und auch zur Miete verf\u00fcgbar.<\/span><\/span><span class=\"EOP SCXW5977410 BCX8\" data-ccp-props=\"{&quot;134233117&quot;:false,&quot;134233118&quot;:false,&quot;201341983&quot;:0,&quot;335551550&quot;:0,&quot;335551620&quot;:0,&quot;335559738&quot;:0,&quot;335559739&quot;:0,&quot;335559740&quot;:300}\">\u00a0<\/span><\/p>\t\t\t\t\t\t\t\t<\/div>\n\t\t\t\t<\/div>\n\t\t\t\t\t<\/details>\n\t\t\t\t\t\t<details id=\"e-n-accordion-item-2301\" class=\"e-n-accordion-item\" >\n\t\t\t\t<summary class=\"e-n-accordion-item-title\" data-accordion-index=\"2\" tabindex=\"-1\" aria-expanded=\"false\" aria-controls=\"e-n-accordion-item-2301\" >\n\t\t\t\t\t<span class='e-n-accordion-item-title-header'><h3 class=\"e-n-accordion-item-title-text\"> Welche Vorteile bietet die mobile Ladel\u00f6sung LichtBlick FlexiCharger Pro?  <\/h3><\/span>\n\t\t\t\t\t\t\t<span class='e-n-accordion-item-title-icon'>\n\t\t\t<span class='e-opened' ><svg aria-hidden=\"true\" class=\"e-font-icon-svg e-fas-minus\" viewBox=\"0 0 448 512\" xmlns=\"http:\/\/www.w3.org\/2000\/svg\"><path d=\"M416 208H32c-17.67 0-32 14.33-32 32v32c0 17.67 14.33 32 32 32h384c17.67 0 32-14.33 32-32v-32c0-17.67-14.33-32-32-32z\"><\/path><\/svg><\/span>\n\t\t\t<span class='e-closed'><svg aria-hidden=\"true\" class=\"e-font-icon-svg e-fas-plus\" viewBox=\"0 0 448 512\" xmlns=\"http:\/\/www.w3.org\/2000\/svg\"><path d=\"M416 208H272V64c0-17.67-14.33-32-32-32h-32c-17.67 0-32 14.33-32 32v144H32c-17.67 0-32 14.33-32 32v32c0 17.67 14.33 32 32 32h144v144c0 17.67 14.33 32 32 32h32c17.67 0 32-14.33 32-32V304h144c17.67 0 32-14.33 32-32v-32c0-17.67-14.33-32-32-32z\"><\/path><\/svg><\/span>\n\t\t<\/span>\n\n\t\t\t\t\t\t<\/summary>\n\t\t\t\t<div role=\"region\" aria-labelledby=\"e-n-accordion-item-2301\" class=\"elementor-element elementor-element-245bcf5 e-con-full e-flex e-con e-child\" data-id=\"245bcf5\" data-element_type=\"container\" data-e-type=\"container\">\n\t\t\t\t<div class=\"elementor-element elementor-element-0ede03f elementor-widget elementor-widget-text-editor\" data-id=\"0ede03f\" data-element_type=\"widget\" data-e-type=\"widget\" data-widget_type=\"text-editor.default\">\n\t\t\t\t\t\t\t\t\t<div>Die mobile Ladel\u00f6sung LichtBlick FlexiCharger Pro \u00fcberzeugt durch eine Kombination aus Flexibilit\u00e4t, Mobilit\u00e4t und Robustheit. Mit einer Ladeleistung von 22 bis 150 kW, die sich einfach per Drehschalter anpassen l\u00e4sst, bietet sie maximale Flexibilit\u00e4t f\u00fcr unterschiedliche Anforderungen. Dank ihres geringen Gewichts von nur 400 kg, der integrierten Europalette sowie \u00d6sen ist der LichtBlick FlexiCharger Pro nicht nur leicht zu transportieren, sondern auch staplerf\u00e4hig und kranbar.<\/div>\t\t\t\t\t\t\t\t<\/div>\n\t\t\t\t<\/div>\n\t\t\t\t\t<\/details>\n\t\t\t\t\t\t<details id=\"e-n-accordion-item-2302\" class=\"e-n-accordion-item\" >\n\t\t\t\t<summary class=\"e-n-accordion-item-title\" data-accordion-index=\"3\" tabindex=\"-1\" aria-expanded=\"false\" aria-controls=\"e-n-accordion-item-2302\" >\n\t\t\t\t\t<span class='e-n-accordion-item-title-header'><h3 class=\"e-n-accordion-item-title-text\"> Warum ist die Zukunft der Bau- und Logistikbranche elektrisch? <\/h3><\/span>\n\t\t\t\t\t\t\t<span class='e-n-accordion-item-title-icon'>\n\t\t\t<span class='e-opened' ><svg aria-hidden=\"true\" class=\"e-font-icon-svg e-fas-minus\" viewBox=\"0 0 448 512\" xmlns=\"http:\/\/www.w3.org\/2000\/svg\"><path d=\"M416 208H32c-17.67 0-32 14.33-32 32v32c0 17.67 14.33 32 32 32h384c17.67 0 32-14.33 32-32v-32c0-17.67-14.33-32-32-32z\"><\/path><\/svg><\/span>\n\t\t\t<span class='e-closed'><svg aria-hidden=\"true\" class=\"e-font-icon-svg e-fas-plus\" viewBox=\"0 0 448 512\" xmlns=\"http:\/\/www.w3.org\/2000\/svg\"><path d=\"M416 208H272V64c0-17.67-14.33-32-32-32h-32c-17.67 0-32 14.33-32 32v144H32c-17.67 0-32 14.33-32 32v32c0 17.67 14.33 32 32 32h144v144c0 17.67 14.33 32 32 32h32c17.67 0 32-14.33 32-32V304h144c17.67 0 32-14.33 32-32v-32c0-17.67-14.33-32-32-32z\"><\/path><\/svg><\/span>\n\t\t<\/span>\n\n\t\t\t\t\t\t<\/summary>\n\t\t\t\t<div role=\"region\" aria-labelledby=\"e-n-accordion-item-2302\" class=\"elementor-element elementor-element-05ae66e e-con-full e-flex e-con e-child\" data-id=\"05ae66e\" data-element_type=\"container\" data-e-type=\"container\">\n\t\t\t\t<div class=\"elementor-element elementor-element-9497cd4 elementor-widget elementor-widget-text-editor\" data-id=\"9497cd4\" data-element_type=\"widget\" data-e-type=\"widget\" data-widget_type=\"text-editor.default\">\n\t\t\t\t\t\t\t\t\t<p><span class=\"TextRun SCXW67208404 BCX8\" lang=\"DE-DE\" xml:lang=\"DE-DE\" data-contrast=\"auto\"><span class=\"NormalTextRun SCXW67208404 BCX8\">Immer mehr Baustellen werden klimaneutral und leiser, Elektromobilit\u00e4t spart Kosten und macht Projekte zukunftsf\u00e4hig.<\/span><\/span><span class=\"EOP SCXW67208404 BCX8\" data-ccp-props=\"{&quot;134233117&quot;:false,&quot;134233118&quot;:false,&quot;201341983&quot;:0,&quot;335551550&quot;:0,&quot;335551620&quot;:0,&quot;335559738&quot;:0,&quot;335559739&quot;:0,&quot;335559740&quot;:300}\">\u00a0<\/span><\/p>\t\t\t\t\t\t\t\t<\/div>\n\t\t\t\t<\/div>\n\t\t\t\t\t<\/details>\n\t\t\t\t\t<\/div>\n\t\t\t\t\t<script type=\"application\/ld+json\">{\"@context\":\"https:\\\/\\\/schema.org\",\"@type\":\"FAQPage\",\"mainEntity\":[{\"@type\":\"Question\",\"name\":\"Was ist LichtBlick FlexiCharger Pro?\",\"acceptedAnswer\":{\"@type\":\"Answer\",\"text\":\"LichtBlick FlexiCharger Pro ist eine mobile Schnellladel\\u00f6sung\\u00a0f\\u00fcr Baustellen, Logistik und Events \\u2013 flexibel, robust, sofort einsatzbereit und auch zur Miete verf\\u00fcgbar.\\u00a0\"}},{\"@type\":\"Question\",\"name\":\"Welche Vorteile bietet die mobile Ladel\\u00f6sung LichtBlick FlexiCharger Pro?\",\"acceptedAnswer\":{\"@type\":\"Answer\",\"text\":\"Die mobile Ladel\\u00f6sung LichtBlick FlexiCharger Pro \\u00fcberzeugt durch eine Kombination aus Flexibilit\\u00e4t, Mobilit\\u00e4t und Robustheit. Mit einer Ladeleistung von 22 bis 150 kW, die sich einfach per Drehschalter anpassen l\\u00e4sst, bietet sie maximale Flexibilit\\u00e4t f\\u00fcr unterschiedliche Anforderungen. Dank ihres geringen Gewichts von nur 400 kg, der integrierten Europalette sowie \\u00d6sen ist der LichtBlick FlexiCharger Pro nicht nur leicht zu transportieren, sondern auch staplerf\\u00e4hig und kranbar.\"}},{\"@type\":\"Question\",\"name\":\"Warum ist die Zukunft der Bau- und Logistikbranche elektrisch?\",\"acceptedAnswer\":{\"@type\":\"Answer\",\"text\":\"Immer mehr Baustellen werden klimaneutral und leiser, Elektromobilit\\u00e4t spart Kosten und macht Projekte zukunftsf\\u00e4hig.\\u00a0\"}}]}<\/script>\n\t\t\t\t\t\t\t<\/div>\n\t\t<div class=\"elementor-element elementor-element-b2d8fed cnt-space e-con-full e-flex e-con e-child\" data-id=\"b2d8fed\" data-element_type=\"container\" data-e-type=\"container\" data-settings=\"{&quot;background_background&quot;:&quot;classic&quot;}\">\n\t\t<div class=\"elementor-element elementor-element-6e43636 cnt-space e-con-full e-flex e-con e-child\" data-id=\"6e43636\" data-element_type=\"container\" data-e-type=\"container\" data-settings=\"{&quot;background_background&quot;:&quot;classic&quot;}\">\n\t\t<div class=\"elementor-element elementor-element-62061cc e-con-full e-flex e-con e-child\" data-id=\"62061cc\" data-element_type=\"container\" data-e-type=\"container\">\n\t\t\t\t<div class=\"elementor-element elementor-element-386b3c6 elementor-widget elementor-widget-heading\" data-id=\"386b3c6\" data-element_type=\"widget\" data-e-type=\"widget\" data-widget_type=\"heading.default\">\n\t\t\t\t\t<h2 class=\"elementor-heading-title elementor-size-default\">Jetzt passende Produkte entdecken<\/h2>\t\t\t\t<\/div>\n\t\t\t\t<div class=\"elementor-element elementor-element-0e8444a elementor-widget-divider--view-line elementor-widget elementor-widget-divider\" data-id=\"0e8444a\" data-element_type=\"widget\" data-e-type=\"widget\" data-widget_type=\"divider.default\">\n\t\t\t\t\t\t\t<div class=\"elementor-divider\">\n\t\t\t<span class=\"elementor-divider-separator\">\n\t\t\t\t\t\t<\/span>\n\t\t<\/div>\n\t\t\t\t\t\t<\/div>\n\t\t\t\t<div class=\"elementor-element elementor-element-714b4a8 elementor-widget elementor-widget-text-editor\" data-id=\"714b4a8\" data-element_type=\"widget\" data-e-type=\"widget\" data-widget_type=\"text-editor.default\">\n\t\t\t\t\t\t\t\t\t<p>Hier finden Sie eine Auswahl relevanter Produkte \u2013 basierend auf den Themen und Empfehlungen aus unserem Blogbeitrag.<\/p>\t\t\t\t\t\t\t\t<\/div>\n\t\t\t\t<\/div>\n\t\t<div class=\"elementor-element elementor-element-336868a e-con-full e-grid e-con e-child\" data-id=\"336868a\" data-element_type=\"container\" data-e-type=\"container\">\n\t\t<div class=\"elementor-element elementor-element-e70178b e-con-full txt-box-grid txt-box-grid-dark-green e-flex e-con e-child\" data-id=\"e70178b\" data-element_type=\"container\" data-e-type=\"container\" data-settings=\"{&quot;background_background&quot;:&quot;classic&quot;}\">\n\t\t\t\t<div class=\"elementor-element elementor-element-6bb8857 elementor-widget elementor-widget-image\" data-id=\"6bb8857\" data-element_type=\"widget\" data-e-type=\"widget\" data-widget_type=\"image.default\">\n\t\t\t\t\t\t\t\t\t\t\t\t\t\t\t\t<a href=\"https:\/\/www.phoenixcontact.net\/webcode\/2099\" target=\"_blank\" rel=\"noopener\">\n\t\t\t\t\t\t\t<img loading=\"lazy\" decoding=\"async\" width=\"500\" height=\"500\" src=\"https:\/\/www.phoenixcontact-emobility.com\/wp-content\/uploads\/2025\/08\/00035124_1x1_500.png\" class=\"attachment-large size-large wp-image-11031\" alt=\"DC-Ladekabel von Phoenix Contact\" srcset=\"https:\/\/www.phoenixcontact-emobility.com\/wp-content\/uploads\/2025\/08\/00035124_1x1_500.png 500w, https:\/\/www.phoenixcontact-emobility.com\/wp-content\/uploads\/2025\/08\/00035124_1x1_500-300x300.png 300w, https:\/\/www.phoenixcontact-emobility.com\/wp-content\/uploads\/2025\/08\/00035124_1x1_500-150x150.png 150w\" sizes=\"(max-width: 500px) 100vw, 500px\" \/>\t\t\t\t\t\t\t\t<\/a>\n\t\t\t\t\t\t\t\t\t\t\t\t\t\t\t<\/div>\n\t\t\t\t<div class=\"elementor-element elementor-element-a2f7405 elementor-widget elementor-widget-heading\" data-id=\"a2f7405\" data-element_type=\"widget\" data-e-type=\"widget\" data-widget_type=\"heading.default\">\n\t\t\t\t\t<h3 class=\"elementor-heading-title elementor-size-default\"><a href=\"https:\/\/www.phoenixcontact.net\/webcode\/2099\" target=\"_blank\" rel=\"noopener\">DC-Ladekabel<\/a><\/h3>\t\t\t\t<\/div>\n\t\t\t\t<div class=\"elementor-element elementor-element-c9a7a60 elementor-align-right pc-tertiary-link elementor-widget elementor-widget-button\" data-id=\"c9a7a60\" data-element_type=\"widget\" data-e-type=\"widget\" data-widget_type=\"button.default\">\n\t\t\t\t\t\t\t\t\t\t<a class=\"elementor-button elementor-button-link elementor-size-sm\" href=\"https:\/\/www.phoenixcontact.net\/webcode\/2099\" target=\"_blank\" rel=\"noopener\">\n\t\t\t\t\t\t<span class=\"elementor-button-content-wrapper\">\n\t\t\t\t\t\t<span class=\"elementor-button-icon\">\n\t\t\t\t<svg aria-hidden=\"true\" class=\"e-font-icon-svg e-fas-arrow-right\" viewBox=\"0 0 448 512\" xmlns=\"http:\/\/www.w3.org\/2000\/svg\"><path d=\"M190.5 66.9l22.2-22.2c9.4-9.4 24.6-9.4 33.9 0L441 239c9.4 9.4 9.4 24.6 0 33.9L246.6 467.3c-9.4 9.4-24.6 9.4-33.9 0l-22.2-22.2c-9.5-9.5-9.3-25 .4-34.3L311.4 296H24c-13.3 0-24-10.7-24-24v-32c0-13.3 10.7-24 24-24h287.4L190.9 101.2c-9.8-9.3-10-24.8-.4-34.3z\"><\/path><\/svg>\t\t\t<\/span>\n\t\t\t\t\t\t\t\t\t<span class=\"elementor-button-text\">Mehr erfahren<\/span>\n\t\t\t\t\t<\/span>\n\t\t\t\t\t<\/a>\n\t\t\t\t\t\t\t\t<\/div>\n\t\t\t\t<\/div>\n\t\t<div class=\"elementor-element elementor-element-3f196aa e-con-full txt-box-grid txt-box-grid-dark-green e-flex e-con e-child\" data-id=\"3f196aa\" data-element_type=\"container\" data-e-type=\"container\" data-settings=\"{&quot;background_background&quot;:&quot;classic&quot;}\">\n\t\t\t\t<div class=\"elementor-element elementor-element-fa2d5a1 elementor-widget elementor-widget-image\" data-id=\"fa2d5a1\" data-element_type=\"widget\" data-e-type=\"widget\" data-widget_type=\"image.default\">\n\t\t\t\t\t\t\t\t\t\t\t\t\t\t\t\t<a href=\"https:\/\/www.phoenixcontact.net\/webcode\/2529\" target=\"_blank\" rel=\"noopener\">\n\t\t\t\t\t\t\t<img loading=\"lazy\" decoding=\"async\" width=\"500\" height=\"500\" src=\"https:\/\/www.phoenixcontact-emobility.com\/wp-content\/uploads\/2025\/05\/00169825_1x1_5000.png\" class=\"attachment-large size-large wp-image-10457\" alt=\"DC-Leistungselektronik\" srcset=\"https:\/\/www.phoenixcontact-emobility.com\/wp-content\/uploads\/2025\/05\/00169825_1x1_5000.png 500w, https:\/\/www.phoenixcontact-emobility.com\/wp-content\/uploads\/2025\/05\/00169825_1x1_5000-300x300.png 300w, https:\/\/www.phoenixcontact-emobility.com\/wp-content\/uploads\/2025\/05\/00169825_1x1_5000-150x150.png 150w\" sizes=\"(max-width: 500px) 100vw, 500px\" \/>\t\t\t\t\t\t\t\t<\/a>\n\t\t\t\t\t\t\t\t\t\t\t\t\t\t\t<\/div>\n\t\t\t\t<div class=\"elementor-element elementor-element-8b60289 elementor-widget elementor-widget-heading\" data-id=\"8b60289\" data-element_type=\"widget\" data-e-type=\"widget\" data-widget_type=\"heading.default\">\n\t\t\t\t\t<h3 class=\"elementor-heading-title elementor-size-default\"><a href=\"https:\/\/www.phoenixcontact.net\/webcode\/2529\" target=\"_blank\" rel=\"noopener\">DC-Leistungselektronik<\/a><\/h3>\t\t\t\t<\/div>\n\t\t\t\t<div class=\"elementor-element elementor-element-7299d80 elementor-align-right pc-tertiary-link elementor-widget elementor-widget-button\" data-id=\"7299d80\" data-element_type=\"widget\" data-e-type=\"widget\" data-widget_type=\"button.default\">\n\t\t\t\t\t\t\t\t\t\t<a class=\"elementor-button elementor-button-link elementor-size-sm\" href=\"https:\/\/www.phoenixcontact.net\/webcode\/2529\" target=\"_blank\" rel=\"noopener\">\n\t\t\t\t\t\t<span class=\"elementor-button-content-wrapper\">\n\t\t\t\t\t\t<span class=\"elementor-button-icon\">\n\t\t\t\t<svg aria-hidden=\"true\" class=\"e-font-icon-svg e-fas-arrow-right\" viewBox=\"0 0 448 512\" xmlns=\"http:\/\/www.w3.org\/2000\/svg\"><path d=\"M190.5 66.9l22.2-22.2c9.4-9.4 24.6-9.4 33.9 0L441 239c9.4 9.4 9.4 24.6 0 33.9L246.6 467.3c-9.4 9.4-24.6 9.4-33.9 0l-22.2-22.2c-9.5-9.5-9.3-25 .4-34.3L311.4 296H24c-13.3 0-24-10.7-24-24v-32c0-13.3 10.7-24 24-24h287.4L190.9 101.2c-9.8-9.3-10-24.8-.4-34.3z\"><\/path><\/svg>\t\t\t<\/span>\n\t\t\t\t\t\t\t\t\t<span class=\"elementor-button-text\">Mehr erfahren<\/span>\n\t\t\t\t\t<\/span>\n\t\t\t\t\t<\/a>\n\t\t\t\t\t\t\t\t<\/div>\n\t\t\t\t<\/div>\n\t\t\t\t<\/div>\n\t\t\t\t<\/div>\n\t\t\t\t<\/div>\n\t\t\t\t<\/div>\n\t\t\t\t<\/div>\n\t\t\t\t<\/div>\n\t\t","protected":false},"excerpt":{"rendered":"<p>Die Zukunft der Elektromobilit\u00e4t ist nicht nur auf Autobahnen und in St\u00e4dten sichtbar, sie erreicht auch Baustellen, Logistikzentren und sogar Festivals. Doch wie gelingt es, schwere Baumaschinen mitten im Schlamm einer Gro\u00dfbaustelle zu laden? Die Antwort: Mit dem LichtBlick FlexiCharger Pro, einer mobilen Schnellladel\u00f6sung, die aus einer mutigen Idee und einer starken Partnerschaft entstanden ist. [&hellip;]<\/p>\n","protected":false},"author":10,"featured_media":13498,"comment_status":"closed","ping_status":"closed","sticky":false,"template":"","format":"standard","meta":{"_acf_changed":false,"footnotes":""},"categories":[42],"tags":[235],"class_list":["post-13399","post","type-post","status-publish","format-standard","has-post-thumbnail","hentry","category-charging-infrastructure","tag-referenz"],"acf":[],"_links":{"self":[{"href":"https:\/\/www.phoenixcontact-emobility.com\/de\/wp-json\/wp\/v2\/posts\/13399","targetHints":{"allow":["GET"]}}],"collection":[{"href":"https:\/\/www.phoenixcontact-emobility.com\/de\/wp-json\/wp\/v2\/posts"}],"about":[{"href":"https:\/\/www.phoenixcontact-emobility.com\/de\/wp-json\/wp\/v2\/types\/post"}],"author":[{"embeddable":true,"href":"https:\/\/www.phoenixcontact-emobility.com\/de\/wp-json\/wp\/v2\/users\/10"}],"replies":[{"embeddable":true,"href":"https:\/\/www.phoenixcontact-emobility.com\/de\/wp-json\/wp\/v2\/comments?post=13399"}],"version-history":[{"count":0,"href":"https:\/\/www.phoenixcontact-emobility.com\/de\/wp-json\/wp\/v2\/posts\/13399\/revisions"}],"wp:featuredmedia":[{"embeddable":true,"href":"https:\/\/www.phoenixcontact-emobility.com\/de\/wp-json\/wp\/v2\/media\/13498"}],"wp:attachment":[{"href":"https:\/\/www.phoenixcontact-emobility.com\/de\/wp-json\/wp\/v2\/media?parent=13399"}],"wp:term":[{"taxonomy":"category","embeddable":true,"href":"https:\/\/www.phoenixcontact-emobility.com\/de\/wp-json\/wp\/v2\/categories?post=13399"},{"taxonomy":"post_tag","embeddable":true,"href":"https:\/\/www.phoenixcontact-emobility.com\/de\/wp-json\/wp\/v2\/tags?post=13399"}],"curies":[{"name":"wp","href":"https:\/\/api.w.org\/{rel}","templated":true}]}}