{"id":2694,"date":"2025-04-29T14:46:10","date_gmt":"2025-04-29T14:46:10","guid":{"rendered":"https:\/\/dev.phoenixcontact-emobility.com\/?p=2694"},"modified":"2025-12-11T12:45:11","modified_gmt":"2025-12-11T10:45:11","slug":"nacs-north-american-charging-standard","status":"publish","type":"post","link":"https:\/\/www.phoenixcontact-emobility.com\/de\/news-und-events\/ladeinfrastruktur\/nacs-north-american-charging-standard\/","title":{"rendered":"NACS (North American Charging Standard)"},"content":{"rendered":"\t\t<div data-elementor-type=\"wp-post\" data-elementor-id=\"2694\" class=\"elementor elementor-2694\" data-elementor-post-type=\"post\">\n\t\t\t\t<div class=\"elementor-element elementor-element-7c1cd4f e-flex e-con-boxed e-con e-parent\" data-id=\"7c1cd4f\" data-element_type=\"container\" data-e-type=\"container\" data-settings=\"{&quot;background_background&quot;:&quot;classic&quot;}\">\n\t\t\t\t\t<div class=\"e-con-inner\">\n\t\t<div class=\"elementor-element elementor-element-3ee8e52 e-con-full e-flex e-con e-child\" data-id=\"3ee8e52\" data-element_type=\"container\" data-e-type=\"container\">\n\t\t\t\t<div class=\"elementor-element elementor-element-6b01772 elementor-widget elementor-widget-text-editor\" data-id=\"6b01772\" data-element_type=\"widget\" data-e-type=\"widget\" data-widget_type=\"text-editor.default\">\n\t\t\t\t\t\t\t\t\t<p><span class=\"NormalTextRun SCXW210590427 BCX0\">Der North American <\/span><span class=\"NormalTextRun SpellingErrorV2Themed SCXW210590427 BCX0\">Charging<\/span><span class=\"NormalTextRun SCXW210590427 BCX0\"> Standard, auch bekannt als NACS und SAE-J3400-Standard, wird eine zentrale Rolle bei der Elektrifizierung des Verkehrssektors spielen. Der NACS-Standard wird den Aufbau der Ladeinfrastruktur f\u00fcr Elektrofahrzeuge in Nordamerika unterst\u00fctzen und pr\u00e4gen.<\/span><\/p>\t\t\t\t\t\t\t\t<\/div>\n\t\t\t\t<div class=\"elementor-element elementor-element-a7bec05 elementor-widget elementor-widget-image\" data-id=\"a7bec05\" data-element_type=\"widget\" data-e-type=\"widget\" data-widget_type=\"image.default\">\n\t\t\t\t\t\t\t\t\t\t\t\t\t\t\t<img fetchpriority=\"high\" decoding=\"async\" width=\"768\" height=\"512\" src=\"https:\/\/www.phoenixcontact-emobility.com\/wp-content\/uploads\/2025\/04\/00194576_full_b5000-768x512.jpg\" class=\"attachment-medium_large size-medium_large wp-image-2698\" alt=\"Mann l\u00e4dt in seiner Garage ein Elektroauto mit einer Wallbox von CHARX, w\u00e4hrend ein Kind neugierig durch das ge\u00f6ffnete Fenster schaut.\" srcset=\"https:\/\/www.phoenixcontact-emobility.com\/wp-content\/uploads\/2025\/04\/00194576_full_b5000-768x512.jpg 768w, https:\/\/www.phoenixcontact-emobility.com\/wp-content\/uploads\/2025\/04\/00194576_full_b5000-300x200.jpg 300w, https:\/\/www.phoenixcontact-emobility.com\/wp-content\/uploads\/2025\/04\/00194576_full_b5000-1024x683.jpg 1024w, https:\/\/www.phoenixcontact-emobility.com\/wp-content\/uploads\/2025\/04\/00194576_full_b5000-1536x1025.jpg 1536w, https:\/\/www.phoenixcontact-emobility.com\/wp-content\/uploads\/2025\/04\/00194576_full_b5000-2048x1366.jpg 2048w, https:\/\/www.phoenixcontact-emobility.com\/wp-content\/uploads\/2025\/04\/00194576_full_b5000-1320x880.jpg 1320w\" sizes=\"(max-width: 768px) 100vw, 768px\" \/>\t\t\t\t\t\t\t\t\t\t\t\t\t\t\t<\/div>\n\t\t\t\t<div class=\"elementor-element elementor-element-c39aa81 elementor-widget elementor-widget-text-editor\" data-id=\"c39aa81\" data-element_type=\"widget\" data-e-type=\"widget\" data-widget_type=\"text-editor.default\">\n\t\t\t\t\t\t\t\t\t<p><span class=\"TextRun SCXW6425601 BCX0\" lang=\"DE-DE\" xml:lang=\"DE-DE\" data-contrast=\"auto\"><span class=\"NormalTextRun SCXW6425601 BCX0\">In einem Interview mit Joe S. Boyer, E-Mobility <\/span><span class=\"NormalTextRun SpellingErrorV2Themed SCXW6425601 BCX0\">Product<\/span><span class=\"NormalTextRun SCXW6425601 BCX0\"> Marketing <\/span><span class=\"NormalTextRun SpellingErrorV2Themed SCXW6425601 BCX0\">Specialist<\/span><span class=\"NormalTextRun SCXW6425601 BCX0\">, Phoenix\u202fContact USA, erkl\u00e4rt er, wie NACS die Ladeinfrastruktur in den USA in den kommenden Jahren revolutionieren wird. Boyer ist verantwortlich f\u00fcr die technische Unterst\u00fctzung der internen Vertriebsmitarbeiter und f\u00fcr die technische Schulung der internen Serviceteams von Phoenix\u202fContact in Nordamerika.<\/span><\/span><\/p>\t\t\t\t\t\t\t\t<\/div>\n\t\t\t\t<div class=\"elementor-element elementor-element-94fd96c elementor-widget elementor-widget-image\" data-id=\"94fd96c\" data-element_type=\"widget\" data-e-type=\"widget\" data-widget_type=\"image.default\">\n\t\t\t\t\t\t\t\t\t\t\t\t<figure class=\"wp-caption\">\n\t\t\t\t\t\t\t\t\t\t<img decoding=\"async\" width=\"200\" height=\"300\" src=\"https:\/\/www.phoenixcontact-emobility.com\/wp-content\/uploads\/2025\/04\/00205173_full_b5000-200x300.jpg\" class=\"attachment-medium size-medium wp-image-2702\" alt=\"Joe S. Boyer, E-Mobility Product Marketing Specialist, Phoenix\u202fContact USA\" srcset=\"https:\/\/www.phoenixcontact-emobility.com\/wp-content\/uploads\/2025\/04\/00205173_full_b5000-200x300.jpg 200w, https:\/\/www.phoenixcontact-emobility.com\/wp-content\/uploads\/2025\/04\/00205173_full_b5000-682x1024.jpg 682w, https:\/\/www.phoenixcontact-emobility.com\/wp-content\/uploads\/2025\/04\/00205173_full_b5000-768x1152.jpg 768w, https:\/\/www.phoenixcontact-emobility.com\/wp-content\/uploads\/2025\/04\/00205173_full_b5000-1024x1536.jpg 1024w, https:\/\/www.phoenixcontact-emobility.com\/wp-content\/uploads\/2025\/04\/00205173_full_b5000-1365x2048.jpg 1365w, https:\/\/www.phoenixcontact-emobility.com\/wp-content\/uploads\/2025\/04\/00205173_full_b5000-1320x1981.jpg 1320w, https:\/\/www.phoenixcontact-emobility.com\/wp-content\/uploads\/2025\/04\/00205173_full_b5000-scaled.jpg 1706w\" sizes=\"(max-width: 200px) 100vw, 200px\" \/>\t\t\t\t\t\t\t\t\t\t\t<figcaption class=\"widget-image-caption wp-caption-text\">Joe S. Boyer, E-Mobility Product Marketing Specialist, Phoenix\u202fContact USA <\/figcaption>\n\t\t\t\t\t\t\t\t\t\t<\/figure>\n\t\t\t\t\t\t\t\t\t<\/div>\n\t\t\t\t<\/div>\n\t\t\t\t\t<\/div>\n\t\t\t\t<\/div>\n\t\t<div class=\"elementor-element elementor-element-70c2d25 e-flex e-con-boxed e-con e-parent\" data-id=\"70c2d25\" data-element_type=\"container\" data-e-type=\"container\" data-settings=\"{&quot;background_background&quot;:&quot;classic&quot;}\">\n\t\t\t\t\t<div class=\"e-con-inner\">\n\t\t<div class=\"elementor-element elementor-element-5796b86 e-con-full e-flex e-con e-child\" data-id=\"5796b86\" data-element_type=\"container\" data-e-type=\"container\">\n\t\t\t\t<div class=\"elementor-element elementor-element-69b4429 elementor-widget elementor-widget-heading\" data-id=\"69b4429\" data-element_type=\"widget\" data-e-type=\"widget\" data-widget_type=\"heading.default\">\n\t\t\t\t\t<h2 class=\"elementor-heading-title elementor-size-default\">Der Schl\u00fcssel zur E-Mobilit\u00e4tsrevolution in Nordamerika hei\u00dft NACS<\/h2>\t\t\t\t<\/div>\n\t\t\t\t<div class=\"elementor-element elementor-element-b9357a1 elementor-widget elementor-widget-text-editor\" data-id=\"b9357a1\" data-element_type=\"widget\" data-e-type=\"widget\" data-widget_type=\"text-editor.default\">\n\t\t\t\t\t\t\t\t\t<p><em><span class=\"TextRun SCXW84045252 BCX0\" lang=\"DE-DE\" xml:lang=\"DE-DE\" data-contrast=\"auto\"><span class=\"NormalTextRun SCXW84045252 BCX0\">&#8222;NACS wurde sehr popul\u00e4r, als es f\u00fcr die Nutzung au\u00dferhalb von Tesla ge\u00f6ffnet wurde&#8220;, erkl\u00e4rt Joe S. Boyer. &#8222;Das NACS-Ladesystem, das Tesla f\u00fcr Elektrofahrzeuge in Kanada, den USA und Mexiko entwickelt hat, wird durch ein zuverl\u00e4ssiges und robustes Ladeinfrastruktur-Netzwerk unterst\u00fctzt. Die rasche Marktdurchdringung hat bei vielen Akteuren des nordamerikanischen Elektromobilit\u00e4tsmarkts gro\u00dfes Interesse geweckt, NACS f\u00fcr ihre eigenen Produkte zu \u00fcbernehmen. Der Tesla-Standard wurde 2023 f\u00fcr andere Hersteller ge\u00f6ffnet und innerhalb kurzer Zeit von vielen f\u00fcr ihre kommenden Elektroautos \u00fcbernommen. Inzwischen planen fast alle Elektroautohersteller diesen in Zukunft zu verwenden&#8220;,<\/span><\/span><span class=\"TextRun SCXW84045252 BCX0\" lang=\"DE-DE\" xml:lang=\"DE-DE\" data-contrast=\"auto\"><span class=\"NormalTextRun SCXW84045252 BCX0\">\u202fberichtet Joe S. Boyer.\u202f<\/span><\/span><\/em><\/p><p><em><span class=\"TextRun SCXW84045252 BCX0\" lang=\"DE-DE\" xml:lang=\"DE-DE\" data-contrast=\"auto\"><span class=\"NormalTextRun SCXW84045252 BCX0\">&#8222;Durch die \u00d6ffnung des Standards k\u00f6nnen neben Tesla auch andere Hersteller NACS-Ladekabel und NACS-Fahrzeug-Ladeschnittstellen produzieren, darunter auch Phoenix\u202fContact. In den Jahren 2025 und 2026 werden die ersten Elektroautos f\u00fcr den nordamerikanischen Markt, die nicht von Tesla stammen, mit einer NACS-Ladeschnittstelle vom Band rollen. Mit den neuen Akteuren im NACS-Bereich k\u00f6nnen wir viele weitere Entwicklungen auf dem Markt erwarten \u2013 dazu z\u00e4hlt auch der Ausbau der NACS-Ladeinfrastruktur.&#8220;,<\/span><\/span><span class=\"TextRun SCXW84045252 BCX0\" lang=\"DE-DE\" xml:lang=\"DE-DE\" data-contrast=\"auto\"><span class=\"NormalTextRun SCXW84045252 BCX0\">\u202fsagt Joe S. Boyer.<\/span><\/span><span class=\"EOP SCXW84045252 BCX0\" data-ccp-props=\"{}\">\u00a0<\/span><\/em><\/p>\t\t\t\t\t\t\t\t<\/div>\n\t\t\t\t<div class=\"elementor-element elementor-element-071dd8c elementor-widget elementor-widget-image\" data-id=\"071dd8c\" data-element_type=\"widget\" data-e-type=\"widget\" data-widget_type=\"image.default\">\n\t\t\t\t\t\t\t\t\t\t\t\t<figure class=\"wp-caption\">\n\t\t\t\t\t\t\t\t\t\t<img decoding=\"async\" width=\"300\" height=\"300\" src=\"https:\/\/www.phoenixcontact-emobility.com\/wp-content\/uploads\/2025\/04\/00194914_full_b5000-1-300x300.jpg\" class=\"attachment-medium size-medium wp-image-3028\" alt=\"NACS-Ladestecker von Phoenix\u202fContact\" srcset=\"https:\/\/www.phoenixcontact-emobility.com\/wp-content\/uploads\/2025\/04\/00194914_full_b5000-1-300x300.jpg 300w, https:\/\/www.phoenixcontact-emobility.com\/wp-content\/uploads\/2025\/04\/00194914_full_b5000-1-1024x1024.jpg 1024w, https:\/\/www.phoenixcontact-emobility.com\/wp-content\/uploads\/2025\/04\/00194914_full_b5000-1-150x150.jpg 150w, https:\/\/www.phoenixcontact-emobility.com\/wp-content\/uploads\/2025\/04\/00194914_full_b5000-1-768x768.jpg 768w, https:\/\/www.phoenixcontact-emobility.com\/wp-content\/uploads\/2025\/04\/00194914_full_b5000-1-1536x1536.jpg 1536w, https:\/\/www.phoenixcontact-emobility.com\/wp-content\/uploads\/2025\/04\/00194914_full_b5000-1-2048x2048.jpg 2048w, https:\/\/www.phoenixcontact-emobility.com\/wp-content\/uploads\/2025\/04\/00194914_full_b5000-1-1320x1320.jpg 1320w\" sizes=\"(max-width: 300px) 100vw, 300px\" \/>\t\t\t\t\t\t\t\t\t\t\t<figcaption class=\"widget-image-caption wp-caption-text\">NACS AC-Ladekabel von Phoenix Contact<\/figcaption>\n\t\t\t\t\t\t\t\t\t\t<\/figure>\n\t\t\t\t\t\t\t\t\t<\/div>\n\t\t\t\t<\/div>\n\t\t\t\t\t<\/div>\n\t\t\t\t<\/div>\n\t\t<div class=\"elementor-element elementor-element-c4a50c8 e-flex e-con-boxed e-con e-parent\" data-id=\"c4a50c8\" data-element_type=\"container\" data-e-type=\"container\" data-settings=\"{&quot;background_background&quot;:&quot;classic&quot;}\">\n\t\t\t\t\t<div class=\"e-con-inner\">\n\t\t<div class=\"elementor-element elementor-element-4ed1290 e-con-full e-flex e-con e-child\" data-id=\"4ed1290\" data-element_type=\"container\" data-e-type=\"container\">\n\t\t\t\t<div class=\"elementor-element elementor-element-d3e95ab elementor-widget elementor-widget-heading\" data-id=\"d3e95ab\" data-element_type=\"widget\" data-e-type=\"widget\" data-widget_type=\"heading.default\">\n\t\t\t\t\t<h2 class=\"elementor-heading-title elementor-size-default\">Welche Auswirkungen hat dies auf den Typ-1-Ladestandard in Nordamerika? <\/h2>\t\t\t\t<\/div>\n\t\t\t\t<div class=\"elementor-element elementor-element-e91a72e elementor-widget elementor-widget-text-editor\" data-id=\"e91a72e\" data-element_type=\"widget\" data-e-type=\"widget\" data-widget_type=\"text-editor.default\">\n\t\t\t\t\t\t\t\t\t<p><em><span class=\"TextRun SCXW237528686 BCX0\" lang=\"DE-DE\" xml:lang=\"DE-DE\" data-contrast=\"auto\"><span class=\"NormalTextRun SCXW237528686 BCX0\">&#8222;Der nordamerikanische Ladestandard (NACS) nimmt Fahrt auf und wird langfristig den CCS-Typ-1-Ladestandard ersetzen. Die Ladestandards J1772 (AC) und CCS-Typ-1 (DC) werden jedoch nicht sofort vom Markt verschwinden. Sie werden mindestens f\u00fcr die n\u00e4chsten 6 bis 8 Jahre bestehen bleiben und dann allm\u00e4hlich an Bedeutung verlieren, wenn die Zahl der NACS-Fahrzeuge steigt&#8220;, vermutet Joe S. Boyer. &#8222;Es gibt eine gro\u00dfe Anzahl von Elektrofahrzeugen, die noch \u00fcber CCS-Typ-1-Fahrzeug-Ladedosen verf\u00fcgen, also m\u00fcssen wir sie weiterhin mit Ladeinfrastruktur unterst\u00fctzen. Auch die Beschaffenheit des Markts f\u00fcr Nutzfahrzeuge deutet darauf hin, dass der CCS-Typ-1-Standard vorerst bestehen bleiben wird. Langfristig wird sich aber auch hier der neue NACS-Standard durchsetzen&#8220;,<\/span><\/span><span class=\"TextRun SCXW237528686 BCX0\" lang=\"DE-DE\" xml:lang=\"DE-DE\" data-contrast=\"auto\"><span class=\"NormalTextRun SCXW237528686 BCX0\">\u202fberichtet Boyer.<\/span><\/span><span class=\"EOP SCXW237528686 BCX0\" data-ccp-props=\"{}\">\u00a0<\/span><\/em><\/p>\t\t\t\t\t\t\t\t<\/div>\n\t\t\t\t<div class=\"elementor-element elementor-element-7c83088 elementor-widget elementor-widget-image\" data-id=\"7c83088\" data-element_type=\"widget\" data-e-type=\"widget\" data-widget_type=\"image.default\">\n\t\t\t\t\t\t\t\t\t\t\t\t<figure class=\"wp-caption\">\n\t\t\t\t\t\t\t\t\t\t<img loading=\"lazy\" decoding=\"async\" width=\"300\" height=\"300\" src=\"https:\/\/www.phoenixcontact-emobility.com\/wp-content\/uploads\/2025\/04\/00089348_full_b5000-1-300x300.jpg\" class=\"attachment-medium size-medium wp-image-3025\" alt=\"HPC-Ladestecker Typ-1-Standard\" srcset=\"https:\/\/www.phoenixcontact-emobility.com\/wp-content\/uploads\/2025\/04\/00089348_full_b5000-1-300x300.jpg 300w, https:\/\/www.phoenixcontact-emobility.com\/wp-content\/uploads\/2025\/04\/00089348_full_b5000-1-1024x1024.jpg 1024w, https:\/\/www.phoenixcontact-emobility.com\/wp-content\/uploads\/2025\/04\/00089348_full_b5000-1-150x150.jpg 150w, https:\/\/www.phoenixcontact-emobility.com\/wp-content\/uploads\/2025\/04\/00089348_full_b5000-1-768x768.jpg 768w, https:\/\/www.phoenixcontact-emobility.com\/wp-content\/uploads\/2025\/04\/00089348_full_b5000-1-1536x1536.jpg 1536w, https:\/\/www.phoenixcontact-emobility.com\/wp-content\/uploads\/2025\/04\/00089348_full_b5000-1-2048x2048.jpg 2048w, https:\/\/www.phoenixcontact-emobility.com\/wp-content\/uploads\/2025\/04\/00089348_full_b5000-1-1320x1320.jpg 1320w\" sizes=\"(max-width: 300px) 100vw, 300px\" \/>\t\t\t\t\t\t\t\t\t\t\t<figcaption class=\"widget-image-caption wp-caption-text\">HPC-Ladestecker Typ-1-Standard<\/figcaption>\n\t\t\t\t\t\t\t\t\t\t<\/figure>\n\t\t\t\t\t\t\t\t\t<\/div>\n\t\t\t\t<\/div>\n\t\t\t\t\t<\/div>\n\t\t\t\t<\/div>\n\t\t<div class=\"elementor-element elementor-element-6437591 e-flex e-con-boxed e-con e-parent\" data-id=\"6437591\" data-element_type=\"container\" data-e-type=\"container\" data-settings=\"{&quot;background_background&quot;:&quot;classic&quot;}\">\n\t\t\t\t\t<div class=\"e-con-inner\">\n\t\t<div class=\"elementor-element elementor-element-b6ddc48 e-con-full e-flex e-con e-child\" data-id=\"b6ddc48\" data-element_type=\"container\" data-e-type=\"container\">\n\t\t\t\t<div class=\"elementor-element elementor-element-41087f2 elementor-widget elementor-widget-heading\" data-id=\"41087f2\" data-element_type=\"widget\" data-e-type=\"widget\" data-widget_type=\"heading.default\">\n\t\t\t\t\t<h2 class=\"elementor-heading-title elementor-size-default\">Ist eine einfache Umstellung von Typ-1 auf NACS m\u00f6glich? <\/h2>\t\t\t\t<\/div>\n\t\t\t\t<div class=\"elementor-element elementor-element-04fe3be elementor-widget elementor-widget-text-editor\" data-id=\"04fe3be\" data-element_type=\"widget\" data-e-type=\"widget\" data-widget_type=\"text-editor.default\">\n\t\t\t\t\t\t\t\t\t<p><em><span class=\"TextRun SCXW85059538 BCX0\" lang=\"DE-DE\" xml:lang=\"DE-DE\" data-contrast=\"auto\"><span class=\"NormalTextRun SCXW85059538 BCX0\">&#8222;Ob E-Fahrzeuge mit einer vorhandenen Typ-1-Schnittstelle auf eine NACS-Ladeschnittstelle umger\u00fcstet werden k\u00f6nnen, h\u00e4ngt davon ab, ob sie mit dem gleichen Grundprofil f\u00fcr den Anschluss konstruiert sind. Aus Sicht der Hardware k\u00f6nnen die Einbauma\u00dfe die gleichen sein, wie bei Typ-1, aber die Verkabelung m\u00fcsste drastisch ge\u00e4ndert werden&#8220;,<\/span><\/span><span class=\"TextRun SCXW85059538 BCX0\" lang=\"DE-DE\" xml:lang=\"DE-DE\" data-contrast=\"auto\"><span class=\"NormalTextRun SCXW85059538 BCX0\">\u202ferkl\u00e4rt Joe S. Boyer.\u202f<\/span><\/span><span class=\"TextRun SCXW85059538 BCX0\" lang=\"DE-DE\" xml:lang=\"DE-DE\" data-contrast=\"auto\"><span class=\"NormalTextRun SCXW85059538 BCX0\">&#8222;Auch die Software muss all diese \u00c4nderungen ber\u00fccksichtigen, da f\u00fcr das Wechselstromladen und das Gleichstromladen in der NACS-Eingangsdose die gleichen Pins verwendet werden. Alles in allem ist ein Retrofitting der Ladeschnittstelle im Fahrzeug zu kostspielig und wird daher nicht empfohlen. Die einfachere L\u00f6sung f\u00fcr EV-Besitzer ist die Verwendung eines NACS-zu-CCS1-Adapters und\/oder die Nutzung von Ladestationen, die sowohl einen CCS-1- als auch einen NACS-Ladestecker anbieten.&#8220;<\/span><\/span><span class=\"EOP SCXW85059538 BCX0\" data-ccp-props=\"{}\">\u00a0<\/span><\/em><\/p>\t\t\t\t\t\t\t\t<\/div>\n\t\t\t\t<div class=\"elementor-element elementor-element-bba41ff elementor-widget elementor-widget-image\" data-id=\"bba41ff\" data-element_type=\"widget\" data-e-type=\"widget\" data-widget_type=\"image.default\">\n\t\t\t\t\t\t\t\t\t\t\t\t<figure class=\"wp-caption\">\n\t\t\t\t\t\t\t\t\t\t<img loading=\"lazy\" decoding=\"async\" width=\"768\" height=\"432\" src=\"https:\/\/www.phoenixcontact-emobility.com\/wp-content\/uploads\/2025\/04\/00205181_full_b5000-1-768x432.jpg\" class=\"attachment-medium_large size-medium_large wp-image-3032\" alt=\"CCS1-Ladestation USA\" srcset=\"https:\/\/www.phoenixcontact-emobility.com\/wp-content\/uploads\/2025\/04\/00205181_full_b5000-1-768x432.jpg 768w, https:\/\/www.phoenixcontact-emobility.com\/wp-content\/uploads\/2025\/04\/00205181_full_b5000-1-300x169.jpg 300w, https:\/\/www.phoenixcontact-emobility.com\/wp-content\/uploads\/2025\/04\/00205181_full_b5000-1-1024x576.jpg 1024w, https:\/\/www.phoenixcontact-emobility.com\/wp-content\/uploads\/2025\/04\/00205181_full_b5000-1-1536x864.jpg 1536w, https:\/\/www.phoenixcontact-emobility.com\/wp-content\/uploads\/2025\/04\/00205181_full_b5000-1-2048x1152.jpg 2048w, https:\/\/www.phoenixcontact-emobility.com\/wp-content\/uploads\/2025\/04\/00205181_full_b5000-1-1320x742.jpg 1320w\" sizes=\"(max-width: 768px) 100vw, 768px\" \/>\t\t\t\t\t\t\t\t\t\t\t<figcaption class=\"widget-image-caption wp-caption-text\">CCS1-Ladestation USA <\/figcaption>\n\t\t\t\t\t\t\t\t\t\t<\/figure>\n\t\t\t\t\t\t\t\t\t<\/div>\n\t\t\t\t<\/div>\n\t\t\t\t\t<\/div>\n\t\t\t\t<\/div>\n\t\t<div class=\"elementor-element elementor-element-ffa5b7a e-flex e-con-boxed e-con e-parent\" data-id=\"ffa5b7a\" data-element_type=\"container\" data-e-type=\"container\" data-settings=\"{&quot;background_background&quot;:&quot;classic&quot;}\">\n\t\t\t\t\t<div class=\"e-con-inner\">\n\t\t<div class=\"elementor-element elementor-element-cb31bb4 e-con-full e-flex e-con e-child\" data-id=\"cb31bb4\" data-element_type=\"container\" data-e-type=\"container\">\n\t\t\t\t<div class=\"elementor-element elementor-element-a6aec12 elementor-widget elementor-widget-heading\" data-id=\"a6aec12\" data-element_type=\"widget\" data-e-type=\"widget\" data-widget_type=\"heading.default\">\n\t\t\t\t\t<h2 class=\"elementor-heading-title elementor-size-default\">Und was ist mit den Ladestationen? <\/h2>\t\t\t\t<\/div>\n\t\t\t\t<div class=\"elementor-element elementor-element-27e2069 elementor-widget elementor-widget-text-editor\" data-id=\"27e2069\" data-element_type=\"widget\" data-e-type=\"widget\" data-widget_type=\"text-editor.default\">\n\t\t\t\t\t\t\t\t\t<p><span class=\"TextRun SCXW147024009 BCX0\" lang=\"DE-DE\" xml:lang=\"DE-DE\" data-contrast=\"auto\"><span class=\"NormalTextRun SCXW147024009 BCX0\">&#8222;Die \u00c4nderungen an den Ladestationen sind nicht so gravierend wie auf der Fahrzeugseite. NACS und die Norm J1772\/CCS1 haben die gleichen notwendigen Kontakte f\u00fcr das Laden, so dass die Kabel einfach ausgetauscht werden k\u00f6nnen, wenn notwendig. Je nach Konstruktion der Ladestation m\u00fcssen eventuell kleine \u00c4nderungen im Inneren vorgenommen werden, um die neue Verbindung herzustellen. Um eine Ladestation physisch zu aktualisieren, ist nicht viel n\u00f6tig. Dank der standardisierten Kommunikationsmethoden in der Industrie wird die Kommunikation mit dem Fahrzeug nicht anders sein.&#8220;<\/span><\/span><span class=\"EOP SCXW147024009 BCX0\" data-ccp-props=\"{}\">\u00a0<\/span><\/p>\t\t\t\t\t\t\t\t<\/div>\n\t\t\t\t<div class=\"elementor-element elementor-element-508ddda elementor-widget elementor-widget-image\" data-id=\"508ddda\" data-element_type=\"widget\" data-e-type=\"widget\" data-widget_type=\"image.default\">\n\t\t\t\t\t\t\t\t\t\t\t\t<figure class=\"wp-caption\">\n\t\t\t\t\t\t\t\t\t\t<img loading=\"lazy\" decoding=\"async\" width=\"768\" height=\"512\" src=\"https:\/\/www.phoenixcontact-emobility.com\/wp-content\/uploads\/2025\/04\/00161481_full_b5000-1-768x512.jpg\" class=\"attachment-medium_large size-medium_large wp-image-3026\" alt=\"USA Flagge im Wind\" srcset=\"https:\/\/www.phoenixcontact-emobility.com\/wp-content\/uploads\/2025\/04\/00161481_full_b5000-1-768x512.jpg 768w, https:\/\/www.phoenixcontact-emobility.com\/wp-content\/uploads\/2025\/04\/00161481_full_b5000-1-300x200.jpg 300w, https:\/\/www.phoenixcontact-emobility.com\/wp-content\/uploads\/2025\/04\/00161481_full_b5000-1-1024x683.jpg 1024w, https:\/\/www.phoenixcontact-emobility.com\/wp-content\/uploads\/2025\/04\/00161481_full_b5000-1-1536x1024.jpg 1536w, https:\/\/www.phoenixcontact-emobility.com\/wp-content\/uploads\/2025\/04\/00161481_full_b5000-1-2048x1365.jpg 2048w, https:\/\/www.phoenixcontact-emobility.com\/wp-content\/uploads\/2025\/04\/00161481_full_b5000-1-1320x880.jpg 1320w\" sizes=\"(max-width: 768px) 100vw, 768px\" \/>\t\t\t\t\t\t\t\t\t\t\t<figcaption class=\"widget-image-caption wp-caption-text\"><\/figcaption>\n\t\t\t\t\t\t\t\t\t\t<\/figure>\n\t\t\t\t\t\t\t\t\t<\/div>\n\t\t\t\t<\/div>\n\t\t\t\t\t<\/div>\n\t\t\t\t<\/div>\n\t\t<div class=\"elementor-element elementor-element-5792264 e-flex e-con-boxed e-con e-parent\" data-id=\"5792264\" data-element_type=\"container\" data-e-type=\"container\" data-settings=\"{&quot;background_background&quot;:&quot;classic&quot;}\">\n\t\t\t\t\t<div class=\"e-con-inner\">\n\t\t<div class=\"elementor-element elementor-element-d537f74 e-con-full e-flex e-con e-child\" data-id=\"d537f74\" data-element_type=\"container\" data-e-type=\"container\">\n\t\t\t\t<div class=\"elementor-element elementor-element-e7b61cc elementor-widget elementor-widget-heading\" data-id=\"e7b61cc\" data-element_type=\"widget\" data-e-type=\"widget\" data-widget_type=\"heading.default\">\n\t\t\t\t\t<h2 class=\"elementor-heading-title elementor-size-default\">Wie entwickelt sich der Markt in Nordamerika in Bezug auf den neuen NACS-Ladestandard? <\/h2>\t\t\t\t<\/div>\n\t\t\t\t<div class=\"elementor-element elementor-element-25d2442 elementor-widget elementor-widget-text-editor\" data-id=\"25d2442\" data-element_type=\"widget\" data-e-type=\"widget\" data-widget_type=\"text-editor.default\">\n\t\t\t\t\t\t\t\t\t<p><em><span class=\"TextRun SCXW20370818 BCX0\" lang=\"DE-DE\" xml:lang=\"DE-DE\" data-contrast=\"auto\"><span class=\"NormalTextRun SCXW20370818 BCX0\">&#8222;Der Schwerpunkt liegt derzeit auf den Vorbereitungen f\u00fcr die Jahre 2025 und 2026. Die Unternehmen evaluieren zuk\u00fcnftige Optionen und arbeiten mit Testmustern, aber insgesamt wird die NACS-Einf\u00fchrung noch einige Zeit dauern. Die Anforderungen an die Stecker variieren je nach Anwendung, sind aber im Wesentlichen mit dem Typ-1-Standard vergleichbar. Die Erwartungen an die Ladeleistung orientieren sich an den in Nordamerika verwendeten Standards, wobei die Entwicklung darauf abzielt, das Laden mit der Zeit schneller und effizienter zu machen. Ladestecker und Fahrzeug-Ladedosen m\u00fcssen so konzipiert sein, dass sie zuverl\u00e4ssig sind und eine lange Lebensdauer haben, was die bew\u00e4hrte Qualit\u00e4t von Phoenix\u202fContact widerspiegelt.&#8220;<\/span><\/span><span class=\"EOP SCXW20370818 BCX0\" data-ccp-props=\"{}\">\u00a0<\/span><\/em><\/p>\t\t\t\t\t\t\t\t<\/div>\n\t\t\t\t<div class=\"elementor-element elementor-element-ae1bfcd elementor-widget elementor-widget-image\" data-id=\"ae1bfcd\" data-element_type=\"widget\" data-e-type=\"widget\" data-widget_type=\"image.default\">\n\t\t\t\t\t\t\t\t\t\t\t\t<figure class=\"wp-caption\">\n\t\t\t\t\t\t\t\t\t\t<img loading=\"lazy\" decoding=\"async\" width=\"768\" height=\"432\" src=\"https:\/\/www.phoenixcontact-emobility.com\/wp-content\/uploads\/2025\/04\/00205182_full_b5000-1-768x432.jpg\" class=\"attachment-medium_large size-medium_large wp-image-4805\" alt=\"E-Mobility-Ladepark USA\" srcset=\"https:\/\/www.phoenixcontact-emobility.com\/wp-content\/uploads\/2025\/04\/00205182_full_b5000-1-768x432.jpg 768w, https:\/\/www.phoenixcontact-emobility.com\/wp-content\/uploads\/2025\/04\/00205182_full_b5000-1-300x169.jpg 300w, https:\/\/www.phoenixcontact-emobility.com\/wp-content\/uploads\/2025\/04\/00205182_full_b5000-1-1024x576.jpg 1024w, https:\/\/www.phoenixcontact-emobility.com\/wp-content\/uploads\/2025\/04\/00205182_full_b5000-1-1536x864.jpg 1536w, https:\/\/www.phoenixcontact-emobility.com\/wp-content\/uploads\/2025\/04\/00205182_full_b5000-1-2048x1152.jpg 2048w, https:\/\/www.phoenixcontact-emobility.com\/wp-content\/uploads\/2025\/04\/00205182_full_b5000-1-1320x743.jpg 1320w\" sizes=\"(max-width: 768px) 100vw, 768px\" \/>\t\t\t\t\t\t\t\t\t\t\t<figcaption class=\"widget-image-caption wp-caption-text\">E-Mobility-Ladepark USA<\/figcaption>\n\t\t\t\t\t\t\t\t\t\t<\/figure>\n\t\t\t\t\t\t\t\t\t<\/div>\n\t\t\t\t<\/div>\n\t\t\t\t\t<\/div>\n\t\t\t\t<\/div>\n\t\t<div class=\"elementor-element elementor-element-16cf3d5 e-flex e-con-boxed e-con e-parent\" data-id=\"16cf3d5\" data-element_type=\"container\" data-e-type=\"container\" data-settings=\"{&quot;background_background&quot;:&quot;classic&quot;}\">\n\t\t\t\t\t<div class=\"e-con-inner\">\n\t\t<div class=\"elementor-element elementor-element-642e4cc e-con-full e-flex e-con e-child\" data-id=\"642e4cc\" data-element_type=\"container\" data-e-type=\"container\">\n\t\t\t\t<div class=\"elementor-element elementor-element-41ff526 elementor-widget elementor-widget-heading\" data-id=\"41ff526\" data-element_type=\"widget\" data-e-type=\"widget\" data-widget_type=\"heading.default\">\n\t\t\t\t\t<h2 class=\"elementor-heading-title elementor-size-default\">Gibt es konkrete politische Ziele zum Hochlauf von NACS-Ladeinfrastruktur in den USA? <\/h2>\t\t\t\t<\/div>\n\t\t\t\t<div class=\"elementor-element elementor-element-e3c2678 elementor-widget elementor-widget-text-editor\" data-id=\"e3c2678\" data-element_type=\"widget\" data-e-type=\"widget\" data-widget_type=\"text-editor.default\">\n\t\t\t\t\t\t\t\t\t<p><em><span class=\"TextRun SCXW87685334 BCX0\" lang=\"DE-DE\" xml:lang=\"DE-DE\" data-contrast=\"auto\"><span class=\"NormalTextRun SCXW87685334 BCX0\">&#8222;Derzeit ist nichts geplant&#8220;,<\/span><\/span><span class=\"TextRun SCXW87685334 BCX0\" lang=\"DE-DE\" xml:lang=\"DE-DE\" data-contrast=\"auto\"><span class=\"NormalTextRun SCXW87685334 BCX0\">\u202ffasst Joe S. Boyer die Situation zusammen.\u202f<\/span><\/span><span class=\"TextRun SCXW87685334 BCX0\" lang=\"DE-DE\" xml:lang=\"DE-DE\" data-contrast=\"auto\"><span class=\"NormalTextRun SCXW87685334 BCX0\">&#8222;Das vom Bund finanzierte National Electric Vehicle Infrastructure (NEVI)-Programm zum Ausbau der Ladeinfrastruktur an allen gro\u00dfen Autobahnen erfordert derzeit den Einsatz von <\/span><span class=\"NormalTextRun SCXW87685334 BCX0\">CCS Typ<\/span><span class=\"NormalTextRun SCXW87685334 BCX0\"> 1. Das Programm m\u00fcsste ge\u00e4ndert werden, damit NACS eine staatlich finanzierte Unterst\u00fctzung erh\u00e4lt. NACS wird jedoch bereits von einem robusten Ladeinfrastruktur-Netzwerk unterst\u00fctzt, so dass es auf eigenen Beinen stehen kann.&#8220;<\/span><\/span><span class=\"EOP SCXW87685334 BCX0\" data-ccp-props=\"{}\">\u00a0<\/span><\/em><\/p>\t\t\t\t\t\t\t\t<\/div>\n\t\t\t\t<div class=\"elementor-element elementor-element-93faea6 elementor-widget elementor-widget-image\" data-id=\"93faea6\" data-element_type=\"widget\" data-e-type=\"widget\" data-widget_type=\"image.default\">\n\t\t\t\t\t\t\t\t\t\t\t\t<figure class=\"wp-caption\">\n\t\t\t\t\t\t\t\t\t\t<img loading=\"lazy\" decoding=\"async\" width=\"768\" height=\"512\" src=\"https:\/\/www.phoenixcontact-emobility.com\/wp-content\/uploads\/2025\/04\/00195860_full_b5000-1-768x512.jpg\" class=\"attachment-medium_large size-medium_large wp-image-3030\" alt=\"Vater und Kind schauen sich drau\u00dfen das NACS-Ladekabel von Phoenix Contact an\" srcset=\"https:\/\/www.phoenixcontact-emobility.com\/wp-content\/uploads\/2025\/04\/00195860_full_b5000-1-768x512.jpg 768w, https:\/\/www.phoenixcontact-emobility.com\/wp-content\/uploads\/2025\/04\/00195860_full_b5000-1-300x200.jpg 300w, https:\/\/www.phoenixcontact-emobility.com\/wp-content\/uploads\/2025\/04\/00195860_full_b5000-1-1024x683.jpg 1024w, https:\/\/www.phoenixcontact-emobility.com\/wp-content\/uploads\/2025\/04\/00195860_full_b5000-1-1536x1025.jpg 1536w, https:\/\/www.phoenixcontact-emobility.com\/wp-content\/uploads\/2025\/04\/00195860_full_b5000-1-2048x1366.jpg 2048w, https:\/\/www.phoenixcontact-emobility.com\/wp-content\/uploads\/2025\/04\/00195860_full_b5000-1-1320x880.jpg 1320w\" sizes=\"(max-width: 768px) 100vw, 768px\" \/>\t\t\t\t\t\t\t\t\t\t\t<figcaption class=\"widget-image-caption wp-caption-text\">NACS-Ladekabel von Phoenix\u202fContact <\/figcaption>\n\t\t\t\t\t\t\t\t\t\t<\/figure>\n\t\t\t\t\t\t\t\t\t<\/div>\n\t\t\t\t<\/div>\n\t\t\t\t\t<\/div>\n\t\t\t\t<\/div>\n\t\t<div class=\"elementor-element elementor-element-49de877 e-flex e-con-boxed e-con e-parent\" data-id=\"49de877\" data-element_type=\"container\" data-e-type=\"container\" data-settings=\"{&quot;background_background&quot;:&quot;classic&quot;}\">\n\t\t\t\t\t<div class=\"e-con-inner\">\n\t\t<div class=\"elementor-element elementor-element-bbaef12 e-con-full e-flex e-con e-child\" data-id=\"bbaef12\" data-element_type=\"container\" data-e-type=\"container\">\n\t\t\t\t<div class=\"elementor-element elementor-element-a60636a elementor-widget elementor-widget-heading\" data-id=\"a60636a\" data-element_type=\"widget\" data-e-type=\"widget\" data-widget_type=\"heading.default\">\n\t\t\t\t\t<h2 class=\"elementor-heading-title elementor-size-default\">NACS-Produkte von Phoenix\u202fContact: <\/h2>\t\t\t\t<\/div>\n\t\t\t\t<div class=\"elementor-element elementor-element-434570b elementor-widget elementor-widget-text-editor\" data-id=\"434570b\" data-element_type=\"widget\" data-e-type=\"widget\" data-widget_type=\"text-editor.default\">\n\t\t\t\t\t\t\t\t\t<p><span data-contrast=\"auto\">Die <a href=\"http:\/\/phoenixcontact.com\/nacs\" target=\"_blank\" rel=\"noopener\">NACS-Produkte von Phoenix\u202fContact<\/a> kommen in bew\u00e4hrter Industriequalit\u00e4t auf den Markt. Zun\u00e4chst kommen in Q2\/2025 die zu 100 % normgerechten NACS-AC-Ladekabel der CHARX connect eco-Familie auf den Markt, die den nordamerikanischen Automobilstandard SAE J3400 erf\u00fcllen und maximale Sicherheit bieten. Die robusten NACS-Ladestecker sind einfach zu handhaben und erm\u00f6glichen Wechselstromladen mit bis zu 80 A. Joe S. Boyer prognostiziert:\u202f<\/span><i><span data-contrast=\"auto\">&#8222;Im Jahr 2025 werden voraussichtlich die ersten Nicht-Tesla-Fahrzeuge getestet und in kleinen St\u00fcckzahlen in den nordamerikanischen Markt eingef\u00fchrt. Im darauffolgenden Jahr werden weitere Fahrzeuge in gro\u00dfem Umfang erwartet, wovon neben Tesla auch die Hersteller von Ladeinfrastruktur profitieren werden.&#8220;<\/span><\/i><span data-ccp-props=\"{}\">\u00a0<\/span><\/p><p><span data-contrast=\"auto\">Zertifiziert nach UL 2251 haben die NACS-AC-Ladekabel von Phoenix\u202fContact alle UL-Sicherheitstests bestanden. F\u00fcr die elektrische Sicherheit sind die Leistungskontakte des NACS-Ladesteckers mit einem Fingerber\u00fchrschutz ausgestattet, der den Schutzgrad IP2XB nach UL-Anforderungen erf\u00fcllt. Vollumspritzte Kunststoffkappen auf den hervorstehenden Pins der Leistungskontakte stellen dies dauerhaft sicher. Boyer erkl\u00e4rt:\u202f<\/span><i><span data-contrast=\"auto\">&#8222;Das verhindert elektrische Unf\u00e4lle durch freiliegende Leistungskontakte und erh\u00f6ht zudem die Zuverl\u00e4ssigkeit von NACS-Ladestationen.&#8220;<\/span><\/i><span data-ccp-props=\"{}\">\u00a0<\/span><\/p><p><span data-contrast=\"auto\">Die optional integrierten Temperatursensoren sch\u00fctzen vor \u00dcberhitzung, w\u00e4hrend die vollst\u00e4ndige L\u00e4ngswasserdichtigkeit des Ladesteckers die stromf\u00fchrenden Teile der Elektroanlage sch\u00fctzt. Diese Eigenschaften tragen zu einer langen Lebensdauer des NACS-Ladekabels bei. Abgestimmt auf die Installationsanforderungen von NACS-Ladestationen sind AC-Ladestecker mit einem 25 Fu\u00df langen, unkonfektionierten Kabel erh\u00e4ltlich oder k\u00f6nnen auf Kundenwunsch individuell konfektioniert werden. Die Kundenanpassung kann flexible Abisolierl\u00e4ngen und stufenweises Schneiden, Crimpen oder Verdichten durch Ultraschallschwei\u00dftechnik umfassen.<\/span><span data-ccp-props=\"{}\">\u00a0<\/span><\/p>\t\t\t\t\t\t\t\t<\/div>\n\t\t\t\t<div class=\"elementor-element elementor-element-2064738 elementor-widget elementor-widget-image\" data-id=\"2064738\" data-element_type=\"widget\" data-e-type=\"widget\" data-widget_type=\"image.default\">\n\t\t\t\t\t\t\t\t\t\t\t\t<figure class=\"wp-caption\">\n\t\t\t\t\t\t\t\t\t\t<img loading=\"lazy\" decoding=\"async\" width=\"768\" height=\"512\" src=\"https:\/\/www.phoenixcontact-emobility.com\/wp-content\/uploads\/2025\/04\/00195278_full_b5000-1-768x512.jpg\" class=\"attachment-medium_large size-medium_large wp-image-3029\" alt=\"Modern beleuchteter Ladepark bei Nacht mit Solardach, mehreren E-Autos und Schnellladestationen \u2013 nachhaltige Elektromobilit\u00e4t in urbanem Umfeld.\" srcset=\"https:\/\/www.phoenixcontact-emobility.com\/wp-content\/uploads\/2025\/04\/00195278_full_b5000-1-768x512.jpg 768w, https:\/\/www.phoenixcontact-emobility.com\/wp-content\/uploads\/2025\/04\/00195278_full_b5000-1-300x200.jpg 300w, https:\/\/www.phoenixcontact-emobility.com\/wp-content\/uploads\/2025\/04\/00195278_full_b5000-1-1024x683.jpg 1024w, https:\/\/www.phoenixcontact-emobility.com\/wp-content\/uploads\/2025\/04\/00195278_full_b5000-1-1536x1024.jpg 1536w, https:\/\/www.phoenixcontact-emobility.com\/wp-content\/uploads\/2025\/04\/00195278_full_b5000-1-2048x1365.jpg 2048w, https:\/\/www.phoenixcontact-emobility.com\/wp-content\/uploads\/2025\/04\/00195278_full_b5000-1-1320x880.jpg 1320w\" sizes=\"(max-width: 768px) 100vw, 768px\" \/>\t\t\t\t\t\t\t\t\t\t\t<figcaption class=\"widget-image-caption wp-caption-text\"><\/figcaption>\n\t\t\t\t\t\t\t\t\t\t<\/figure>\n\t\t\t\t\t\t\t\t\t<\/div>\n\t\t\t\t<\/div>\n\t\t\t\t\t<\/div>\n\t\t\t\t<\/div>\n\t\t<div class=\"elementor-element elementor-element-1d57cb4 e-flex e-con-boxed e-con e-parent\" data-id=\"1d57cb4\" data-element_type=\"container\" data-e-type=\"container\" data-settings=\"{&quot;background_background&quot;:&quot;classic&quot;}\">\n\t\t\t\t\t<div class=\"e-con-inner\">\n\t\t<div class=\"elementor-element elementor-element-0c19fd1 e-con-full e-flex e-con e-child\" data-id=\"0c19fd1\" data-element_type=\"container\" data-e-type=\"container\">\n\t\t\t\t<div class=\"elementor-element elementor-element-37c96e4 elementor-widget elementor-widget-heading\" data-id=\"37c96e4\" data-element_type=\"widget\" data-e-type=\"widget\" data-widget_type=\"heading.default\">\n\t\t\t\t\t<h2 class=\"elementor-heading-title elementor-size-default\">Ausblick auf weitere NACS-Produkte von Phoenix\u202fContact: DC-Ladekabel und Fahrzeug-Ladedosen <\/h2>\t\t\t\t<\/div>\n\t\t\t\t<div class=\"elementor-element elementor-element-1f18c04 elementor-widget elementor-widget-text-editor\" data-id=\"1f18c04\" data-element_type=\"widget\" data-e-type=\"widget\" data-widget_type=\"text-editor.default\">\n\t\t\t\t\t\t\t\t\t<p><span data-contrast=\"auto\">Das Entwicklungsteam von Phoenix\u202fContact arbeitet t\u00e4glich an innovativen Produkten f\u00fcr den nordamerikanischen Ladestandard.<\/span><span data-ccp-props=\"{}\">\u00a0<\/span><\/p><p><b><span data-contrast=\"auto\">NACS-DC-Ladekabel:<\/span><\/b><span data-contrast=\"auto\">\u202fDC-Ladekabel f\u00fcr schnelles Laden mit 200 A und 375 A (ungek\u00fchlt) und 650 A (fl\u00fcssigkeitsgek\u00fchlt) werden ab Q1 2026 erh\u00e4ltlich sein. Diese Ladekabel sind speziell f\u00fcr hohe Ladeleistungen ausgelegt und erm\u00f6glichen schnelles und effizientes Laden.<\/span><span data-ccp-props=\"{}\">\u00a0<\/span><\/p><p><b><span data-contrast=\"auto\">Kundenspezifische NACS-Ladedosen:<\/span><\/b><span data-contrast=\"auto\">\u202fKundenspezifische Ladedosen werden parallel f\u00fcr Automobilhersteller entwickelt. Diese werden individuell an die Bed\u00fcrfnisse und Vorgaben der jeweiligen Hersteller angepasst, um eine optimale Integration in die Fahrzeuge zu gew\u00e4hrleisten.<\/span><span data-ccp-props=\"{}\">\u00a0<\/span><\/p><p><b><span data-contrast=\"auto\">Universelle NACS-Fahrzeug-Ladedosen: <\/span><\/b><span data-contrast=\"auto\">sind verf\u00fcgbar ab Q2 2026 f\u00fcr Nutzfahrzeuge, mobile Maschinen und den Transportsektor in verschiedenen Leistungsklassen. Diese Fahrzeug-Ladedosen sind vielseitig einsetzbar und bieten eine flexible L\u00f6sung f\u00fcr unterschiedliche Anwendungen im Transport- und Nutzfahrzeugbereich.<\/span><span data-ccp-props=\"{}\">\u00a0<\/span><\/p>\t\t\t\t\t\t\t\t<\/div>\n\t\t\t\t<div class=\"elementor-element elementor-element-3d849d7 elementor-widget elementor-widget-spacer\" data-id=\"3d849d7\" data-element_type=\"widget\" data-e-type=\"widget\" data-widget_type=\"spacer.default\">\n\t\t\t\t\t\t\t<div class=\"elementor-spacer\">\n\t\t\t<div class=\"elementor-spacer-inner\"><\/div>\n\t\t<\/div>\n\t\t\t\t\t\t<\/div>\n\t\t<div class=\"elementor-element elementor-element-0260b81 cnt-space e-con-full e-flex e-con e-child\" data-id=\"0260b81\" data-element_type=\"container\" data-e-type=\"container\" data-settings=\"{&quot;background_background&quot;:&quot;classic&quot;}\">\n\t\t\t\t<div class=\"elementor-element elementor-element-814401a elementor-widget elementor-widget-text-editor\" data-id=\"814401a\" data-element_type=\"widget\" data-e-type=\"widget\" data-widget_type=\"text-editor.default\">\n\t\t\t\t\t\t\t\t\t<h5>FAQ<\/h5>\t\t\t\t\t\t\t\t<\/div>\n\t\t\t\t<div class=\"elementor-element elementor-element-5cc64dc elementor-widget elementor-widget-text-editor\" data-id=\"5cc64dc\" data-element_type=\"widget\" data-e-type=\"widget\" data-widget_type=\"text-editor.default\">\n\t\t\t\t\t\t\t\t\t<h2>H\u00e4ufig gestellte Fragen<\/h2>\t\t\t\t\t\t\t\t<\/div>\n\t\t\t\t<div class=\"elementor-element elementor-element-175d1e5 elementor-widget elementor-widget-n-accordion\" data-id=\"175d1e5\" data-element_type=\"widget\" data-e-type=\"widget\" data-settings=\"{&quot;default_state&quot;:&quot;all_collapsed&quot;,&quot;max_items_expended&quot;:&quot;multiple&quot;,&quot;n_accordion_animation_duration&quot;:{&quot;unit&quot;:&quot;ms&quot;,&quot;size&quot;:400,&quot;sizes&quot;:[]}}\" data-widget_type=\"nested-accordion.default\">\n\t\t\t\t\t\t\t<div class=\"e-n-accordion\" aria-label=\"Accordion. Open links with Enter or Space, close with Escape, and navigate with Arrow Keys\">\n\t\t\t\t\t\t<details id=\"e-n-accordion-item-2440\" class=\"e-n-accordion-item\" >\n\t\t\t\t<summary class=\"e-n-accordion-item-title\" data-accordion-index=\"1\" tabindex=\"0\" aria-expanded=\"false\" aria-controls=\"e-n-accordion-item-2440\" >\n\t\t\t\t\t<span class='e-n-accordion-item-title-header'><h3 class=\"e-n-accordion-item-title-text\"> Was ist der North American Charging Standard (NACS)? <\/h3><\/span>\n\t\t\t\t\t\t\t<span class='e-n-accordion-item-title-icon'>\n\t\t\t<span class='e-opened' ><svg aria-hidden=\"true\" class=\"e-font-icon-svg e-fas-minus\" viewBox=\"0 0 448 512\" xmlns=\"http:\/\/www.w3.org\/2000\/svg\"><path d=\"M416 208H32c-17.67 0-32 14.33-32 32v32c0 17.67 14.33 32 32 32h384c17.67 0 32-14.33 32-32v-32c0-17.67-14.33-32-32-32z\"><\/path><\/svg><\/span>\n\t\t\t<span class='e-closed'><svg aria-hidden=\"true\" class=\"e-font-icon-svg e-fas-plus\" viewBox=\"0 0 448 512\" xmlns=\"http:\/\/www.w3.org\/2000\/svg\"><path d=\"M416 208H272V64c0-17.67-14.33-32-32-32h-32c-17.67 0-32 14.33-32 32v144H32c-17.67 0-32 14.33-32 32v32c0 17.67 14.33 32 32 32h144v144c0 17.67 14.33 32 32 32h32c17.67 0 32-14.33 32-32V304h144c17.67 0 32-14.33 32-32v-32c0-17.67-14.33-32-32-32z\"><\/path><\/svg><\/span>\n\t\t<\/span>\n\n\t\t\t\t\t\t<\/summary>\n\t\t\t\t<div role=\"region\" aria-labelledby=\"e-n-accordion-item-2440\" class=\"elementor-element elementor-element-e0dad04 e-con-full e-flex e-con e-child\" data-id=\"e0dad04\" data-element_type=\"container\" data-e-type=\"container\">\n\t\t\t\t<div class=\"elementor-element elementor-element-dc06445 elementor-widget elementor-widget-text-editor\" data-id=\"dc06445\" data-element_type=\"widget\" data-e-type=\"widget\" data-widget_type=\"text-editor.default\">\n\t\t\t\t\t\t\t\t\t<p>Der North American Charging Standard (NACS) ist ein von Tesla entwickelter Ladestecker, der sich zunehmend als Standard f\u00fcr Elektrofahrzeuge in Nordamerika etabliert. Er bietet eine kompakte Bauweise, hohe Ladeleistung und ist kompatibel mit Gleichstrom-Schnellladen. Durch die wachsende Akzeptanz bei Automobilherstellern wird NACS zur Schl\u00fcsseltechnologie f\u00fcr die Zukunft der Ladeinfrastruktur.<\/p>\t\t\t\t\t\t\t\t<\/div>\n\t\t\t\t<\/div>\n\t\t\t\t\t<\/details>\n\t\t\t\t\t\t<details id=\"e-n-accordion-item-2441\" class=\"e-n-accordion-item\" >\n\t\t\t\t<summary class=\"e-n-accordion-item-title\" data-accordion-index=\"2\" tabindex=\"-1\" aria-expanded=\"false\" aria-controls=\"e-n-accordion-item-2441\" >\n\t\t\t\t\t<span class='e-n-accordion-item-title-header'><h3 class=\"e-n-accordion-item-title-text\"> Welche Vorteile bietet NACS gegen\u00fcber CCS? <\/h3><\/span>\n\t\t\t\t\t\t\t<span class='e-n-accordion-item-title-icon'>\n\t\t\t<span class='e-opened' ><svg aria-hidden=\"true\" class=\"e-font-icon-svg e-fas-minus\" viewBox=\"0 0 448 512\" xmlns=\"http:\/\/www.w3.org\/2000\/svg\"><path d=\"M416 208H32c-17.67 0-32 14.33-32 32v32c0 17.67 14.33 32 32 32h384c17.67 0 32-14.33 32-32v-32c0-17.67-14.33-32-32-32z\"><\/path><\/svg><\/span>\n\t\t\t<span class='e-closed'><svg aria-hidden=\"true\" class=\"e-font-icon-svg e-fas-plus\" viewBox=\"0 0 448 512\" xmlns=\"http:\/\/www.w3.org\/2000\/svg\"><path d=\"M416 208H272V64c0-17.67-14.33-32-32-32h-32c-17.67 0-32 14.33-32 32v144H32c-17.67 0-32 14.33-32 32v32c0 17.67 14.33 32 32 32h144v144c0 17.67 14.33 32 32 32h32c17.67 0 32-14.33 32-32V304h144c17.67 0 32-14.33 32-32v-32c0-17.67-14.33-32-32-32z\"><\/path><\/svg><\/span>\n\t\t<\/span>\n\n\t\t\t\t\t\t<\/summary>\n\t\t\t\t<div role=\"region\" aria-labelledby=\"e-n-accordion-item-2441\" class=\"elementor-element elementor-element-aded152 e-con-full e-flex e-con e-child\" data-id=\"aded152\" data-element_type=\"container\" data-e-type=\"container\">\n\t\t\t\t<div class=\"elementor-element elementor-element-eeb50f3 elementor-widget elementor-widget-text-editor\" data-id=\"eeb50f3\" data-element_type=\"widget\" data-e-type=\"widget\" data-widget_type=\"text-editor.default\">\n\t\t\t\t\t\t\t\t\t<p>Im Vergleich zum Combined Charging System (CCS1) punktet NACS mit einem schlankeren Design, einfacher Handhabung und hoher Ladeeffizienz. F\u00fcr Betreiber von Ladeinfrastruktur bedeutet das geringere Installationskosten und eine bessere Nutzererfahrung. Zudem unterst\u00fctzt NACS sowohl AC- als auch DC-Laden, was die Flexibilit\u00e4t f\u00fcr Elektrofahrzeugbesitzer erh\u00f6ht.<\/p>\t\t\t\t\t\t\t\t<\/div>\n\t\t\t\t<\/div>\n\t\t\t\t\t<\/details>\n\t\t\t\t\t\t<details id=\"e-n-accordion-item-2442\" class=\"e-n-accordion-item\" >\n\t\t\t\t<summary class=\"e-n-accordion-item-title\" data-accordion-index=\"3\" tabindex=\"-1\" aria-expanded=\"false\" aria-controls=\"e-n-accordion-item-2442\" >\n\t\t\t\t\t<span class='e-n-accordion-item-title-header'><h3 class=\"e-n-accordion-item-title-text\"> Wie k\u00f6nnen Ladeinfrastruktur-Betreiber auf NACS umsteigen? <\/h3><\/span>\n\t\t\t\t\t\t\t<span class='e-n-accordion-item-title-icon'>\n\t\t\t<span class='e-opened' ><svg aria-hidden=\"true\" class=\"e-font-icon-svg e-fas-minus\" viewBox=\"0 0 448 512\" xmlns=\"http:\/\/www.w3.org\/2000\/svg\"><path d=\"M416 208H32c-17.67 0-32 14.33-32 32v32c0 17.67 14.33 32 32 32h384c17.67 0 32-14.33 32-32v-32c0-17.67-14.33-32-32-32z\"><\/path><\/svg><\/span>\n\t\t\t<span class='e-closed'><svg aria-hidden=\"true\" class=\"e-font-icon-svg e-fas-plus\" viewBox=\"0 0 448 512\" xmlns=\"http:\/\/www.w3.org\/2000\/svg\"><path d=\"M416 208H272V64c0-17.67-14.33-32-32-32h-32c-17.67 0-32 14.33-32 32v144H32c-17.67 0-32 14.33-32 32v32c0 17.67 14.33 32 32 32h144v144c0 17.67 14.33 32 32 32h32c17.67 0 32-14.33 32-32V304h144c17.67 0 32-14.33 32-32v-32c0-17.67-14.33-32-32-32z\"><\/path><\/svg><\/span>\n\t\t<\/span>\n\n\t\t\t\t\t\t<\/summary>\n\t\t\t\t<div role=\"region\" aria-labelledby=\"e-n-accordion-item-2442\" class=\"elementor-element elementor-element-e35dc14 e-con-full e-flex e-con e-child\" data-id=\"e35dc14\" data-element_type=\"container\" data-e-type=\"container\">\n\t\t\t\t<div class=\"elementor-element elementor-element-2f53c04 elementor-widget elementor-widget-text-editor\" data-id=\"2f53c04\" data-element_type=\"widget\" data-e-type=\"widget\" data-widget_type=\"text-editor.default\">\n\t\t\t\t\t\t\t\t\t<p>Der Umstieg auf NACS erfordert die Integration kompatibler Ladekabel und Stecker in bestehende oder neue Ladesysteme. Viele Hersteller, darunter Phoenix Contact, bieten bereits L\u00f6sungen f\u00fcr die Umr\u00fcstung an. Betreiber sollten fr\u00fchzeitig pr\u00fcfen, welche Hardware und Software-Anpassungen notwendig sind, um den steigenden Bedarf an NACS-Ladepunkten zu decken.<\/p>\t\t\t\t\t\t\t\t<\/div>\n\t\t\t\t<\/div>\n\t\t\t\t\t<\/details>\n\t\t\t\t\t<\/div>\n\t\t\t\t\t<script type=\"application\/ld+json\">{\"@context\":\"https:\\\/\\\/schema.org\",\"@type\":\"FAQPage\",\"mainEntity\":[{\"@type\":\"Question\",\"name\":\"Was ist der North American Charging Standard (NACS)?\",\"acceptedAnswer\":{\"@type\":\"Answer\",\"text\":\"Der North American Charging Standard (NACS) ist ein von Tesla entwickelter Ladestecker, der sich zunehmend als Standard f\\u00fcr Elektrofahrzeuge in Nordamerika etabliert. Er bietet eine kompakte Bauweise, hohe Ladeleistung und ist kompatibel mit Gleichstrom-Schnellladen. Durch die wachsende Akzeptanz bei Automobilherstellern wird NACS zur Schl\\u00fcsseltechnologie f\\u00fcr die Zukunft der Ladeinfrastruktur.\"}},{\"@type\":\"Question\",\"name\":\"Welche Vorteile bietet NACS gegen\\u00fcber CCS?\",\"acceptedAnswer\":{\"@type\":\"Answer\",\"text\":\"Im Vergleich zum Combined Charging System (CCS1) punktet NACS mit einem schlankeren Design, einfacher Handhabung und hoher Ladeeffizienz. F\\u00fcr Betreiber von Ladeinfrastruktur bedeutet das geringere Installationskosten und eine bessere Nutzererfahrung. Zudem unterst\\u00fctzt NACS sowohl AC- als auch DC-Laden, was die Flexibilit\\u00e4t f\\u00fcr Elektrofahrzeugbesitzer erh\\u00f6ht.\"}},{\"@type\":\"Question\",\"name\":\"Wie k\\u00f6nnen Ladeinfrastruktur-Betreiber auf NACS umsteigen?\",\"acceptedAnswer\":{\"@type\":\"Answer\",\"text\":\"Der Umstieg auf NACS erfordert die Integration kompatibler Ladekabel und Stecker in bestehende oder neue Ladesysteme. Viele Hersteller, darunter Phoenix Contact, bieten bereits L\\u00f6sungen f\\u00fcr die Umr\\u00fcstung an. Betreiber sollten fr\\u00fchzeitig pr\\u00fcfen, welche Hardware und Software-Anpassungen notwendig sind, um den steigenden Bedarf an NACS-Ladepunkten zu decken.\"}}]}<\/script>\n\t\t\t\t\t\t\t<\/div>\n\t\t<div class=\"elementor-element elementor-element-222e154 cnt-space e-con-full e-flex e-con e-child\" data-id=\"222e154\" data-element_type=\"container\" data-e-type=\"container\" data-settings=\"{&quot;background_background&quot;:&quot;classic&quot;}\">\n\t\t<div class=\"elementor-element elementor-element-2d06ee1 e-con-full e-flex e-con e-child\" data-id=\"2d06ee1\" data-element_type=\"container\" data-e-type=\"container\">\n\t\t\t\t<div class=\"elementor-element elementor-element-0a1dbc0 elementor-widget elementor-widget-heading\" data-id=\"0a1dbc0\" data-element_type=\"widget\" data-e-type=\"widget\" data-widget_type=\"heading.default\">\n\t\t\t\t\t<h2 class=\"elementor-heading-title elementor-size-default\">Jetzt passende Produkte entdecken<\/h2>\t\t\t\t<\/div>\n\t\t\t\t<div class=\"elementor-element elementor-element-06e5424 elementor-widget-divider--view-line elementor-widget elementor-widget-divider\" data-id=\"06e5424\" data-element_type=\"widget\" data-e-type=\"widget\" data-widget_type=\"divider.default\">\n\t\t\t\t\t\t\t<div class=\"elementor-divider\">\n\t\t\t<span class=\"elementor-divider-separator\">\n\t\t\t\t\t\t<\/span>\n\t\t<\/div>\n\t\t\t\t\t\t<\/div>\n\t\t\t\t<div class=\"elementor-element elementor-element-33919e7 elementor-widget elementor-widget-text-editor\" data-id=\"33919e7\" data-element_type=\"widget\" data-e-type=\"widget\" data-widget_type=\"text-editor.default\">\n\t\t\t\t\t\t\t\t\t<p>Hier finden Sie eine Auswahl relevanter Produkte \u2013 basierend auf den Themen und Empfehlungen aus unserem Blogbeitrag.<\/p>\t\t\t\t\t\t\t\t<\/div>\n\t\t\t\t<\/div>\n\t\t<div class=\"elementor-element elementor-element-2920723 e-con-full e-grid e-con e-child\" data-id=\"2920723\" data-element_type=\"container\" data-e-type=\"container\">\n\t\t<div class=\"elementor-element elementor-element-57fc789 e-con-full txt-box-grid txt-box-grid-dark-green e-flex e-con e-child\" data-id=\"57fc789\" data-element_type=\"container\" data-e-type=\"container\" data-settings=\"{&quot;background_background&quot;:&quot;classic&quot;}\">\n\t\t\t\t<div class=\"elementor-element elementor-element-bfc7218 elementor-widget elementor-widget-image\" data-id=\"bfc7218\" data-element_type=\"widget\" data-e-type=\"widget\" data-widget_type=\"image.default\">\n\t\t\t\t\t\t\t\t\t\t\t\t\t\t\t\t<a href=\"https:\/\/www.charin.global\/\" target=\"_blank\" rel=\"noopener\">\n\t\t\t\t\t\t\t<img loading=\"lazy\" decoding=\"async\" width=\"500\" height=\"500\" src=\"https:\/\/www.phoenixcontact-emobility.com\/wp-content\/uploads\/2025\/04\/00192193_1x1_5000.png\" class=\"attachment-large size-large wp-image-10437\" alt=\"CharIN e.V.\" srcset=\"https:\/\/www.phoenixcontact-emobility.com\/wp-content\/uploads\/2025\/04\/00192193_1x1_5000.png 500w, https:\/\/www.phoenixcontact-emobility.com\/wp-content\/uploads\/2025\/04\/00192193_1x1_5000-300x300.png 300w, https:\/\/www.phoenixcontact-emobility.com\/wp-content\/uploads\/2025\/04\/00192193_1x1_5000-150x150.png 150w\" sizes=\"(max-width: 500px) 100vw, 500px\" \/>\t\t\t\t\t\t\t\t<\/a>\n\t\t\t\t\t\t\t\t\t\t\t\t\t\t\t<\/div>\n\t\t\t\t<div class=\"elementor-element elementor-element-d6e94e7 elementor-widget elementor-widget-heading\" data-id=\"d6e94e7\" data-element_type=\"widget\" data-e-type=\"widget\" data-widget_type=\"heading.default\">\n\t\t\t\t\t<h3 class=\"elementor-heading-title elementor-size-default\"><a href=\"https:\/\/www.charin.global\/\" target=\"_blank\" rel=\"noopener\">CharIN e. V.\n<\/a><\/h3>\t\t\t\t<\/div>\n\t\t\t\t<div class=\"elementor-element elementor-element-069352d elementor-align-right pc-tertiary-link elementor-widget elementor-widget-button\" data-id=\"069352d\" data-element_type=\"widget\" data-e-type=\"widget\" data-widget_type=\"button.default\">\n\t\t\t\t\t\t\t\t\t\t<a class=\"elementor-button elementor-button-link elementor-size-sm\" href=\"https:\/\/www.charin.global\/\" target=\"_blank\" rel=\"noopener\">\n\t\t\t\t\t\t<span class=\"elementor-button-content-wrapper\">\n\t\t\t\t\t\t<span class=\"elementor-button-icon\">\n\t\t\t\t<svg aria-hidden=\"true\" class=\"e-font-icon-svg e-fas-arrow-right\" viewBox=\"0 0 448 512\" xmlns=\"http:\/\/www.w3.org\/2000\/svg\"><path d=\"M190.5 66.9l22.2-22.2c9.4-9.4 24.6-9.4 33.9 0L441 239c9.4 9.4 9.4 24.6 0 33.9L246.6 467.3c-9.4 9.4-24.6 9.4-33.9 0l-22.2-22.2c-9.5-9.5-9.3-25 .4-34.3L311.4 296H24c-13.3 0-24-10.7-24-24v-32c0-13.3 10.7-24 24-24h287.4L190.9 101.2c-9.8-9.3-10-24.8-.4-34.3z\"><\/path><\/svg>\t\t\t<\/span>\n\t\t\t\t\t\t\t\t\t<span class=\"elementor-button-text\">Mehr erfahren<\/span>\n\t\t\t\t\t<\/span>\n\t\t\t\t\t<\/a>\n\t\t\t\t\t\t\t\t<\/div>\n\t\t\t\t<\/div>\n\t\t<div class=\"elementor-element elementor-element-102cd38 e-con-full txt-box-grid txt-box-grid-dark-green e-flex e-con e-child\" data-id=\"102cd38\" data-element_type=\"container\" data-e-type=\"container\" data-settings=\"{&quot;background_background&quot;:&quot;classic&quot;}\">\n\t\t\t\t<div class=\"elementor-element elementor-element-e1ddbfe elementor-widget elementor-widget-image\" data-id=\"e1ddbfe\" data-element_type=\"widget\" data-e-type=\"widget\" data-widget_type=\"image.default\">\n\t\t\t\t\t\t\t\t\t\t\t\t\t\t\t\t<a href=\"http:\/\/phoenixcontact.com\/hpc\" target=\"_blank\" rel=\"noopener\">\n\t\t\t\t\t\t\t<img loading=\"lazy\" decoding=\"async\" width=\"800\" height=\"800\" src=\"https:\/\/www.phoenixcontact-emobility.com\/wp-content\/uploads\/2025\/07\/00202255_1x1_5000-1024x1024.png\" class=\"attachment-large size-large wp-image-9961\" alt=\"\" srcset=\"https:\/\/www.phoenixcontact-emobility.com\/wp-content\/uploads\/2025\/07\/00202255_1x1_5000-1024x1024.png 1024w, https:\/\/www.phoenixcontact-emobility.com\/wp-content\/uploads\/2025\/07\/00202255_1x1_5000-300x300.png 300w, https:\/\/www.phoenixcontact-emobility.com\/wp-content\/uploads\/2025\/07\/00202255_1x1_5000-150x150.png 150w, https:\/\/www.phoenixcontact-emobility.com\/wp-content\/uploads\/2025\/07\/00202255_1x1_5000-768x768.png 768w, https:\/\/www.phoenixcontact-emobility.com\/wp-content\/uploads\/2025\/07\/00202255_1x1_5000-1536x1536.png 1536w, https:\/\/www.phoenixcontact-emobility.com\/wp-content\/uploads\/2025\/07\/00202255_1x1_5000-2048x2048.png 2048w\" sizes=\"(max-width: 800px) 100vw, 800px\" \/>\t\t\t\t\t\t\t\t<\/a>\n\t\t\t\t\t\t\t\t\t\t\t\t\t\t\t<\/div>\n\t\t\t\t<div class=\"elementor-element elementor-element-f0ccda0 elementor-widget elementor-widget-heading\" data-id=\"f0ccda0\" data-element_type=\"widget\" data-e-type=\"widget\" data-widget_type=\"heading.default\">\n\t\t\t\t\t<h3 class=\"elementor-heading-title elementor-size-default\"><a href=\"http:\/\/phoenixcontact.com\/hpc\" target=\"_blank\" rel=\"noopener\">High Power Charging<\/a><\/h3>\t\t\t\t<\/div>\n\t\t\t\t<div class=\"elementor-element elementor-element-b97f1b5 elementor-align-right pc-tertiary-link elementor-widget elementor-widget-button\" data-id=\"b97f1b5\" data-element_type=\"widget\" data-e-type=\"widget\" data-widget_type=\"button.default\">\n\t\t\t\t\t\t\t\t\t\t<a class=\"elementor-button elementor-button-link elementor-size-sm\" href=\"http:\/\/phoenixcontact.com\/hpc\" target=\"_blank\" rel=\"noopener\">\n\t\t\t\t\t\t<span class=\"elementor-button-content-wrapper\">\n\t\t\t\t\t\t<span class=\"elementor-button-icon\">\n\t\t\t\t<svg aria-hidden=\"true\" class=\"e-font-icon-svg e-fas-arrow-right\" viewBox=\"0 0 448 512\" xmlns=\"http:\/\/www.w3.org\/2000\/svg\"><path d=\"M190.5 66.9l22.2-22.2c9.4-9.4 24.6-9.4 33.9 0L441 239c9.4 9.4 9.4 24.6 0 33.9L246.6 467.3c-9.4 9.4-24.6 9.4-33.9 0l-22.2-22.2c-9.5-9.5-9.3-25 .4-34.3L311.4 296H24c-13.3 0-24-10.7-24-24v-32c0-13.3 10.7-24 24-24h287.4L190.9 101.2c-9.8-9.3-10-24.8-.4-34.3z\"><\/path><\/svg>\t\t\t<\/span>\n\t\t\t\t\t\t\t\t\t<span class=\"elementor-button-text\">Mehr erfahren<\/span>\n\t\t\t\t\t<\/span>\n\t\t\t\t\t<\/a>\n\t\t\t\t\t\t\t\t<\/div>\n\t\t\t\t<\/div>\n\t\t<div class=\"elementor-element elementor-element-dd73172 e-con-full txt-box-grid txt-box-grid-dark-green e-flex e-con e-child\" data-id=\"dd73172\" data-element_type=\"container\" data-e-type=\"container\" data-settings=\"{&quot;background_background&quot;:&quot;classic&quot;}\">\n\t\t\t\t<div class=\"elementor-element elementor-element-7370ca2 elementor-widget elementor-widget-image\" data-id=\"7370ca2\" data-element_type=\"widget\" data-e-type=\"widget\" data-widget_type=\"image.default\">\n\t\t\t\t\t\t\t\t\t\t\t\t\t\t\t\t<a href=\"http:\/\/phoenixcontact.com\/nacs\" target=\"_blank\" rel=\"noopener\">\n\t\t\t\t\t\t\t<img loading=\"lazy\" decoding=\"async\" width=\"800\" height=\"800\" src=\"https:\/\/www.phoenixcontact-emobility.com\/wp-content\/uploads\/2025\/04\/00187499_1x1_5000.png\" class=\"attachment-large size-large wp-image-10527\" alt=\"NACS-Ladekabel von Phoenix Contact\" srcset=\"https:\/\/www.phoenixcontact-emobility.com\/wp-content\/uploads\/2025\/04\/00187499_1x1_5000.png 1000w, https:\/\/www.phoenixcontact-emobility.com\/wp-content\/uploads\/2025\/04\/00187499_1x1_5000-300x300.png 300w, https:\/\/www.phoenixcontact-emobility.com\/wp-content\/uploads\/2025\/04\/00187499_1x1_5000-150x150.png 150w, https:\/\/www.phoenixcontact-emobility.com\/wp-content\/uploads\/2025\/04\/00187499_1x1_5000-768x768.png 768w\" sizes=\"(max-width: 800px) 100vw, 800px\" \/>\t\t\t\t\t\t\t\t<\/a>\n\t\t\t\t\t\t\t\t\t\t\t\t\t\t\t<\/div>\n\t\t\t\t<div class=\"elementor-element elementor-element-38cc932 elementor-widget elementor-widget-heading\" data-id=\"38cc932\" data-element_type=\"widget\" data-e-type=\"widget\" data-widget_type=\"heading.default\">\n\t\t\t\t\t<h3 class=\"elementor-heading-title elementor-size-default\"><a href=\"http:\/\/phoenixcontact.com\/nacs\" target=\"_blank\" rel=\"noopener\">NACS-Ladekabel<\/a><\/h3>\t\t\t\t<\/div>\n\t\t\t\t<div class=\"elementor-element elementor-element-d50e373 elementor-align-right pc-tertiary-link elementor-widget elementor-widget-button\" data-id=\"d50e373\" data-element_type=\"widget\" data-e-type=\"widget\" data-widget_type=\"button.default\">\n\t\t\t\t\t\t\t\t\t\t<a class=\"elementor-button elementor-button-link elementor-size-sm\" href=\"http:\/\/phoenixcontact.com\/nacs\" target=\"_blank\" rel=\"noopener\">\n\t\t\t\t\t\t<span class=\"elementor-button-content-wrapper\">\n\t\t\t\t\t\t<span class=\"elementor-button-icon\">\n\t\t\t\t<svg aria-hidden=\"true\" class=\"e-font-icon-svg e-fas-arrow-right\" viewBox=\"0 0 448 512\" xmlns=\"http:\/\/www.w3.org\/2000\/svg\"><path d=\"M190.5 66.9l22.2-22.2c9.4-9.4 24.6-9.4 33.9 0L441 239c9.4 9.4 9.4 24.6 0 33.9L246.6 467.3c-9.4 9.4-24.6 9.4-33.9 0l-22.2-22.2c-9.5-9.5-9.3-25 .4-34.3L311.4 296H24c-13.3 0-24-10.7-24-24v-32c0-13.3 10.7-24 24-24h287.4L190.9 101.2c-9.8-9.3-10-24.8-.4-34.3z\"><\/path><\/svg>\t\t\t<\/span>\n\t\t\t\t\t\t\t\t\t<span class=\"elementor-button-text\">Mehr erfahren<\/span>\n\t\t\t\t\t<\/span>\n\t\t\t\t\t<\/a>\n\t\t\t\t\t\t\t\t<\/div>\n\t\t\t\t<\/div>\n\t\t\t\t<\/div>\n\t\t\t\t<\/div>\n\t\t\t\t<\/div>\n\t\t\t\t<\/div>\n\t\t\t\t\t<\/div>\n\t\t\t\t<\/div>\n\t\t\t\t<\/div>\n\t\t","protected":false},"excerpt":{"rendered":"<p>NACS \u2013 Der Ladestandard, der den amerikanischen Markt erobertDer North American Charging Standard, auch bekannt als &#8222;NACS&#8220; und SAE-J3400-Standard, wird eine zentrale Rolle bei der Elektrifizierung des Verkehrssektors spielen. Der NACS-Standard wird den Aufbau der Ladeinfrastruktur f\u00fcr Elektrofahrzeuge in Nordamerika unterst\u00fctzen und pr\u00e4gen. <\/p>\n","protected":false},"author":3,"featured_media":2698,"comment_status":"closed","ping_status":"closed","sticky":false,"template":"","format":"standard","meta":{"_acf_changed":false,"footnotes":""},"categories":[40],"tags":[],"class_list":["post-2694","post","type-post","status-publish","format-standard","has-post-thumbnail","hentry","category-ladeinfrastruktur"],"acf":[],"_links":{"self":[{"href":"https:\/\/www.phoenixcontact-emobility.com\/de\/wp-json\/wp\/v2\/posts\/2694","targetHints":{"allow":["GET"]}}],"collection":[{"href":"https:\/\/www.phoenixcontact-emobility.com\/de\/wp-json\/wp\/v2\/posts"}],"about":[{"href":"https:\/\/www.phoenixcontact-emobility.com\/de\/wp-json\/wp\/v2\/types\/post"}],"author":[{"embeddable":true,"href":"https:\/\/www.phoenixcontact-emobility.com\/de\/wp-json\/wp\/v2\/users\/3"}],"replies":[{"embeddable":true,"href":"https:\/\/www.phoenixcontact-emobility.com\/de\/wp-json\/wp\/v2\/comments?post=2694"}],"version-history":[{"count":0,"href":"https:\/\/www.phoenixcontact-emobility.com\/de\/wp-json\/wp\/v2\/posts\/2694\/revisions"}],"wp:featuredmedia":[{"embeddable":true,"href":"https:\/\/www.phoenixcontact-emobility.com\/de\/wp-json\/wp\/v2\/media\/2698"}],"wp:attachment":[{"href":"https:\/\/www.phoenixcontact-emobility.com\/de\/wp-json\/wp\/v2\/media?parent=2694"}],"wp:term":[{"taxonomy":"category","embeddable":true,"href":"https:\/\/www.phoenixcontact-emobility.com\/de\/wp-json\/wp\/v2\/categories?post=2694"},{"taxonomy":"post_tag","embeddable":true,"href":"https:\/\/www.phoenixcontact-emobility.com\/de\/wp-json\/wp\/v2\/tags?post=2694"}],"curies":[{"name":"wp","href":"https:\/\/api.w.org\/{rel}","templated":true}]}}