{"id":3187,"date":"2025-05-30T10:00:34","date_gmt":"2025-05-30T10:00:34","guid":{"rendered":"https:\/\/dev.phoenixcontact-emobility.com\/?p=3187"},"modified":"2025-12-11T14:03:46","modified_gmt":"2025-12-11T12:03:46","slug":"e-dienstwagen-zu-hause-laden-und-mit-dem-charge-repay-service-eichrechtskonform-abrechnen","status":"publish","type":"post","link":"https:\/\/www.phoenixcontact-emobility.com\/de\/news-und-events\/ladeinfrastruktur\/e-dienstwagen-zu-hause-laden-und-mit-dem-charge-repay-service-eichrechtskonform-abrechnen\/","title":{"rendered":"E-Dienstwagen zu Hause laden und mit dem Charge Repay Service eichrechtskonform abrechnen"},"content":{"rendered":"\t\t<div data-elementor-type=\"wp-post\" data-elementor-id=\"3187\" class=\"elementor elementor-3187\" data-elementor-post-type=\"post\">\n\t\t\t\t<div class=\"elementor-element elementor-element-7699452 e-flex e-con-boxed e-con e-parent\" data-id=\"7699452\" data-element_type=\"container\" data-e-type=\"container\" data-settings=\"{&quot;background_background&quot;:&quot;classic&quot;}\">\n\t\t\t\t\t<div class=\"e-con-inner\">\n\t\t<div class=\"elementor-element elementor-element-580fee8 e-con-full e-flex e-con e-child\" data-id=\"580fee8\" data-element_type=\"container\" data-e-type=\"container\">\n\t\t<div class=\"elementor-element elementor-element-c734e09 e-con-full e-flex e-con e-child\" data-id=\"c734e09\" data-element_type=\"container\" data-e-type=\"container\">\n\t\t\t\t<div class=\"elementor-element elementor-element-2142e1e elementor-widget elementor-widget-text-editor\" data-id=\"2142e1e\" data-element_type=\"widget\" data-e-type=\"widget\" data-widget_type=\"text-editor.default\">\n\t\t\t\t\t\t\t\t\t<p><span class=\"TextRun SCXW86106953 BCX0\" lang=\"DE-DE\" xml:lang=\"DE-DE\" data-contrast=\"auto\"><span class=\"NormalTextRun SCXW86106953 BCX0\">Wird Ihr n\u00e4chster Dienstwagen auch elektrisch? Fragen Sie sich auch, wie Sie Ihre heimischen Ladekosten mit Ihrem Arbeitgeber abrechnen k\u00f6nnen? Der <a href=\"https:\/\/charge-repay.io\/\" target=\"_blank\" rel=\"noopener\">Charge <\/a><\/span><span class=\"NormalTextRun SpellingErrorV2Themed SCXW86106953 BCX0\">Repay<\/span><span class=\"NormalTextRun SCXW86106953 BCX0\"> Service von Phoenix\u202fContact k\u00f6nnte die einfache Antwort auf diese Frage sein. Unser Produktexperte Anton Sch\u00f6nenberg erkl\u00e4rt Ihnen im Interview die Vorteile des Charge <\/span><span class=\"NormalTextRun SpellingErrorV2Themed SCXW86106953 BCX0\">Repay<\/span><span class=\"NormalTextRun SCXW86106953 BCX0\"> Service.<\/span><\/span><\/p>\t\t\t\t\t\t\t\t<\/div>\n\t\t\t\t<div class=\"elementor-element elementor-element-d3ad166 elementor-widget elementor-widget-image\" data-id=\"d3ad166\" data-element_type=\"widget\" data-e-type=\"widget\" data-widget_type=\"image.default\">\n\t\t\t\t\t\t\t\t\t\t\t\t<figure class=\"wp-caption\">\n\t\t\t\t\t\t\t\t\t\t<img fetchpriority=\"high\" decoding=\"async\" width=\"768\" height=\"511\" src=\"https:\/\/www.phoenixcontact-emobility.com\/wp-content\/uploads\/2025\/04\/00207519_full_b5000-768x511.jpg\" class=\"attachment-medium_large size-medium_large wp-image-3189\" alt=\"Mann l\u00e4dt sein Elektroauto (BMW iX1) mit einer Wallbox im Garten \u2013 entspannte Szene bei Tageslicht mit herbstlicher Umgebung.\" srcset=\"https:\/\/www.phoenixcontact-emobility.com\/wp-content\/uploads\/2025\/04\/00207519_full_b5000-768x511.jpg 768w, https:\/\/www.phoenixcontact-emobility.com\/wp-content\/uploads\/2025\/04\/00207519_full_b5000-300x200.jpg 300w, https:\/\/www.phoenixcontact-emobility.com\/wp-content\/uploads\/2025\/04\/00207519_full_b5000-1024x681.jpg 1024w, https:\/\/www.phoenixcontact-emobility.com\/wp-content\/uploads\/2025\/04\/00207519_full_b5000-1536x1022.jpg 1536w, https:\/\/www.phoenixcontact-emobility.com\/wp-content\/uploads\/2025\/04\/00207519_full_b5000-2048x1363.jpg 2048w, https:\/\/www.phoenixcontact-emobility.com\/wp-content\/uploads\/2025\/04\/00207519_full_b5000-1320x878.jpg 1320w\" sizes=\"(max-width: 768px) 100vw, 768px\" \/>\t\t\t\t\t\t\t\t\t\t\t<figcaption class=\"widget-image-caption wp-caption-text\"><\/figcaption>\n\t\t\t\t\t\t\t\t\t\t<\/figure>\n\t\t\t\t\t\t\t\t\t<\/div>\n\t\t\t\t<\/div>\n\t\t\t\t<div class=\"elementor-element elementor-element-387511a elementor-widget elementor-widget-text-editor\" data-id=\"387511a\" data-element_type=\"widget\" data-e-type=\"widget\" data-widget_type=\"text-editor.default\">\n\t\t\t\t\t\t\t\t\t<p><strong><em><span class=\"TextRun SCXW53566237 BCX0\" lang=\"DE-DE\" xml:lang=\"DE-DE\" data-contrast=\"auto\"><span class=\"NormalTextRun SCXW53566237 BCX0\">Julia<\/span><\/span><\/em><span class=\"TextRun SCXW53566237 BCX0\" lang=\"DE-DE\" xml:lang=\"DE-DE\" data-contrast=\"auto\"><span class=\"NormalTextRun SCXW53566237 BCX0\"><em> Kr\u00fcger:<\/em> <\/span><\/span><span class=\"TextRun SCXW53566237 BCX0\" lang=\"DE-DE\" xml:lang=\"DE-DE\" data-contrast=\"auto\"><span class=\"NormalTextRun SCXW53566237 BCX0\">Firmenwagen sind in Europa weit verbreitet und machen rund 60 Prozent aller Neuwagenverk\u00e4ufe aus. Dabei elektrifizieren immer mehr Unternehmen ihre Flotten und bieten ihren Mitarbeitenden elektrische Firmenwagen an. Beim klassischen Verbrenner \u00fcbernehmen Arbeitgeber oftmals auch die kompletten Spritkosten. Dabei gestaltet sich die Abrechnung einfach durch die Nutzung einer Tankkarte oder durch das Einreichen von Quittungen beim Arbeitgeber. Etwas komplizierter gestaltet es sich hingegen mit den Ladekosten von E-Fahrzeugen, denn man kann nicht nur \u00f6ffentlich laden, sondern eben auch an der privaten Wallbox zu Hause. Was also ben\u00f6tigt der Dienstwagenfahrende, um die Abrechnung mit dem Arbeitgeber korrekt gestalten zu k\u00f6nnen? Herr Sch\u00f6nenberg, k\u00f6nnen Sie diese Frage f\u00fcr unsere Leser beantworten?<\/span><\/span><\/strong><\/p>\t\t\t\t\t\t\t\t<\/div>\n\t\t\t\t<div class=\"elementor-element elementor-element-84ca38e elementor-blockquote--skin-quotation elementor-blockquote--align-left elementor-widget elementor-widget-blockquote\" data-id=\"84ca38e\" data-element_type=\"widget\" data-e-type=\"widget\" data-widget_type=\"blockquote.default\">\n\t\t\t\t\t\t\t<blockquote class=\"elementor-blockquote\">\n\t\t\t<p class=\"elementor-blockquote__content\">\n\t\t\t\tSelbstverst\u00e4ndlich. Dienstwagenfahrende haben grunds\u00e4tzlich verschiedene M\u00f6glichkeiten, die Kosten f\u00fcr das Laden ihres Fahrzeugs abzurechnen. Beim \u00f6ffentlichen Laden oder Laden beim Arbeitgeber werden die Kosten meist direkt durch den Arbeitgeber getragen, entweder durch Ladekarten oder durch die Ladeinfrastruktur am Arbeitsplatz.\u00a0\n\nBeim Heimladen hingegen tr\u00e4gt der Fahrer zun\u00e4chst die Kosten als Teil seiner Stromkosten und muss diese dann durch einen Prozess vom Unternehmen zur\u00fcckerstattet bekommen. Es gibt verschiedene R\u00fcckerstattungsm\u00f6glichkeiten: eine pauschale Erstattung, oder die verbrauchsgenaue Erstattung, die entweder manuell durch die HR-Abteilung oder automatisiert durch einen externen Anbieter durchgef\u00fchrt werden kann. Eine Grundvoraussetzung f\u00fcr die verbrauchsgenaue Erstattung in Deutschland ist die Einhaltung der Eichrechtskonformit\u00e4t gem\u00e4\u00df dem Mess- und Eichgesetz.\u00a0\t\t\t<\/p>\n\t\t\t\t\t\t\t<div class=\"e-q-footer\">\n\t\t\t\t\t\t\t\t\t\t\t<cite class=\"elementor-blockquote__author\">Anton Sch\u00f6nenberg<\/cite>\n\t\t\t\t\t\t\t\t\t\t\t\t\t\t<\/div>\n\t\t\t\t\t<\/blockquote>\n\t\t\t\t\t\t<\/div>\n\t\t\t\t<div class=\"elementor-element elementor-element-ca439ab elementor-widget elementor-widget-image\" data-id=\"ca439ab\" data-element_type=\"widget\" data-e-type=\"widget\" data-widget_type=\"image.default\">\n\t\t\t\t\t\t\t\t\t\t\t\t<figure class=\"wp-caption\">\n\t\t\t\t\t\t\t\t\t\t<img decoding=\"async\" width=\"768\" height=\"510\" src=\"https:\/\/www.phoenixcontact-emobility.com\/wp-content\/uploads\/2025\/04\/00042433_full_b5000-768x510.jpg\" class=\"attachment-medium_large size-medium_large wp-image-3190\" alt=\"Person nutzt Taschenrechner und analysiert Diagramme und Statistiken auf einem Gesch\u00e4ftsbericht, im Hintergrund eine Kaffeetasse.\" srcset=\"https:\/\/www.phoenixcontact-emobility.com\/wp-content\/uploads\/2025\/04\/00042433_full_b5000-768x510.jpg 768w, https:\/\/www.phoenixcontact-emobility.com\/wp-content\/uploads\/2025\/04\/00042433_full_b5000-300x199.jpg 300w, https:\/\/www.phoenixcontact-emobility.com\/wp-content\/uploads\/2025\/04\/00042433_full_b5000-1024x680.jpg 1024w, https:\/\/www.phoenixcontact-emobility.com\/wp-content\/uploads\/2025\/04\/00042433_full_b5000-1536x1020.jpg 1536w, https:\/\/www.phoenixcontact-emobility.com\/wp-content\/uploads\/2025\/04\/00042433_full_b5000-2048x1359.jpg 2048w, https:\/\/www.phoenixcontact-emobility.com\/wp-content\/uploads\/2025\/04\/00042433_full_b5000-1320x876.jpg 1320w\" sizes=\"(max-width: 768px) 100vw, 768px\" \/>\t\t\t\t\t\t\t\t\t\t\t<figcaption class=\"widget-image-caption wp-caption-text\"><\/figcaption>\n\t\t\t\t\t\t\t\t\t\t<\/figure>\n\t\t\t\t\t\t\t\t\t<\/div>\n\t\t\t\t<div class=\"elementor-element elementor-element-908277a elementor-widget elementor-widget-text-editor\" data-id=\"908277a\" data-element_type=\"widget\" data-e-type=\"widget\" data-widget_type=\"text-editor.default\">\n\t\t\t\t\t\t\t\t\t<p><b><span data-contrast=\"auto\"><em>Julia Kr\u00fcger:<\/em> Da klingt auf jeden Fall mit, dass es entweder einen gro\u00dfen Aufwand bedeutet oder im Falle einer Pauschale eine Bevorzugung oder Benachteiligung entstehen k\u00f6nnte. Aber nicht nur f\u00fcr die fahrzeugf\u00fchrende dienstreisende Person, sondern auch f\u00fcr Unternehmen, oder?<\/span><\/b><\/p>\t\t\t\t\t\t\t\t<\/div>\n\t\t\t\t<div class=\"elementor-element elementor-element-bfccb1f elementor-blockquote--skin-quotation elementor-blockquote--align-left elementor-widget elementor-widget-blockquote\" data-id=\"bfccb1f\" data-element_type=\"widget\" data-e-type=\"widget\" data-widget_type=\"blockquote.default\">\n\t\t\t\t\t\t\t<blockquote class=\"elementor-blockquote\">\n\t\t\t<p class=\"elementor-blockquote__content\">\n\t\t\t\tJa, richtig. Auch Unternehmen stehen vor mehreren Herausforderungen. Dazu geh\u00f6rt einerseits der Ausbau der Ladeinfrastruktur am Unternehmensstandort und der Abbau der Hemmnisse der Dienstwagenfahrenden gegen\u00fcber E-Mobilit\u00e4t. Die L\u00f6sungen m\u00fcssen einfach und komfortabel sein.\u00a0\n\nEin weiteres Problem klang eben anderseits schon an: die Verwaltung der Kosten f\u00fcr E-Dienstwagen. Im Gegensatz zu Verbrennern, wo es nur eine Tankkarte gab, gibt es bei E-Dienstwagen drei Szenarien: das \u00f6ffentliche Laden, das Laden am Arbeitsplatz und das Laden zu Hause. Besonders das Laden zu Hause stellt eine Herausforderung dar, da hier die Eichrechtskonformit\u00e4t gew\u00e4hrleistet sein muss. Viele Mitarbeitende haben bereits eine einfache Wallbox zu Hause, die sie durch F\u00f6rderprogramme angeschafft haben. Diese ist aber oft nicht nutzbar f\u00fcr den Dienstwagen und muss ersetzt werden. Zudem m\u00fcssen die Ladel\u00f6sungen in bestehende HR- und Abrechnungssysteme integriert werden.\u00a0\t\t\t<\/p>\n\t\t\t\t\t\t\t<div class=\"e-q-footer\">\n\t\t\t\t\t\t\t\t\t\t\t<cite class=\"elementor-blockquote__author\">Anton Sch\u00f6nenberg<\/cite>\n\t\t\t\t\t\t\t\t\t\t\t\t\t\t<\/div>\n\t\t\t\t\t<\/blockquote>\n\t\t\t\t\t\t<\/div>\n\t\t\t\t<div class=\"elementor-element elementor-element-0fcaee6 elementor-widget elementor-widget-text-editor\" data-id=\"0fcaee6\" data-element_type=\"widget\" data-e-type=\"widget\" data-widget_type=\"text-editor.default\">\n\t\t\t\t\t\t\t\t\t<p><b><span data-contrast=\"auto\"><em>Julia Kr\u00fcger:<\/em> Kann es f\u00fcr Unternehmen trotzdem von Vorteil sein, wenn ihre Mitarbeitenden den E-Dienstwagen zu Hause laden?<\/span><\/b><span data-ccp-props=\"{}\">\u00a0<\/span><\/p>\t\t\t\t\t\t\t\t<\/div>\n\t\t\t\t<div class=\"elementor-element elementor-element-ba84416 elementor-blockquote--skin-quotation elementor-blockquote--align-left elementor-widget elementor-widget-blockquote\" data-id=\"ba84416\" data-element_type=\"widget\" data-e-type=\"widget\" data-widget_type=\"blockquote.default\">\n\t\t\t\t\t\t\t<blockquote class=\"elementor-blockquote\">\n\t\t\t<p class=\"elementor-blockquote__content\">\n\t\t\t\t\u202fAuf jeden Fall. Das Laden zu Hause kann die Betriebskosten erheblich reduzieren, da g\u00fcnstigere Stromtarife im privaten Umfeld genutzt werden k\u00f6nnen. Im Vergleich zum \u00f6ffentlichen Laden k\u00f6nnen bis zu 50% der Kosten eingespart werden. Auch f\u00fcr die Mitarbeitenden steigert das Laden zu Hause die Zufriedenheit, denn man erh\u00f6ht dadurch die pers\u00f6nliche Flexibilit\u00e4t und ist nicht auf \u00f6ffentliche Ladem\u00f6glichkeiten angewiesen.\u00a0\t\t\t<\/p>\n\t\t\t\t\t\t\t<div class=\"e-q-footer\">\n\t\t\t\t\t\t\t\t\t\t\t<cite class=\"elementor-blockquote__author\">Anton Sch\u00f6nenberg<\/cite>\n\t\t\t\t\t\t\t\t\t\t\t\t\t\t<\/div>\n\t\t\t\t\t<\/blockquote>\n\t\t\t\t\t\t<\/div>\n\t\t\t\t<div class=\"elementor-element elementor-element-07f7bd9 elementor-widget elementor-widget-image\" data-id=\"07f7bd9\" data-element_type=\"widget\" data-e-type=\"widget\" data-widget_type=\"image.default\">\n\t\t\t\t\t\t\t\t\t\t\t\t<figure class=\"wp-caption\">\n\t\t\t\t\t\t\t\t\t\t<img decoding=\"async\" width=\"768\" height=\"512\" src=\"https:\/\/www.phoenixcontact-emobility.com\/wp-content\/uploads\/2025\/04\/00194576_full_b5000-1-768x512.jpg\" class=\"attachment-medium_large size-medium_large wp-image-3027\" alt=\"Mann l\u00e4dt in seiner Garage ein Elektroauto mit einer Wallbox von CHARX, w\u00e4hrend ein Kind neugierig durch das ge\u00f6ffnete Fenster schaut.\" srcset=\"https:\/\/www.phoenixcontact-emobility.com\/wp-content\/uploads\/2025\/04\/00194576_full_b5000-1-768x512.jpg 768w, https:\/\/www.phoenixcontact-emobility.com\/wp-content\/uploads\/2025\/04\/00194576_full_b5000-1-300x200.jpg 300w, https:\/\/www.phoenixcontact-emobility.com\/wp-content\/uploads\/2025\/04\/00194576_full_b5000-1-1024x683.jpg 1024w, https:\/\/www.phoenixcontact-emobility.com\/wp-content\/uploads\/2025\/04\/00194576_full_b5000-1-1536x1025.jpg 1536w, https:\/\/www.phoenixcontact-emobility.com\/wp-content\/uploads\/2025\/04\/00194576_full_b5000-1-2048x1366.jpg 2048w, https:\/\/www.phoenixcontact-emobility.com\/wp-content\/uploads\/2025\/04\/00194576_full_b5000-1-1320x880.jpg 1320w\" sizes=\"(max-width: 768px) 100vw, 768px\" \/>\t\t\t\t\t\t\t\t\t\t\t<figcaption class=\"widget-image-caption wp-caption-text\"><\/figcaption>\n\t\t\t\t\t\t\t\t\t\t<\/figure>\n\t\t\t\t\t\t\t\t\t<\/div>\n\t\t\t\t<div class=\"elementor-element elementor-element-f9ebb89 elementor-widget elementor-widget-text-editor\" data-id=\"f9ebb89\" data-element_type=\"widget\" data-e-type=\"widget\" data-widget_type=\"text-editor.default\">\n\t\t\t\t\t\t\t\t\t<p><strong><span class=\"TextRun SCXW64399461 BCX0\" lang=\"DE-DE\" xml:lang=\"DE-DE\" data-contrast=\"auto\"><span class=\"NormalTextRun SCXW64399461 BCX0\"><em>Julia Kr\u00fcger:<\/em> Jetzt haben Sie aber eingangs erw\u00e4hnt, dass oftmals bestehende Wallboxen nicht genutzt werden d\u00fcrfen, weil sie nicht dem deutschen Eichrecht entsprechen. Wie unterscheidet sich denn eigentlich eine eichrechtskonforme Wallbox von einer normalen Wallbox?<\/span><\/span><\/strong><span class=\"EOP SCXW64399461 BCX0\" data-ccp-props=\"{}\">\u00a0<\/span><\/p>\t\t\t\t\t\t\t\t<\/div>\n\t\t\t\t<div class=\"elementor-element elementor-element-9287d57 elementor-blockquote--skin-quotation elementor-blockquote--align-left elementor-widget elementor-widget-blockquote\" data-id=\"9287d57\" data-element_type=\"widget\" data-e-type=\"widget\" data-widget_type=\"blockquote.default\">\n\t\t\t\t\t\t\t<blockquote class=\"elementor-blockquote\">\n\t\t\t<p class=\"elementor-blockquote__content\">\n\t\t\t\tEichrechtskonforme Wallboxen erfassen den Stromverbrauch pr\u00e4zise und manipulationssicher f\u00fcr eine sp\u00e4tere Abrechnung. Sie sind in der Anschaffung teurer, erm\u00f6glichen aber eine rechtskonforme Abrechnung und verf\u00fcgen \u00fcber integrierte Mess- und Kommunikationsmodule.\u00a0\n\n\u00a0\t\t\t<\/p>\n\t\t\t\t\t\t\t<div class=\"e-q-footer\">\n\t\t\t\t\t\t\t\t\t\t\t<cite class=\"elementor-blockquote__author\">Anton Sch\u00f6nenberg<\/cite>\n\t\t\t\t\t\t\t\t\t\t\t\t\t\t<\/div>\n\t\t\t\t\t<\/blockquote>\n\t\t\t\t\t\t<\/div>\n\t\t\t\t<div class=\"elementor-element elementor-element-a4d4d0b elementor-widget elementor-widget-text-editor\" data-id=\"a4d4d0b\" data-element_type=\"widget\" data-e-type=\"widget\" data-widget_type=\"text-editor.default\">\n\t\t\t\t\t\t\t\t\t<p><b><span data-contrast=\"auto\"><em>Julia Kr\u00fcger:<\/em> Hei\u00dft das f\u00fcr mich also, wenn ich keine eichrechtskonforme Wallbox zu Hause habe, muss ich meine bereits installierte Wallbox demontieren und gegen eine neue austauschen?<\/span><\/b><span data-ccp-props=\"{}\">\u00a0<\/span><\/p>\t\t\t\t\t\t\t\t<\/div>\n\t\t\t\t<div class=\"elementor-element elementor-element-644f371 elementor-blockquote--skin-quotation elementor-blockquote--align-left elementor-widget elementor-widget-blockquote\" data-id=\"644f371\" data-element_type=\"widget\" data-e-type=\"widget\" data-widget_type=\"blockquote.default\">\n\t\t\t\t\t\t\t<blockquote class=\"elementor-blockquote\">\n\t\t\t<p class=\"elementor-blockquote__content\">\n\t\t\t\tNein, denn es gibt gl\u00fccklicherweise die M\u00f6glichkeit Komponenten nachzur\u00fcsten, die das eichrechtskonforme Laden und Abrechnen im Heimbereich erm\u00f6glichen.\u00a0\n\n\u00a0\t\t\t<\/p>\n\t\t\t\t\t\t\t<div class=\"e-q-footer\">\n\t\t\t\t\t\t\t\t\t\t\t<cite class=\"elementor-blockquote__author\">Anton Sch\u00f6nenberg<\/cite>\n\t\t\t\t\t\t\t\t\t\t\t\t\t\t<\/div>\n\t\t\t\t\t<\/blockquote>\n\t\t\t\t\t\t<\/div>\n\t\t\t\t<div class=\"elementor-element elementor-element-3abbac6 elementor-widget elementor-widget-text-editor\" data-id=\"3abbac6\" data-element_type=\"widget\" data-e-type=\"widget\" data-widget_type=\"text-editor.default\">\n\t\t\t\t\t\t\t\t\t<p><b><span data-contrast=\"auto\"><em>Julia Kr\u00fcger:<\/em> Das klingt sinnvoll und bietet sicherlich einige Vorteile.<\/span><\/b><span data-ccp-props=\"{}\">\u00a0<\/span><\/p>\t\t\t\t\t\t\t\t<\/div>\n\t\t\t\t<div class=\"elementor-element elementor-element-b081fcd elementor-blockquote--skin-quotation elementor-blockquote--align-left elementor-widget elementor-widget-blockquote\" data-id=\"b081fcd\" data-element_type=\"widget\" data-e-type=\"widget\" data-widget_type=\"blockquote.default\">\n\t\t\t\t\t\t\t<blockquote class=\"elementor-blockquote\">\n\t\t\t<p class=\"elementor-blockquote__content\">\n\t\t\t\tGanz genau! Das Nachr\u00fcsten einer Wallbox ist deutlich g\u00fcnstiger im Vergleich zum Austausch der gesamten Wallbox. Auch ist dies wesentlich nachhaltiger, da die bestehende Wallbox weiterverwendet wird. Und f\u00fcr Sie privat entsteht ein ganz gro\u00dfer Pluspunkt, denn m\u00f6gliche Integrationen der Wallbox in Heimenergiesysteme, oder die Verbindung zu einer PV-Anlage bleiben vom Nachr\u00fcsten g\u00e4nzlich unber\u00fchrt.\u00a0\n\n\u00a0\u00a0\n\n\u00a0\t\t\t<\/p>\n\t\t\t\t\t\t\t<div class=\"e-q-footer\">\n\t\t\t\t\t\t\t\t\t\t\t<cite class=\"elementor-blockquote__author\">Anton Sch\u00f6nenberg<\/cite>\n\t\t\t\t\t\t\t\t\t\t\t\t\t\t<\/div>\n\t\t\t\t\t<\/blockquote>\n\t\t\t\t\t\t<\/div>\n\t\t\t\t<div class=\"elementor-element elementor-element-de648fe elementor-widget elementor-widget-text-editor\" data-id=\"de648fe\" data-element_type=\"widget\" data-e-type=\"widget\" data-widget_type=\"text-editor.default\">\n\t\t\t\t\t\t\t\t\t<p><b><span data-contrast=\"auto\"><em>Julia Kr\u00fcger:<\/em> Wunderbar. Und wie hei\u00dft die L\u00f6sung, um meine Wallbox eichrechtskonform nachr\u00fcsten zu lassen?<\/span><\/b><span data-ccp-props=\"{}\">\u00a0<\/span><\/p><p>\u00a0<\/p>\t\t\t\t\t\t\t\t<\/div>\n\t\t\t\t<div class=\"elementor-element elementor-element-0248c8d elementor-blockquote--skin-quotation elementor-blockquote--align-left elementor-widget elementor-widget-blockquote\" data-id=\"0248c8d\" data-element_type=\"widget\" data-e-type=\"widget\" data-widget_type=\"blockquote.default\">\n\t\t\t\t\t\t\t<blockquote class=\"elementor-blockquote\">\n\t\t\t<p class=\"elementor-blockquote__content\">\n\t\t\t\tBei Phoenix\u202fContact haben wir den Charge Repay Service entwickelt. Da auch wir auf die oben beschriebenen Herausforderungen gesto\u00dfen sind, wollten wir eine L\u00f6sung entwickeln, die eichrechtskonform, aber dennoch inklusiv ist. Mit dem Charge Repay Service k\u00f6nnen wir nun alle Wallboxen im Heimbereich zur eichrechtskonformen Abrechnung bef\u00e4higen, somit muss keine Wallbox mehr ausgetauscht oder verschrottet werden. Unsere L\u00f6sung haben wir zuerst ausgiebig bei Phoenix\u202fContact verprobt und sind dann mit dem Service an den Markt gegangen. In Gespr\u00e4chen mit Kunden und Interessenten st\u00f6\u00dft unser Produkt immer auf gro\u00dfe Begeisterung. Zus\u00e4tzlich ist unsere L\u00f6sung patentiert und auf diese Art und Weise einzigartig am Markt.\u00a0\n\n\u00a0\u00a0\n\n\u00a0\t\t\t<\/p>\n\t\t\t\t\t\t\t<div class=\"e-q-footer\">\n\t\t\t\t\t\t\t\t\t\t\t<cite class=\"elementor-blockquote__author\">Anton Sch\u00f6nenberg<\/cite>\n\t\t\t\t\t\t\t\t\t\t\t\t\t\t<\/div>\n\t\t\t\t\t<\/blockquote>\n\t\t\t\t\t\t<\/div>\n\t\t\t\t<div class=\"elementor-element elementor-element-8676696 elementor-widget elementor-widget-image\" data-id=\"8676696\" data-element_type=\"widget\" data-e-type=\"widget\" data-widget_type=\"image.default\">\n\t\t\t\t\t\t\t\t\t\t\t\t<figure class=\"wp-caption\">\n\t\t\t\t\t\t\t\t\t\t<img loading=\"lazy\" decoding=\"async\" width=\"768\" height=\"512\" src=\"https:\/\/www.phoenixcontact-emobility.com\/wp-content\/uploads\/2025\/04\/00061589_full_b5000-768x512.jpg\" class=\"attachment-medium_large size-medium_large wp-image-3191\" alt=\"Energiez\u00e4hler EEM-EM375 von Phoenix Contact in einem Schaltschrank \u2013 pr\u00e4zise Erfassung des Energieverbrauchs mit Ethernet-Anbindung und Klemmenmodulen.\" srcset=\"https:\/\/www.phoenixcontact-emobility.com\/wp-content\/uploads\/2025\/04\/00061589_full_b5000-768x512.jpg 768w, https:\/\/www.phoenixcontact-emobility.com\/wp-content\/uploads\/2025\/04\/00061589_full_b5000-300x200.jpg 300w, https:\/\/www.phoenixcontact-emobility.com\/wp-content\/uploads\/2025\/04\/00061589_full_b5000-1024x683.jpg 1024w, https:\/\/www.phoenixcontact-emobility.com\/wp-content\/uploads\/2025\/04\/00061589_full_b5000-1536x1024.jpg 1536w, https:\/\/www.phoenixcontact-emobility.com\/wp-content\/uploads\/2025\/04\/00061589_full_b5000-2048x1365.jpg 2048w, https:\/\/www.phoenixcontact-emobility.com\/wp-content\/uploads\/2025\/04\/00061589_full_b5000-1320x880.jpg 1320w\" sizes=\"(max-width: 768px) 100vw, 768px\" \/>\t\t\t\t\t\t\t\t\t\t\t<figcaption class=\"widget-image-caption wp-caption-text\"><\/figcaption>\n\t\t\t\t\t\t\t\t\t\t<\/figure>\n\t\t\t\t\t\t\t\t\t<\/div>\n\t\t\t\t<div class=\"elementor-element elementor-element-3276f3b elementor-widget elementor-widget-text-editor\" data-id=\"3276f3b\" data-element_type=\"widget\" data-e-type=\"widget\" data-widget_type=\"text-editor.default\">\n\t\t\t\t\t\t\t\t\t<p><strong><span class=\"TextRun SCXW202098947 BCX0\" lang=\"DE-DE\" xml:lang=\"DE-DE\" data-contrast=\"auto\"><span class=\"NormalTextRun SCXW202098947 BCX0\"><em>Julia Kr\u00fcger:<\/em> Herr Sch\u00f6nenberg, bitte erkl\u00e4ren Sie unseren Lesern, wie genau der Charge <\/span><span class=\"NormalTextRun SpellingErrorV2Themed SCXW202098947 BCX0\">Repay<\/span><span class=\"NormalTextRun SCXW202098947 BCX0\"> Service funktioniert und was bei nicht eichrechtskonformen Wallboxen an Hardware installiert werden muss.<\/span><\/span><span class=\"EOP SCXW202098947 BCX0\" data-ccp-props=\"{}\">\u00a0<\/span><\/strong><\/p>\t\t\t\t\t\t\t\t<\/div>\n\t\t\t\t<div class=\"elementor-element elementor-element-8f6fdaf elementor-blockquote--skin-quotation elementor-blockquote--align-left elementor-widget elementor-widget-blockquote\" data-id=\"8f6fdaf\" data-element_type=\"widget\" data-e-type=\"widget\" data-widget_type=\"blockquote.default\">\n\t\t\t\t\t\t\t<blockquote class=\"elementor-blockquote\">\n\t\t\t<p class=\"elementor-blockquote__content\">\n\t\t\t\tDer Charge Repay Service bietet alle Funktionen eines herk\u00f6mmlichen Backend-Services f\u00fcr die Heimabrechnung. Eichrechtskonforme Wallboxen k\u00f6nnen mit dem Verbindungsprotokoll OCPP 1.6J \u00fcber das Internet verbunden werden. Alle nicht eichrechtskonformen Wallboxen werden durch unsere Hardware-Nachr\u00fcstung erweitert und somit in den Service integriert. Hierbei wird ein Zwischenz\u00e4hler in die Zuleitung der Wallbox installiert und mit einem Charge Repay Gateway verbunden. Dieses wiederum verbindet sich mit dem Charge Repay Service und \u00fcbernimmt die Daten\u00fcbermittlung. Dank unserer patentierten L\u00f6sung k\u00f6nnen wir mit diesem System Ladevorg\u00e4nge erkennen und zwischen privaten und gesch\u00e4ftlichen Ladungen differenzieren. F\u00fcr den Fuhrparkmanager werden die Daten unabh\u00e4ngig der Anbindungsart in einem Fuhrparkmanagement-Portal dargestellt. Neben der einfachen Einladung von Dienstwagenfahrenden, sind vom Fuhrparkmanagement lediglich Kontrollaufgaben wahrzunehmen. Unternehmen haben die M\u00f6glichkeit, das optionale Reimbursement-Modul zu nutzen. Mit diesem Modul werden R\u00fcckerstattungen direkt durch einen Zahlungsdienstleister an die Dienstwagenfahrenden ausgesch\u00fcttet. Das Unternehmen erh\u00e4lt nur eine monatliche Gesamtrechnung.\u00a0\n\n\u00a0\u00a0\n\n\u00a0\t\t\t<\/p>\n\t\t\t\t\t\t\t<div class=\"e-q-footer\">\n\t\t\t\t\t\t\t\t\t\t\t<cite class=\"elementor-blockquote__author\">Anton Sch\u00f6nenberg<\/cite>\n\t\t\t\t\t\t\t\t\t\t\t\t\t\t<\/div>\n\t\t\t\t\t<\/blockquote>\n\t\t\t\t\t\t<\/div>\n\t\t\t\t<div class=\"elementor-element elementor-element-cda9a73 elementor-widget elementor-widget-image\" data-id=\"cda9a73\" data-element_type=\"widget\" data-e-type=\"widget\" data-widget_type=\"image.default\">\n\t\t\t\t\t\t\t\t\t\t\t\t<figure class=\"wp-caption\">\n\t\t\t\t\t\t\t\t\t\t<img loading=\"lazy\" decoding=\"async\" width=\"768\" height=\"480\" src=\"https:\/\/www.phoenixcontact-emobility.com\/wp-content\/uploads\/2025\/04\/00144615_full_b5000-768x480.jpg\" class=\"attachment-medium_large size-medium_large wp-image-3192\" alt=\"Phoenix Contact E-Mobility Produkte: Der Charge Repay Service auf einem Desktop-PC und einem Smartphone\" srcset=\"https:\/\/www.phoenixcontact-emobility.com\/wp-content\/uploads\/2025\/04\/00144615_full_b5000-768x480.jpg 768w, https:\/\/www.phoenixcontact-emobility.com\/wp-content\/uploads\/2025\/04\/00144615_full_b5000-300x188.jpg 300w, https:\/\/www.phoenixcontact-emobility.com\/wp-content\/uploads\/2025\/04\/00144615_full_b5000-1024x640.jpg 1024w, https:\/\/www.phoenixcontact-emobility.com\/wp-content\/uploads\/2025\/04\/00144615_full_b5000-1536x960.jpg 1536w, https:\/\/www.phoenixcontact-emobility.com\/wp-content\/uploads\/2025\/04\/00144615_full_b5000-2048x1280.jpg 2048w, https:\/\/www.phoenixcontact-emobility.com\/wp-content\/uploads\/2025\/04\/00144615_full_b5000-1320x825.jpg 1320w\" sizes=\"(max-width: 768px) 100vw, 768px\" \/>\t\t\t\t\t\t\t\t\t\t\t<figcaption class=\"widget-image-caption wp-caption-text\"><\/figcaption>\n\t\t\t\t\t\t\t\t\t\t<\/figure>\n\t\t\t\t\t\t\t\t\t<\/div>\n\t\t\t\t<div class=\"elementor-element elementor-element-42862fc elementor-widget elementor-widget-text-editor\" data-id=\"42862fc\" data-element_type=\"widget\" data-e-type=\"widget\" data-widget_type=\"text-editor.default\">\n\t\t\t\t\t\t\t\t\t<p><strong><span class=\"TextRun SCXW164756399 BCX0\" lang=\"DE-DE\" xml:lang=\"DE-DE\" data-contrast=\"auto\"><span class=\"NormalTextRun SCXW164756399 BCX0\"><em>Julia Kr\u00fcger:<\/em> Zusammengefasst, welche Vorteile entstehen durch den Charge <\/span><span class=\"NormalTextRun SpellingErrorV2Themed SCXW164756399 BCX0\">Repay<\/span><span class=\"NormalTextRun SCXW164756399 BCX0\"> Service f\u00fcr Dienstwagenfahrende und Unternehmen?<\/span><\/span><\/strong><\/p>\t\t\t\t\t\t\t\t<\/div>\n\t\t\t\t<div class=\"elementor-element elementor-element-d3536fd elementor-blockquote--skin-quotation elementor-blockquote--align-left elementor-widget elementor-widget-blockquote\" data-id=\"d3536fd\" data-element_type=\"widget\" data-e-type=\"widget\" data-widget_type=\"blockquote.default\">\n\t\t\t\t\t\t\t<blockquote class=\"elementor-blockquote\">\n\t\t\t<p class=\"elementor-blockquote__content\">\n\t\t\t\tF\u00fcr Dienstwagenfahrende bietet der Charge Repay Service eine einfache und transparente Abrechnung, Flexibilit\u00e4t bei der Wahl der Wallbox und die M\u00f6glichkeit, Ladevorg\u00e4nge in dienstlich oder privat per Web-App zu klassifizieren.\u00a0\n\n\u00a0\u00a0\n\n\u00a0\t\t\t<\/p>\n\t\t\t\t\t\t\t<div class=\"e-q-footer\">\n\t\t\t\t\t\t\t\t\t\t\t<cite class=\"elementor-blockquote__author\">Anton Sch\u00f6nenberg<\/cite>\n\t\t\t\t\t\t\t\t\t\t\t\t\t\t<\/div>\n\t\t\t\t\t<\/blockquote>\n\t\t\t\t\t\t<\/div>\n\t\t\t\t<div class=\"elementor-element elementor-element-ceeb978 elementor-widget elementor-widget-text-editor\" data-id=\"ceeb978\" data-element_type=\"widget\" data-e-type=\"widget\" data-widget_type=\"text-editor.default\">\n\t\t\t\t\t\t\t\t\t<p><b><span data-contrast=\"auto\"><em>Julia Kr\u00fcger:<\/em> Herr Sch\u00f6nenberg, vielen Dank f\u00fcr das informative Gespr\u00e4ch und die Vorstellung des <a href=\"https:\/\/charge-repay.io\/en\/\" target=\"_blank\" rel=\"noopener\">Charge Repay Service<\/a> von Phoenix\u202fContact.<\/span><\/b><span data-ccp-props=\"{}\">\u00a0<\/span><\/p>\t\t\t\t\t\t\t\t<\/div>\n\t\t<div class=\"elementor-element elementor-element-2ad45e1 e-con-full e-flex e-con e-child\" data-id=\"2ad45e1\" data-element_type=\"container\" data-e-type=\"container\">\n\t\t\t\t<div class=\"elementor-element elementor-element-48a8c76 elementor-widget elementor-widget-spacer\" data-id=\"48a8c76\" data-element_type=\"widget\" data-e-type=\"widget\" data-widget_type=\"spacer.default\">\n\t\t\t\t\t\t\t<div class=\"elementor-spacer\">\n\t\t\t<div class=\"elementor-spacer-inner\"><\/div>\n\t\t<\/div>\n\t\t\t\t\t\t<\/div>\n\t\t\t\t<div class=\"elementor-element elementor-element-3e0b34b elementor-widget elementor-widget-text-editor\" data-id=\"3e0b34b\" data-element_type=\"widget\" data-e-type=\"widget\" data-widget_type=\"text-editor.default\">\n\t\t\t\t\t\t\t\t\t<h5>FAQ<\/h5>\t\t\t\t\t\t\t\t<\/div>\n\t\t\t\t<div class=\"elementor-element elementor-element-77799c0 elementor-widget elementor-widget-text-editor\" data-id=\"77799c0\" data-element_type=\"widget\" data-e-type=\"widget\" data-widget_type=\"text-editor.default\">\n\t\t\t\t\t\t\t\t\t<h2>H\u00e4ufig gestellte Fragen<\/h2>\t\t\t\t\t\t\t\t<\/div>\n\t\t\t\t<div class=\"elementor-element elementor-element-4fc0300 elementor-widget elementor-widget-n-accordion\" data-id=\"4fc0300\" data-element_type=\"widget\" data-e-type=\"widget\" data-settings=\"{&quot;default_state&quot;:&quot;all_collapsed&quot;,&quot;max_items_expended&quot;:&quot;multiple&quot;,&quot;n_accordion_animation_duration&quot;:{&quot;unit&quot;:&quot;ms&quot;,&quot;size&quot;:400,&quot;sizes&quot;:[]}}\" data-widget_type=\"nested-accordion.default\">\n\t\t\t\t\t\t\t<div class=\"e-n-accordion\" aria-label=\"Accordion. Open links with Enter or Space, close with Escape, and navigate with Arrow Keys\">\n\t\t\t\t\t\t<details id=\"e-n-accordion-item-8360\" class=\"e-n-accordion-item\" >\n\t\t\t\t<summary class=\"e-n-accordion-item-title\" data-accordion-index=\"1\" tabindex=\"0\" aria-expanded=\"false\" aria-controls=\"e-n-accordion-item-8360\" >\n\t\t\t\t\t<span class='e-n-accordion-item-title-header'><h3 class=\"e-n-accordion-item-title-text\"> Wie kann ich die Ladekosten meines E-Dienstwagens zu Hause korrekt mit meinem Arbeitgeber abrechnen? <\/h3><\/span>\n\t\t\t\t\t\t\t<span class='e-n-accordion-item-title-icon'>\n\t\t\t<span class='e-opened' ><svg aria-hidden=\"true\" class=\"e-font-icon-svg e-fas-minus\" viewBox=\"0 0 448 512\" xmlns=\"http:\/\/www.w3.org\/2000\/svg\"><path d=\"M416 208H32c-17.67 0-32 14.33-32 32v32c0 17.67 14.33 32 32 32h384c17.67 0 32-14.33 32-32v-32c0-17.67-14.33-32-32-32z\"><\/path><\/svg><\/span>\n\t\t\t<span class='e-closed'><svg aria-hidden=\"true\" class=\"e-font-icon-svg e-fas-plus\" viewBox=\"0 0 448 512\" xmlns=\"http:\/\/www.w3.org\/2000\/svg\"><path d=\"M416 208H272V64c0-17.67-14.33-32-32-32h-32c-17.67 0-32 14.33-32 32v144H32c-17.67 0-32 14.33-32 32v32c0 17.67 14.33 32 32 32h144v144c0 17.67 14.33 32 32 32h32c17.67 0 32-14.33 32-32V304h144c17.67 0 32-14.33 32-32v-32c0-17.67-14.33-32-32-32z\"><\/path><\/svg><\/span>\n\t\t<\/span>\n\n\t\t\t\t\t\t<\/summary>\n\t\t\t\t<div role=\"region\" aria-labelledby=\"e-n-accordion-item-8360\" class=\"elementor-element elementor-element-6a0b8ea e-con-full e-flex e-con e-child\" data-id=\"6a0b8ea\" data-element_type=\"container\" data-e-type=\"container\">\n\t\t\t\t<div class=\"elementor-element elementor-element-75930aa elementor-widget elementor-widget-text-editor\" data-id=\"75930aa\" data-element_type=\"widget\" data-e-type=\"widget\" data-widget_type=\"text-editor.default\">\n\t\t\t\t\t\t\t\t\t<div>Die Abrechnung der heimischen Ladekosten f\u00fcr Ihren E-Dienstwagen erfolgt entweder pauschal oder verbrauchsgenau. F\u00fcr eine rechtskonforme und transparente L\u00f6sung empfiehlt sich der Charge Repay Service von Phoenix Contact, der eichrechtskonforme Daten erfasst und automatisch an Ihren Arbeitgeber \u00fcbermittelt. So sparen Sie Zeit und vermeiden manuelle Prozesse.<\/div>\t\t\t\t\t\t\t\t<\/div>\n\t\t\t\t<\/div>\n\t\t\t\t\t<\/details>\n\t\t\t\t\t\t<details id=\"e-n-accordion-item-8361\" class=\"e-n-accordion-item\" >\n\t\t\t\t<summary class=\"e-n-accordion-item-title\" data-accordion-index=\"2\" tabindex=\"-1\" aria-expanded=\"false\" aria-controls=\"e-n-accordion-item-8361\" >\n\t\t\t\t\t<span class='e-n-accordion-item-title-header'><h3 class=\"e-n-accordion-item-title-text\"> Was bedeutet eichrechtskonformes Laden und warum ist es wichtig? <\/h3><\/span>\n\t\t\t\t\t\t\t<span class='e-n-accordion-item-title-icon'>\n\t\t\t<span class='e-opened' ><svg aria-hidden=\"true\" class=\"e-font-icon-svg e-fas-minus\" viewBox=\"0 0 448 512\" xmlns=\"http:\/\/www.w3.org\/2000\/svg\"><path d=\"M416 208H32c-17.67 0-32 14.33-32 32v32c0 17.67 14.33 32 32 32h384c17.67 0 32-14.33 32-32v-32c0-17.67-14.33-32-32-32z\"><\/path><\/svg><\/span>\n\t\t\t<span class='e-closed'><svg aria-hidden=\"true\" class=\"e-font-icon-svg e-fas-plus\" viewBox=\"0 0 448 512\" xmlns=\"http:\/\/www.w3.org\/2000\/svg\"><path d=\"M416 208H272V64c0-17.67-14.33-32-32-32h-32c-17.67 0-32 14.33-32 32v144H32c-17.67 0-32 14.33-32 32v32c0 17.67 14.33 32 32 32h144v144c0 17.67 14.33 32 32 32h32c17.67 0 32-14.33 32-32V304h144c17.67 0 32-14.33 32-32v-32c0-17.67-14.33-32-32-32z\"><\/path><\/svg><\/span>\n\t\t<\/span>\n\n\t\t\t\t\t\t<\/summary>\n\t\t\t\t<div role=\"region\" aria-labelledby=\"e-n-accordion-item-8361\" class=\"elementor-element elementor-element-c8d607a e-con-full e-flex e-con e-child\" data-id=\"c8d607a\" data-element_type=\"container\" data-e-type=\"container\">\n\t\t\t\t<div class=\"elementor-element elementor-element-98311e4 elementor-widget elementor-widget-text-editor\" data-id=\"98311e4\" data-element_type=\"widget\" data-e-type=\"widget\" data-widget_type=\"text-editor.default\">\n\t\t\t\t\t\t\t\t\t<div>Eichrechtskonformes Laden stellt sicher, dass die erfassten Strommengen manipulationssicher und gesetzeskonform dokumentiert werden. In Deutschland ist dies gem\u00e4\u00df dem Mess- und Eichgesetz Pflicht, wenn Ladekosten erstattet werden sollen. Mit dem Charge Repay Service k\u00f6nnen auch bestehende Wallboxen nachger\u00fcstet werden, um diese Anforderungen zu erf\u00fcllen.<\/div>\t\t\t\t\t\t\t\t<\/div>\n\t\t\t\t<\/div>\n\t\t\t\t\t<\/details>\n\t\t\t\t\t\t<details id=\"e-n-accordion-item-8362\" class=\"e-n-accordion-item\" >\n\t\t\t\t<summary class=\"e-n-accordion-item-title\" data-accordion-index=\"3\" tabindex=\"-1\" aria-expanded=\"false\" aria-controls=\"e-n-accordion-item-8362\" >\n\t\t\t\t\t<span class='e-n-accordion-item-title-header'><h3 class=\"e-n-accordion-item-title-text\"> Muss ich meine bestehende Wallbox austauschen, um eichrechtskonform zu laden? <\/h3><\/span>\n\t\t\t\t\t\t\t<span class='e-n-accordion-item-title-icon'>\n\t\t\t<span class='e-opened' ><svg aria-hidden=\"true\" class=\"e-font-icon-svg e-fas-minus\" viewBox=\"0 0 448 512\" xmlns=\"http:\/\/www.w3.org\/2000\/svg\"><path d=\"M416 208H32c-17.67 0-32 14.33-32 32v32c0 17.67 14.33 32 32 32h384c17.67 0 32-14.33 32-32v-32c0-17.67-14.33-32-32-32z\"><\/path><\/svg><\/span>\n\t\t\t<span class='e-closed'><svg aria-hidden=\"true\" class=\"e-font-icon-svg e-fas-plus\" viewBox=\"0 0 448 512\" xmlns=\"http:\/\/www.w3.org\/2000\/svg\"><path d=\"M416 208H272V64c0-17.67-14.33-32-32-32h-32c-17.67 0-32 14.33-32 32v144H32c-17.67 0-32 14.33-32 32v32c0 17.67 14.33 32 32 32h144v144c0 17.67 14.33 32 32 32h32c17.67 0 32-14.33 32-32V304h144c17.67 0 32-14.33 32-32v-32c0-17.67-14.33-32-32-32z\"><\/path><\/svg><\/span>\n\t\t<\/span>\n\n\t\t\t\t\t\t<\/summary>\n\t\t\t\t<div role=\"region\" aria-labelledby=\"e-n-accordion-item-8362\" class=\"elementor-element elementor-element-87827fa e-con-full e-flex e-con e-child\" data-id=\"87827fa\" data-element_type=\"container\" data-e-type=\"container\">\n\t\t\t\t<div class=\"elementor-element elementor-element-806e653 elementor-widget elementor-widget-text-editor\" data-id=\"806e653\" data-element_type=\"widget\" data-e-type=\"widget\" data-widget_type=\"text-editor.default\">\n\t\t\t\t\t\t\t\t\t<div>Nein, ein Austausch ist nicht notwendig. Der Charge Repay Service erm\u00f6glicht die Nachr\u00fcstung Ihrer vorhandenen Wallbox mit einem Zwischenz\u00e4hler und einem Gateway. Dadurch wird eichrechtskonformes Laden und die automatische Abrechnung mit Ihrem Arbeitgeber m\u00f6glich \u2013 nachhaltig, kosteng\u00fcnstig und kompatibel mit bestehenden Heimenergiesystemen.<\/div>\t\t\t\t\t\t\t\t<\/div>\n\t\t\t\t<\/div>\n\t\t\t\t\t<\/details>\n\t\t\t\t\t<\/div>\n\t\t\t\t\t<script type=\"application\/ld+json\">{\"@context\":\"https:\\\/\\\/schema.org\",\"@type\":\"FAQPage\",\"mainEntity\":[{\"@type\":\"Question\",\"name\":\"Wie kann ich die Ladekosten meines E-Dienstwagens zu Hause korrekt mit meinem Arbeitgeber abrechnen?\",\"acceptedAnswer\":{\"@type\":\"Answer\",\"text\":\"Die Abrechnung der heimischen Ladekosten f\\u00fcr Ihren E-Dienstwagen erfolgt entweder pauschal oder verbrauchsgenau. F\\u00fcr eine rechtskonforme und transparente L\\u00f6sung empfiehlt sich der Charge Repay Service von Phoenix Contact, der eichrechtskonforme Daten erfasst und automatisch an Ihren Arbeitgeber \\u00fcbermittelt. So sparen Sie Zeit und vermeiden manuelle Prozesse.\"}},{\"@type\":\"Question\",\"name\":\"Was bedeutet eichrechtskonformes Laden und warum ist es wichtig?\",\"acceptedAnswer\":{\"@type\":\"Answer\",\"text\":\"Eichrechtskonformes Laden stellt sicher, dass die erfassten Strommengen manipulationssicher und gesetzeskonform dokumentiert werden. In Deutschland ist dies gem\\u00e4\\u00df dem Mess- und Eichgesetz Pflicht, wenn Ladekosten erstattet werden sollen. Mit dem Charge Repay Service k\\u00f6nnen auch bestehende Wallboxen nachger\\u00fcstet werden, um diese Anforderungen zu erf\\u00fcllen.\"}},{\"@type\":\"Question\",\"name\":\"Muss ich meine bestehende Wallbox austauschen, um eichrechtskonform zu laden?\",\"acceptedAnswer\":{\"@type\":\"Answer\",\"text\":\"Nein, ein Austausch ist nicht notwendig. Der Charge Repay Service erm\\u00f6glicht die Nachr\\u00fcstung Ihrer vorhandenen Wallbox mit einem Zwischenz\\u00e4hler und einem Gateway. Dadurch wird eichrechtskonformes Laden und die automatische Abrechnung mit Ihrem Arbeitgeber m\\u00f6glich \\u2013 nachhaltig, kosteng\\u00fcnstig und kompatibel mit bestehenden Heimenergiesystemen.\"}}]}<\/script>\n\t\t\t\t\t\t\t<\/div>\n\t\t\t\t<\/div>\n\t\t<div class=\"elementor-element elementor-element-79f2331 e-con-full e-flex e-con e-child\" data-id=\"79f2331\" data-element_type=\"container\" data-e-type=\"container\">\n\t\t<div class=\"elementor-element elementor-element-b81c335 cnt-space e-con-full e-flex e-con e-child\" data-id=\"b81c335\" data-element_type=\"container\" data-e-type=\"container\" data-settings=\"{&quot;background_background&quot;:&quot;classic&quot;}\">\n\t\t<div class=\"elementor-element elementor-element-bb9540d cnt-space e-con-full e-flex e-con e-child\" data-id=\"bb9540d\" data-element_type=\"container\" data-e-type=\"container\" data-settings=\"{&quot;background_background&quot;:&quot;classic&quot;}\">\n\t\t<div class=\"elementor-element elementor-element-6affd2d e-con-full e-flex e-con e-child\" data-id=\"6affd2d\" data-element_type=\"container\" data-e-type=\"container\">\n\t\t\t\t<div class=\"elementor-element elementor-element-7b65055 elementor-widget elementor-widget-heading\" data-id=\"7b65055\" data-element_type=\"widget\" data-e-type=\"widget\" data-widget_type=\"heading.default\">\n\t\t\t\t\t<h2 class=\"elementor-heading-title elementor-size-default\">Jetzt passende Produkte entdecken<\/h2>\t\t\t\t<\/div>\n\t\t\t\t<div class=\"elementor-element elementor-element-e44bb5e elementor-widget-divider--view-line elementor-widget elementor-widget-divider\" data-id=\"e44bb5e\" data-element_type=\"widget\" data-e-type=\"widget\" data-widget_type=\"divider.default\">\n\t\t\t\t\t\t\t<div class=\"elementor-divider\">\n\t\t\t<span class=\"elementor-divider-separator\">\n\t\t\t\t\t\t<\/span>\n\t\t<\/div>\n\t\t\t\t\t\t<\/div>\n\t\t\t\t<div class=\"elementor-element elementor-element-d081d89 elementor-widget elementor-widget-text-editor\" data-id=\"d081d89\" data-element_type=\"widget\" data-e-type=\"widget\" data-widget_type=\"text-editor.default\">\n\t\t\t\t\t\t\t\t\t<p>Hier finden Sie eine Auswahl relevanter Produkte \u2013 basierend auf den Themen und Empfehlungen aus unserem Blogbeitrag.<\/p>\t\t\t\t\t\t\t\t<\/div>\n\t\t\t\t<\/div>\n\t\t<div class=\"elementor-element elementor-element-0b17887 e-con-full e-grid e-con e-child\" data-id=\"0b17887\" data-element_type=\"container\" data-e-type=\"container\">\n\t\t<div class=\"elementor-element elementor-element-85435eb e-con-full txt-box-grid txt-box-grid-dark-green e-flex e-con e-child\" data-id=\"85435eb\" data-element_type=\"container\" data-e-type=\"container\" data-settings=\"{&quot;background_background&quot;:&quot;classic&quot;}\">\n\t\t\t\t<div class=\"elementor-element elementor-element-c74f949 elementor-widget elementor-widget-image\" data-id=\"c74f949\" data-element_type=\"widget\" data-e-type=\"widget\" data-widget_type=\"image.default\">\n\t\t\t\t\t\t\t\t\t\t\t\t\t\t\t\t<a href=\"https:\/\/charge-repay.io\/en\/\" target=\"_blank\" rel=\"noopener\">\n\t\t\t\t\t\t\t<img loading=\"lazy\" decoding=\"async\" width=\"800\" height=\"500\" src=\"https:\/\/www.phoenixcontact-emobility.com\/wp-content\/uploads\/2025\/05\/00144615_full_b1000-1.png\" class=\"attachment-large size-large wp-image-13245\" alt=\"\" srcset=\"https:\/\/www.phoenixcontact-emobility.com\/wp-content\/uploads\/2025\/05\/00144615_full_b1000-1.png 1000w, https:\/\/www.phoenixcontact-emobility.com\/wp-content\/uploads\/2025\/05\/00144615_full_b1000-1-300x188.png 300w, https:\/\/www.phoenixcontact-emobility.com\/wp-content\/uploads\/2025\/05\/00144615_full_b1000-1-768x480.png 768w\" sizes=\"(max-width: 800px) 100vw, 800px\" \/>\t\t\t\t\t\t\t\t<\/a>\n\t\t\t\t\t\t\t\t\t\t\t\t\t\t\t<\/div>\n\t\t\t\t<div class=\"elementor-element elementor-element-e7b3f94 elementor-widget elementor-widget-heading\" data-id=\"e7b3f94\" data-element_type=\"widget\" data-e-type=\"widget\" data-widget_type=\"heading.default\">\n\t\t\t\t\t<h3 class=\"elementor-heading-title elementor-size-default\"><a href=\"https:\/\/charge-repay.io\/en\/\" target=\"_blank\" rel=\"noopener\">Charge Repay Service<\/a><\/h3>\t\t\t\t<\/div>\n\t\t\t\t<div class=\"elementor-element elementor-element-2c78b21 elementor-align-right pc-tertiary-link elementor-widget elementor-widget-button\" data-id=\"2c78b21\" data-element_type=\"widget\" data-e-type=\"widget\" data-widget_type=\"button.default\">\n\t\t\t\t\t\t\t\t\t\t<a class=\"elementor-button elementor-button-link elementor-size-sm\" href=\"https:\/\/charge-repay.io\/en\/\" target=\"_blank\" rel=\"noopener\">\n\t\t\t\t\t\t<span class=\"elementor-button-content-wrapper\">\n\t\t\t\t\t\t<span class=\"elementor-button-icon\">\n\t\t\t\t<svg aria-hidden=\"true\" class=\"e-font-icon-svg e-fas-arrow-right\" viewBox=\"0 0 448 512\" xmlns=\"http:\/\/www.w3.org\/2000\/svg\"><path d=\"M190.5 66.9l22.2-22.2c9.4-9.4 24.6-9.4 33.9 0L441 239c9.4 9.4 9.4 24.6 0 33.9L246.6 467.3c-9.4 9.4-24.6 9.4-33.9 0l-22.2-22.2c-9.5-9.5-9.3-25 .4-34.3L311.4 296H24c-13.3 0-24-10.7-24-24v-32c0-13.3 10.7-24 24-24h287.4L190.9 101.2c-9.8-9.3-10-24.8-.4-34.3z\"><\/path><\/svg>\t\t\t<\/span>\n\t\t\t\t\t\t\t\t\t<span class=\"elementor-button-text\">Mehr erfahren<\/span>\n\t\t\t\t\t<\/span>\n\t\t\t\t\t<\/a>\n\t\t\t\t\t\t\t\t<\/div>\n\t\t\t\t<\/div>\n\t\t<div class=\"elementor-element elementor-element-c1964a1 e-con-full txt-box-grid txt-box-grid-dark-green e-flex e-con e-child\" data-id=\"c1964a1\" data-element_type=\"container\" data-e-type=\"container\" data-settings=\"{&quot;background_background&quot;:&quot;classic&quot;}\">\n\t\t\t\t<div class=\"elementor-element elementor-element-ec321e0 elementor-widget elementor-widget-image\" data-id=\"ec321e0\" data-element_type=\"widget\" data-e-type=\"widget\" data-widget_type=\"image.default\">\n\t\t\t\t\t\t\t\t\t\t\t\t\t\t\t\t<a href=\"http:\/\/phoenixcontact.com\/CHARX-connect-inlets\" target=\"_blank\" rel=\"noopener\">\n\t\t\t\t\t\t\t<img loading=\"lazy\" decoding=\"async\" width=\"800\" height=\"800\" src=\"https:\/\/www.phoenixcontact-emobility.com\/wp-content\/uploads\/2025\/07\/00035432_1x1_1000.png\" class=\"attachment-large size-large wp-image-10332\" alt=\"Fahrzeug-Ladedosen: CCS-1, CCS-2 und GB\/T\" srcset=\"https:\/\/www.phoenixcontact-emobility.com\/wp-content\/uploads\/2025\/07\/00035432_1x1_1000.png 1000w, https:\/\/www.phoenixcontact-emobility.com\/wp-content\/uploads\/2025\/07\/00035432_1x1_1000-300x300.png 300w, https:\/\/www.phoenixcontact-emobility.com\/wp-content\/uploads\/2025\/07\/00035432_1x1_1000-150x150.png 150w, https:\/\/www.phoenixcontact-emobility.com\/wp-content\/uploads\/2025\/07\/00035432_1x1_1000-768x768.png 768w\" sizes=\"(max-width: 800px) 100vw, 800px\" \/>\t\t\t\t\t\t\t\t<\/a>\n\t\t\t\t\t\t\t\t\t\t\t\t\t\t\t<\/div>\n\t\t\t\t<div class=\"elementor-element elementor-element-47fc8ad elementor-widget elementor-widget-heading\" data-id=\"47fc8ad\" data-element_type=\"widget\" data-e-type=\"widget\" data-widget_type=\"heading.default\">\n\t\t\t\t\t<h3 class=\"elementor-heading-title elementor-size-default\"><a href=\"http:\/\/phoenixcontact.com\/CHARX-connect-inlets\" target=\"_blank\" rel=\"noopener\">Charging inlets<\/a><\/h3>\t\t\t\t<\/div>\n\t\t\t\t<div class=\"elementor-element elementor-element-d57580f elementor-align-right pc-tertiary-link elementor-widget elementor-widget-button\" data-id=\"d57580f\" data-element_type=\"widget\" data-e-type=\"widget\" data-widget_type=\"button.default\">\n\t\t\t\t\t\t\t\t\t\t<a class=\"elementor-button elementor-button-link elementor-size-sm\" href=\"http:\/\/phoenixcontact.com\/CHARX-connect-inlets\" target=\"_blank\" rel=\"noopener\">\n\t\t\t\t\t\t<span class=\"elementor-button-content-wrapper\">\n\t\t\t\t\t\t<span class=\"elementor-button-icon\">\n\t\t\t\t<svg aria-hidden=\"true\" class=\"e-font-icon-svg e-fas-arrow-right\" viewBox=\"0 0 448 512\" xmlns=\"http:\/\/www.w3.org\/2000\/svg\"><path d=\"M190.5 66.9l22.2-22.2c9.4-9.4 24.6-9.4 33.9 0L441 239c9.4 9.4 9.4 24.6 0 33.9L246.6 467.3c-9.4 9.4-24.6 9.4-33.9 0l-22.2-22.2c-9.5-9.5-9.3-25 .4-34.3L311.4 296H24c-13.3 0-24-10.7-24-24v-32c0-13.3 10.7-24 24-24h287.4L190.9 101.2c-9.8-9.3-10-24.8-.4-34.3z\"><\/path><\/svg>\t\t\t<\/span>\n\t\t\t\t\t\t\t\t\t<span class=\"elementor-button-text\">Learn more<\/span>\n\t\t\t\t\t<\/span>\n\t\t\t\t\t<\/a>\n\t\t\t\t\t\t\t\t<\/div>\n\t\t\t\t<\/div>\n\t\t\t\t<\/div>\n\t\t\t\t<\/div>\n\t\t\t\t<\/div>\n\t\t\t\t<\/div>\n\t\t\t\t<\/div>\n\t\t\t\t\t<\/div>\n\t\t\t\t<\/div>\n\t\t\t\t<\/div>\n\t\t","protected":false},"excerpt":{"rendered":"<p>Wird Ihr n\u00e4chster Dienstwagen auch elektrisch? Fragen Sie sich auch, wie Sie Ihre heimischen Ladekosten mit Ihrem Arbeitgeber abrechnen k\u00f6nnen? Der Charge Repay Service von Phoenix\u202fContact k\u00f6nnte die einfache Antwort auf diese Frage sein. Unser Produktexperte Anton Sch\u00f6nenberg erkl\u00e4rt Ihnen im Interview die Vorteile des Charge Repay Service. Julia Kr\u00fcger: Firmenwagen sind in Europa weit [&hellip;]<\/p>\n","protected":false},"author":3,"featured_media":3189,"comment_status":"closed","ping_status":"closed","sticky":false,"template":"","format":"standard","meta":{"_acf_changed":false,"footnotes":""},"categories":[42],"tags":[238],"class_list":["post-3187","post","type-post","status-publish","format-standard","has-post-thumbnail","hentry","category-charging-infrastructure","tag-charge-repay"],"acf":[],"_links":{"self":[{"href":"https:\/\/www.phoenixcontact-emobility.com\/de\/wp-json\/wp\/v2\/posts\/3187","targetHints":{"allow":["GET"]}}],"collection":[{"href":"https:\/\/www.phoenixcontact-emobility.com\/de\/wp-json\/wp\/v2\/posts"}],"about":[{"href":"https:\/\/www.phoenixcontact-emobility.com\/de\/wp-json\/wp\/v2\/types\/post"}],"author":[{"embeddable":true,"href":"https:\/\/www.phoenixcontact-emobility.com\/de\/wp-json\/wp\/v2\/users\/3"}],"replies":[{"embeddable":true,"href":"https:\/\/www.phoenixcontact-emobility.com\/de\/wp-json\/wp\/v2\/comments?post=3187"}],"version-history":[{"count":0,"href":"https:\/\/www.phoenixcontact-emobility.com\/de\/wp-json\/wp\/v2\/posts\/3187\/revisions"}],"wp:featuredmedia":[{"embeddable":true,"href":"https:\/\/www.phoenixcontact-emobility.com\/de\/wp-json\/wp\/v2\/media\/3189"}],"wp:attachment":[{"href":"https:\/\/www.phoenixcontact-emobility.com\/de\/wp-json\/wp\/v2\/media?parent=3187"}],"wp:term":[{"taxonomy":"category","embeddable":true,"href":"https:\/\/www.phoenixcontact-emobility.com\/de\/wp-json\/wp\/v2\/categories?post=3187"},{"taxonomy":"post_tag","embeddable":true,"href":"https:\/\/www.phoenixcontact-emobility.com\/de\/wp-json\/wp\/v2\/tags?post=3187"}],"curies":[{"name":"wp","href":"https:\/\/api.w.org\/{rel}","templated":true}]}}