{"id":8090,"date":"2025-05-26T13:33:46","date_gmt":"2025-05-26T13:33:46","guid":{"rendered":"https:\/\/www.phoenixcontact-emobility.com\/?p=8090"},"modified":"2025-08-01T09:39:37","modified_gmt":"2025-08-01T07:39:37","slug":"phoenix-contact-auf-der-electric-hybrid-vehicle-technology-expo-2025-in-stuttgart-innovationen-fuer-die-ladeinfrastruktur","status":"publish","type":"post","link":"https:\/\/www.phoenixcontact-emobility.com\/de\/news-und-events\/events\/phoenix-contact-auf-der-electric-hybrid-vehicle-technology-expo-2025-in-stuttgart-innovationen-fuer-die-ladeinfrastruktur\/","title":{"rendered":"Phoenix Contact auf der Electric &#038; Hybrid Vehicle Technology Expo 2025 Europe \u2013 Innovative Ladetechnologie f\u00fcr Elektrofahrzeuge und Ladeinfrastruktur"},"content":{"rendered":"\t\t<div data-elementor-type=\"wp-post\" data-elementor-id=\"8090\" class=\"elementor elementor-8090\" data-elementor-post-type=\"post\">\n\t\t\t\t<div class=\"elementor-element elementor-element-400bc5c e-flex e-con-boxed e-con e-parent\" data-id=\"400bc5c\" data-element_type=\"container\" data-e-type=\"container\" data-settings=\"{&quot;background_background&quot;:&quot;classic&quot;}\">\n\t\t\t\t\t<div class=\"e-con-inner\">\n\t\t<div class=\"elementor-element elementor-element-ead074e e-con-full e-flex e-con e-child\" data-id=\"ead074e\" data-element_type=\"container\" data-e-type=\"container\">\n\t\t\t\t<div class=\"elementor-element elementor-element-25bc85b elementor-widget elementor-widget-text-editor\" data-id=\"25bc85b\" data-element_type=\"widget\" data-e-type=\"widget\" data-widget_type=\"text-editor.default\">\n\t\t\t\t\t\t\t\t\t<p><span data-contrast=\"auto\">Vom\u202f3. bis 5. Juni 2025\u202ftrifft sich die internationale Fachwelt der Elektromobilit\u00e4t in Stuttgart zur\u202fElectric &amp; Hybrid Vehicle Technology Expo Europe \u2013 der\u202ff\u00fchrenden Messe f\u00fcr Batterie-, Elektro- und Hybridfahrzeugtechnologien.\u00a0<\/span><span data-ccp-props=\"{}\">\u00a0<\/span><\/p><p><span data-contrast=\"auto\">Im Mittelpunkt des Messeauftritts stehen neue Entwicklungen f\u00fcr die fahrzeugseitige Ladeschnittstelle f\u00fcr Elektroautos und elektrische Nutzfahrzeuge. Phoenix Contact stellt Fahrzeug-Ladedosen CHARX connect mit bis zu 700 A Ladeleistungen vor und erm\u00f6glicht mit der vorkonfigurierten Fahrzeug-Ladesteuerung CHARX control vehicle eine einfache Plug-and-Play-L\u00f6sung.<\/span><span data-ccp-props=\"{}\">\u00a0<\/span><\/p>\t\t\t\t\t\t\t\t<\/div>\n\t\t\t\t<div class=\"elementor-element elementor-element-d3ad166 elementor-widget elementor-widget-image\" data-id=\"d3ad166\" data-element_type=\"widget\" data-e-type=\"widget\" data-widget_type=\"image.default\">\n\t\t\t\t\t\t\t\t\t\t\t\t<figure class=\"wp-caption\">\n\t\t\t\t\t\t\t\t\t\t<img fetchpriority=\"high\" decoding=\"async\" width=\"768\" height=\"487\" src=\"https:\/\/www.phoenixcontact-emobility.com\/wp-content\/uploads\/2025\/05\/Electric-and-Hybrid-Aufmacher-Bild-768x487.jpg\" class=\"attachment-medium_large size-medium_large wp-image-8100\" alt=\"Elektrischer LKW steht an einer HPC-Lades\u00e4ule.\" srcset=\"https:\/\/www.phoenixcontact-emobility.com\/wp-content\/uploads\/2025\/05\/Electric-and-Hybrid-Aufmacher-Bild-768x487.jpg 768w, https:\/\/www.phoenixcontact-emobility.com\/wp-content\/uploads\/2025\/05\/Electric-and-Hybrid-Aufmacher-Bild-300x190.jpg 300w, https:\/\/www.phoenixcontact-emobility.com\/wp-content\/uploads\/2025\/05\/Electric-and-Hybrid-Aufmacher-Bild-1024x649.jpg 1024w, https:\/\/www.phoenixcontact-emobility.com\/wp-content\/uploads\/2025\/05\/Electric-and-Hybrid-Aufmacher-Bild.jpg 1122w\" sizes=\"(max-width: 768px) 100vw, 768px\" \/>\t\t\t\t\t\t\t\t\t\t\t<figcaption class=\"widget-image-caption wp-caption-text\">Electric &amp; Hybrid Vehicle Technology Expo 2025 Europe<\/figcaption>\n\t\t\t\t\t\t\t\t\t\t<\/figure>\n\t\t\t\t\t\t\t\t\t<\/div>\n\t\t\t\t<\/div>\n\t\t\t\t\t<\/div>\n\t\t\t\t<\/div>\n\t\t<div class=\"elementor-element elementor-element-7699452 e-flex e-con-boxed e-con e-parent\" data-id=\"7699452\" data-element_type=\"container\" data-e-type=\"container\" data-settings=\"{&quot;background_background&quot;:&quot;classic&quot;}\">\n\t\t\t\t\t<div class=\"e-con-inner\">\n\t\t<div class=\"elementor-element elementor-element-580fee8 e-con-full e-flex e-con e-child\" data-id=\"580fee8\" data-element_type=\"container\" data-e-type=\"container\">\n\t\t\t\t<div class=\"elementor-element elementor-element-387511a elementor-widget elementor-widget-text-editor\" data-id=\"387511a\" data-element_type=\"widget\" data-e-type=\"widget\" data-widget_type=\"text-editor.default\">\n\t\t\t\t\t\t\t\t\t<p><b><span data-contrast=\"auto\">Mehr als nur eine Messe<\/span><\/b><span data-ccp-props=\"{&quot;134233117&quot;:false,&quot;134233118&quot;:false,&quot;201341983&quot;:0,&quot;335551550&quot;:1,&quot;335551620&quot;:1,&quot;335559685&quot;:0,&quot;335559737&quot;:0,&quot;335559738&quot;:0,&quot;335559739&quot;:160,&quot;335559740&quot;:279}\">\u00a0<\/span><\/p><p><span data-contrast=\"auto\">Parallel zur EV Tech Expo finden auch die\u202fBattery Show Europe\u202fsowie erstmals der\u202fEnergy Storage Summit\u202fstatt. Die Veranstaltung gilt als Europas wichtigste Plattform f\u00fcr Innovationen rund um elektrische Antriebstechnologien, Batterieentwicklungen und nachhaltige Mobilit\u00e4tsl\u00f6sungen. Neben den Produkten f\u00fcr E-Fahrzeuge zeigt Phoenix Contact ein weiteres Highlight f\u00fcr die Schnellladetechnolgie: Den CCS-Megawatt-Ladestecker, der neue Ma\u00dfst\u00e4be f\u00fcr das ultraschnelle Laden von Elektroautos und schweren Nutzfahrzeugen setzt.<\/span><span data-ccp-props=\"{&quot;134233117&quot;:false,&quot;134233118&quot;:false,&quot;201341983&quot;:0,&quot;335551550&quot;:1,&quot;335551620&quot;:1,&quot;335559685&quot;:0,&quot;335559737&quot;:0,&quot;335559738&quot;:0,&quot;335559739&quot;:160,&quot;335559740&quot;:279}\">\u00a0<\/span><\/p><p><span data-contrast=\"auto\">Wir bei Phoenix Contact beschleunigen die weltweite Transformation hin zu einer nachhaltigen Mobilit\u00e4t. Unser Ziel ist es, schnelles, komfortables und sicheres Laden mit h\u00f6chsten Sicherheitsstandards weltweit voranzutreiben.\u202fWir bauen H\u00fcrden\u202fab,\u202findem wir\u202fLadetechnik praxistauglich und vernetzt umsetzen.\u202f<\/span><span data-ccp-props=\"{}\">\u00a0<\/span><\/p><p><span data-contrast=\"auto\">Besuchen Sie uns und erfahren Sie mehr \u00fcber nachhaltige und vernetzte Ladetechnik der Zukunft.<\/span><span data-ccp-props=\"{}\">\u00a0<\/span><\/p><p><b><span data-contrast=\"auto\">Electric &amp; Hybrid Vehicle Technology Expo 2025<\/span><\/b><span data-ccp-props=\"{}\">\u00a0<\/span><\/p><p><b><span data-contrast=\"auto\">Wann: <\/span><\/b><span data-contrast=\"auto\">3. \u2013 5. Juni 2025<\/span><br \/><b><span data-contrast=\"auto\">Wo: <\/span><\/b><span data-contrast=\"auto\">Messe Stuttgart, Germany<\/span><br \/><b><span data-contrast=\"auto\">Standort: <\/span><\/b><span data-contrast=\"auto\">Halle 4, Stand A16<\/span><span data-ccp-props=\"{}\">\u00a0<\/span><\/p>\t\t\t\t\t\t\t\t<\/div>\n\t\t\t\t<div class=\"elementor-element elementor-element-72c348e elementor-align-right elementor-widget elementor-widget-button\" data-id=\"72c348e\" data-element_type=\"widget\" data-e-type=\"widget\" data-widget_type=\"button.default\">\n\t\t\t\t\t\t\t\t\t\t<a class=\"elementor-button elementor-button-link elementor-size-sm\" href=\"https:\/\/www.evtechexpo.eu\/en\/home.html\" target=\"_blank\" rel=\"noopener\">\n\t\t\t\t\t\t<span class=\"elementor-button-content-wrapper\">\n\t\t\t\t\t\t<span class=\"elementor-button-icon\">\n\t\t\t\t<svg aria-hidden=\"true\" class=\"e-font-icon-svg e-fas-arrow-right\" viewBox=\"0 0 448 512\" xmlns=\"http:\/\/www.w3.org\/2000\/svg\"><path d=\"M190.5 66.9l22.2-22.2c9.4-9.4 24.6-9.4 33.9 0L441 239c9.4 9.4 9.4 24.6 0 33.9L246.6 467.3c-9.4 9.4-24.6 9.4-33.9 0l-22.2-22.2c-9.5-9.5-9.3-25 .4-34.3L311.4 296H24c-13.3 0-24-10.7-24-24v-32c0-13.3 10.7-24 24-24h287.4L190.9 101.2c-9.8-9.3-10-24.8-.4-34.3z\"><\/path><\/svg>\t\t\t<\/span>\n\t\t\t\t\t\t\t\t\t<span class=\"elementor-button-text\">Mehr zum Event<\/span>\n\t\t\t\t\t<\/span>\n\t\t\t\t\t<\/a>\n\t\t\t\t\t\t\t\t<\/div>\n\t\t<div class=\"elementor-element elementor-element-6d77c5a cnt-space e-con-full e-flex e-con e-child\" data-id=\"6d77c5a\" data-element_type=\"container\" data-e-type=\"container\" data-settings=\"{&quot;background_background&quot;:&quot;classic&quot;}\">\n\t\t<div class=\"elementor-element elementor-element-c9ce634 cnt-space e-con-full e-flex e-con e-child\" data-id=\"c9ce634\" data-element_type=\"container\" data-e-type=\"container\" data-settings=\"{&quot;background_background&quot;:&quot;classic&quot;}\">\n\t\t<div class=\"elementor-element elementor-element-b771182 e-con-full e-flex e-con e-child\" data-id=\"b771182\" data-element_type=\"container\" data-e-type=\"container\">\n\t\t\t\t<div class=\"elementor-element elementor-element-e1c86b3 elementor-widget elementor-widget-heading\" data-id=\"e1c86b3\" data-element_type=\"widget\" data-e-type=\"widget\" data-widget_type=\"heading.default\">\n\t\t\t\t\t<h2 class=\"elementor-heading-title elementor-size-default\">Jetzt passende Produkte entdecken<\/h2>\t\t\t\t<\/div>\n\t\t\t\t<div class=\"elementor-element elementor-element-ae3489f elementor-widget-divider--view-line elementor-widget elementor-widget-divider\" data-id=\"ae3489f\" data-element_type=\"widget\" data-e-type=\"widget\" data-widget_type=\"divider.default\">\n\t\t\t\t\t\t\t<div class=\"elementor-divider\">\n\t\t\t<span class=\"elementor-divider-separator\">\n\t\t\t\t\t\t<\/span>\n\t\t<\/div>\n\t\t\t\t\t\t<\/div>\n\t\t\t\t<div class=\"elementor-element elementor-element-4efb6c0 elementor-widget elementor-widget-text-editor\" data-id=\"4efb6c0\" data-element_type=\"widget\" data-e-type=\"widget\" data-widget_type=\"text-editor.default\">\n\t\t\t\t\t\t\t\t\t<p>Hier finden Sie eine Auswahl relevanter Produkte \u2013 basierend auf den Themen und Empfehlungen aus unserem Blogbeitrag.<\/p>\t\t\t\t\t\t\t\t<\/div>\n\t\t\t\t<\/div>\n\t\t<div class=\"elementor-element elementor-element-4515a14 e-con-full e-grid e-con e-child\" data-id=\"4515a14\" data-element_type=\"container\" data-e-type=\"container\">\n\t\t<div class=\"elementor-element elementor-element-51b8cab e-con-full txt-box-grid txt-box-grid-dark-green e-flex e-con e-child\" data-id=\"51b8cab\" data-element_type=\"container\" data-e-type=\"container\" data-settings=\"{&quot;background_background&quot;:&quot;classic&quot;}\">\n\t\t\t\t<div class=\"elementor-element elementor-element-b225a14 elementor-widget elementor-widget-image\" data-id=\"b225a14\" data-element_type=\"widget\" data-e-type=\"widget\" data-widget_type=\"image.default\">\n\t\t\t\t\t\t\t\t\t\t\t\t\t\t\t\t<a href=\"http:\/\/phoenixcontact.com\/CHARX-connect-inlets\" target=\"_blank\" rel=\"noopener\">\n\t\t\t\t\t\t\t<img decoding=\"async\" width=\"800\" height=\"800\" src=\"https:\/\/www.phoenixcontact-emobility.com\/wp-content\/uploads\/2025\/07\/00035432_1x1_1000.png\" class=\"attachment-large size-large wp-image-10332\" alt=\"Fahrzeug-Ladedosen: CCS-1, CCS-2 und GB\/T\" srcset=\"https:\/\/www.phoenixcontact-emobility.com\/wp-content\/uploads\/2025\/07\/00035432_1x1_1000.png 1000w, https:\/\/www.phoenixcontact-emobility.com\/wp-content\/uploads\/2025\/07\/00035432_1x1_1000-300x300.png 300w, https:\/\/www.phoenixcontact-emobility.com\/wp-content\/uploads\/2025\/07\/00035432_1x1_1000-150x150.png 150w, https:\/\/www.phoenixcontact-emobility.com\/wp-content\/uploads\/2025\/07\/00035432_1x1_1000-768x768.png 768w\" sizes=\"(max-width: 800px) 100vw, 800px\" \/>\t\t\t\t\t\t\t\t<\/a>\n\t\t\t\t\t\t\t\t\t\t\t\t\t\t\t<\/div>\n\t\t\t\t<div class=\"elementor-element elementor-element-f85c6a3 elementor-widget elementor-widget-heading\" data-id=\"f85c6a3\" data-element_type=\"widget\" data-e-type=\"widget\" data-widget_type=\"heading.default\">\n\t\t\t\t\t<h3 class=\"elementor-heading-title elementor-size-default\"><a href=\"http:\/\/phoenixcontact.com\/CHARX-connect-inlets\" target=\"_blank\" rel=\"noopener\">Fahrzeug-Ladedosen<\/a><\/h3>\t\t\t\t<\/div>\n\t\t\t\t<div class=\"elementor-element elementor-element-b5268df elementor-align-right pc-tertiary-link elementor-widget elementor-widget-button\" data-id=\"b5268df\" data-element_type=\"widget\" data-e-type=\"widget\" data-widget_type=\"button.default\">\n\t\t\t\t\t\t\t\t\t\t<a class=\"elementor-button elementor-button-link elementor-size-sm\" href=\"http:\/\/phoenixcontact.com\/CHARX-connect-inlets\" target=\"_blank\" rel=\"noopener\">\n\t\t\t\t\t\t<span class=\"elementor-button-content-wrapper\">\n\t\t\t\t\t\t<span class=\"elementor-button-icon\">\n\t\t\t\t<svg aria-hidden=\"true\" class=\"e-font-icon-svg e-fas-arrow-right\" viewBox=\"0 0 448 512\" xmlns=\"http:\/\/www.w3.org\/2000\/svg\"><path d=\"M190.5 66.9l22.2-22.2c9.4-9.4 24.6-9.4 33.9 0L441 239c9.4 9.4 9.4 24.6 0 33.9L246.6 467.3c-9.4 9.4-24.6 9.4-33.9 0l-22.2-22.2c-9.5-9.5-9.3-25 .4-34.3L311.4 296H24c-13.3 0-24-10.7-24-24v-32c0-13.3 10.7-24 24-24h287.4L190.9 101.2c-9.8-9.3-10-24.8-.4-34.3z\"><\/path><\/svg>\t\t\t<\/span>\n\t\t\t\t\t\t\t\t\t<span class=\"elementor-button-text\">Mehr erfahren<\/span>\n\t\t\t\t\t<\/span>\n\t\t\t\t\t<\/a>\n\t\t\t\t\t\t\t\t<\/div>\n\t\t\t\t<\/div>\n\t\t<div class=\"elementor-element elementor-element-c9c5d50 e-con-full txt-box-grid txt-box-grid-dark-green e-flex e-con e-child\" data-id=\"c9c5d50\" data-element_type=\"container\" data-e-type=\"container\" data-settings=\"{&quot;background_background&quot;:&quot;classic&quot;}\">\n\t\t\t\t<div class=\"elementor-element elementor-element-1d7e86c elementor-widget elementor-widget-image\" data-id=\"1d7e86c\" data-element_type=\"widget\" data-e-type=\"widget\" data-widget_type=\"image.default\">\n\t\t\t\t\t\t\t\t\t\t\t\t\t\t\t\t<a href=\"http:\/\/phoenixcontact.com\/CHARX-control-vehicle\" target=\"_blank\" rel=\"noopener\">\n\t\t\t\t\t\t\t<img decoding=\"async\" width=\"800\" height=\"800\" src=\"https:\/\/www.phoenixcontact-emobility.com\/wp-content\/uploads\/2025\/06\/00202259_1x1_5000-e1755151788933.png\" class=\"attachment-large size-large wp-image-10561\" alt=\"Fahrzeug-Ladesteuerung CHARX control vehicle\" srcset=\"https:\/\/www.phoenixcontact-emobility.com\/wp-content\/uploads\/2025\/06\/00202259_1x1_5000-e1755151788933.png 893w, https:\/\/www.phoenixcontact-emobility.com\/wp-content\/uploads\/2025\/06\/00202259_1x1_5000-e1755151788933-300x300.png 300w, https:\/\/www.phoenixcontact-emobility.com\/wp-content\/uploads\/2025\/06\/00202259_1x1_5000-e1755151788933-150x150.png 150w, https:\/\/www.phoenixcontact-emobility.com\/wp-content\/uploads\/2025\/06\/00202259_1x1_5000-e1755151788933-768x768.png 768w\" sizes=\"(max-width: 800px) 100vw, 800px\" \/>\t\t\t\t\t\t\t\t<\/a>\n\t\t\t\t\t\t\t\t\t\t\t\t\t\t\t<\/div>\n\t\t\t\t<div class=\"elementor-element elementor-element-73b2f94 elementor-widget elementor-widget-heading\" data-id=\"73b2f94\" data-element_type=\"widget\" data-e-type=\"widget\" data-widget_type=\"heading.default\">\n\t\t\t\t\t<h3 class=\"elementor-heading-title elementor-size-default\"><a href=\"http:\/\/phoenixcontact.com\/CHARX-control-vehicle\" target=\"_blank\" rel=\"noopener\">Fahrzeug-Ladesteuerung<\/a><\/h3>\t\t\t\t<\/div>\n\t\t\t\t<div class=\"elementor-element elementor-element-291b8a8 elementor-align-right pc-tertiary-link elementor-widget elementor-widget-button\" data-id=\"291b8a8\" data-element_type=\"widget\" data-e-type=\"widget\" data-widget_type=\"button.default\">\n\t\t\t\t\t\t\t\t\t\t<a class=\"elementor-button elementor-button-link elementor-size-sm\" href=\"http:\/\/phoenixcontact.com\/CHARX-control-vehicle\" target=\"_blank\" rel=\"noopener\">\n\t\t\t\t\t\t<span class=\"elementor-button-content-wrapper\">\n\t\t\t\t\t\t<span class=\"elementor-button-icon\">\n\t\t\t\t<svg aria-hidden=\"true\" class=\"e-font-icon-svg e-fas-arrow-right\" viewBox=\"0 0 448 512\" xmlns=\"http:\/\/www.w3.org\/2000\/svg\"><path d=\"M190.5 66.9l22.2-22.2c9.4-9.4 24.6-9.4 33.9 0L441 239c9.4 9.4 9.4 24.6 0 33.9L246.6 467.3c-9.4 9.4-24.6 9.4-33.9 0l-22.2-22.2c-9.5-9.5-9.3-25 .4-34.3L311.4 296H24c-13.3 0-24-10.7-24-24v-32c0-13.3 10.7-24 24-24h287.4L190.9 101.2c-9.8-9.3-10-24.8-.4-34.3z\"><\/path><\/svg>\t\t\t<\/span>\n\t\t\t\t\t\t\t\t\t<span class=\"elementor-button-text\">Mehr erfahren<\/span>\n\t\t\t\t\t<\/span>\n\t\t\t\t\t<\/a>\n\t\t\t\t\t\t\t\t<\/div>\n\t\t\t\t<\/div>\n\t\t\t\t<\/div>\n\t\t\t\t<\/div>\n\t\t\t\t<\/div>\n\t\t\t\t<\/div>\n\t\t\t\t\t<\/div>\n\t\t\t\t<\/div>\n\t\t\t\t<\/div>\n\t\t","protected":false},"excerpt":{"rendered":"<p>Vom\u202f3. bis 5. Juni 2025\u202ftrifft sich die internationale Fachwelt der Elektromobilit\u00e4t in Stuttgart zur\u202fElectric &amp; Hybrid Vehicle Technology Expo Europe \u2013 der\u202ff\u00fchrenden Messe f\u00fcr Batterie-, Elektro- und Hybridfahrzeugtechnologien.\u00a0\u00a0 Im Mittelpunkt des Messeauftritts stehen neue Entwicklungen f\u00fcr die fahrzeugseitige Ladeschnittstelle f\u00fcr Elektroautos und elektrische Nutzfahrzeuge. Phoenix Contact stellt Fahrzeug-Ladedosen CHARX connect mit bis zu 700 A [&hellip;]<\/p>\n","protected":false},"author":10,"featured_media":8714,"comment_status":"closed","ping_status":"closed","sticky":false,"template":"","format":"standard","meta":{"_acf_changed":false,"footnotes":""},"categories":[83],"tags":[],"class_list":["post-8090","post","type-post","status-publish","format-standard","has-post-thumbnail","hentry","category-events"],"acf":[],"_links":{"self":[{"href":"https:\/\/www.phoenixcontact-emobility.com\/de\/wp-json\/wp\/v2\/posts\/8090","targetHints":{"allow":["GET"]}}],"collection":[{"href":"https:\/\/www.phoenixcontact-emobility.com\/de\/wp-json\/wp\/v2\/posts"}],"about":[{"href":"https:\/\/www.phoenixcontact-emobility.com\/de\/wp-json\/wp\/v2\/types\/post"}],"author":[{"embeddable":true,"href":"https:\/\/www.phoenixcontact-emobility.com\/de\/wp-json\/wp\/v2\/users\/10"}],"replies":[{"embeddable":true,"href":"https:\/\/www.phoenixcontact-emobility.com\/de\/wp-json\/wp\/v2\/comments?post=8090"}],"version-history":[{"count":0,"href":"https:\/\/www.phoenixcontact-emobility.com\/de\/wp-json\/wp\/v2\/posts\/8090\/revisions"}],"wp:featuredmedia":[{"embeddable":true,"href":"https:\/\/www.phoenixcontact-emobility.com\/de\/wp-json\/wp\/v2\/media\/8714"}],"wp:attachment":[{"href":"https:\/\/www.phoenixcontact-emobility.com\/de\/wp-json\/wp\/v2\/media?parent=8090"}],"wp:term":[{"taxonomy":"category","embeddable":true,"href":"https:\/\/www.phoenixcontact-emobility.com\/de\/wp-json\/wp\/v2\/categories?post=8090"},{"taxonomy":"post_tag","embeddable":true,"href":"https:\/\/www.phoenixcontact-emobility.com\/de\/wp-json\/wp\/v2\/tags?post=8090"}],"curies":[{"name":"wp","href":"https:\/\/api.w.org\/{rel}","templated":true}]}}