{"id":844,"date":"2025-05-09T10:00:58","date_gmt":"2025-05-09T10:00:58","guid":{"rendered":"https:\/\/dev.phoenixcontact-emobility.com\/?p=844"},"modified":"2025-12-11T12:54:26","modified_gmt":"2025-12-11T10:54:26","slug":"erfolgreicher-hpc-ladetest-im-all-electric-society-park","status":"publish","type":"post","link":"https:\/\/www.phoenixcontact-emobility.com\/de\/news-und-events\/elektrofahrzeuge\/erfolgreicher-hpc-ladetest-im-all-electric-society-park\/","title":{"rendered":"Erfolgreicher HPC-Ladetest im All Electric Society Park"},"content":{"rendered":"\t\t<div data-elementor-type=\"wp-post\" data-elementor-id=\"844\" class=\"elementor elementor-844\" data-elementor-post-type=\"post\">\n\t\t\t\t<div class=\"elementor-element elementor-element-d90c8e7 e-flex e-con-boxed e-con e-parent\" data-id=\"d90c8e7\" data-element_type=\"container\" data-e-type=\"container\" data-settings=\"{&quot;background_background&quot;:&quot;classic&quot;}\">\n\t\t\t\t\t<div class=\"e-con-inner\">\n\t\t<div class=\"elementor-element elementor-element-97de4e4 e-con-full e-flex e-con e-child\" data-id=\"97de4e4\" data-element_type=\"container\" data-e-type=\"container\">\n\t\t\t\t<div class=\"elementor-element elementor-element-e98bb17 elementor-widget elementor-widget-text-editor\" data-id=\"e98bb17\" data-element_type=\"widget\" data-e-type=\"widget\" data-widget_type=\"text-editor.default\">\n\t\t\t\t\t\t\t\t\t<p><strong><span class=\"TextRun SCXW161201273 BCX0\" lang=\"DE-DE\" xml:lang=\"DE-DE\" data-contrast=\"auto\"><span class=\"NormalTextRun SpellingErrorV2Themed SCXW161201273 BCX0\">Elektrobus<\/span><span class=\"NormalTextRun SCXW161201273 BCX0\"> auf dem Pr\u00fcfstand f\u00fcr High\u202fPower\u202f<\/span><span class=\"NormalTextRun SpellingErrorV2Themed SCXW161201273 BCX0\">Charging. Ob das wohl passt?<\/span><\/span><\/strong><\/p><p><span data-contrast=\"auto\">F\u00fcr die <a href=\"http:\/\/phoenixcontact.com\/hpc\" target=\"_blank\" rel=\"noopener\">High Power Charging<\/a> (HPC)-Ladetechnik ist Phoenix\u202fContact bekannt. Aber dass im All Electric Society (AES) Park ein HPC-Ladetest mit einem Elektrobus durchgef\u00fchrt wurde, das war selbst f\u00fcr das Unternehmen neu. Der eigentlich f\u00fcr Pkw konzeptionierte und errichtete Ladeparkplatz am Standort des Headquarters in Deutschland wurde dann, nach kurzer Planung, f\u00fcr den Besuch und Ladetest des Elektrobusses der Firma HESS am 8. und 9. Juli 2024 fit gemacht. Es wurde gemessen und umpositioniert bis ein Ladeplatz f\u00fcr den Bus gefunden war. So konnten am Ende zwei Tage voller interessanter Einblicke beginnen.<\/span><span data-ccp-props=\"{}\">\u00a0<\/span><\/p><p><span data-contrast=\"auto\">Doch aus welchem Grund machte sich der <a href=\"https:\/\/www.hess-ag.ch\/?L=0\" data-wplink-edit=\"true\" target=\"_blank\" rel=\"noopener\">Schweizer Bushersteller HESS<\/a> eigentlich auf den Weg zum Ladetest nach Deutschland?<\/span><span data-ccp-props=\"{}\">\u00a0<\/span><\/p>\t\t\t\t\t\t\t\t<\/div>\n\t\t\t\t<div class=\"elementor-element elementor-element-f7dc4c8 elementor-widget elementor-widget-image\" data-id=\"f7dc4c8\" data-element_type=\"widget\" data-e-type=\"widget\" data-widget_type=\"image.default\">\n\t\t\t\t\t\t\t\t\t\t\t\t<figure class=\"wp-caption\">\n\t\t\t\t\t\t\t\t\t\t<img fetchpriority=\"high\" decoding=\"async\" width=\"1536\" height=\"1025\" src=\"https:\/\/www.phoenixcontact-emobility.com\/wp-content\/uploads\/2025\/04\/00199030_full_b5000-1536x1025.jpg\" class=\"attachment-1536x1536 size-1536x1536 wp-image-3101\" alt=\"Elektrobus im AES-Ladepark vor einer bl\u00fctenf\u00f6rmigen Solaranlage und moderner Geb\u00e4udearchitektur \u2013 zukunftsweisende Ladeinfrastruktur f\u00fcr den \u00f6ffentlichen Nahverkehr.\" srcset=\"https:\/\/www.phoenixcontact-emobility.com\/wp-content\/uploads\/2025\/04\/00199030_full_b5000-1536x1025.jpg 1536w, https:\/\/www.phoenixcontact-emobility.com\/wp-content\/uploads\/2025\/04\/00199030_full_b5000-300x200.jpg 300w, https:\/\/www.phoenixcontact-emobility.com\/wp-content\/uploads\/2025\/04\/00199030_full_b5000-1024x683.jpg 1024w, https:\/\/www.phoenixcontact-emobility.com\/wp-content\/uploads\/2025\/04\/00199030_full_b5000-768x512.jpg 768w, https:\/\/www.phoenixcontact-emobility.com\/wp-content\/uploads\/2025\/04\/00199030_full_b5000-2048x1366.jpg 2048w, https:\/\/www.phoenixcontact-emobility.com\/wp-content\/uploads\/2025\/04\/00199030_full_b5000-1320x880.jpg 1320w\" sizes=\"(max-width: 1536px) 100vw, 1536px\" \/>\t\t\t\t\t\t\t\t\t\t\t<figcaption class=\"widget-image-caption wp-caption-text\"><\/figcaption>\n\t\t\t\t\t\t\t\t\t\t<\/figure>\n\t\t\t\t\t\t\t\t\t<\/div>\n\t\t\t\t<\/div>\n\t\t\t\t\t<\/div>\n\t\t\t\t<\/div>\n\t\t<div class=\"elementor-element elementor-element-8d00786 e-flex e-con-boxed e-con e-parent\" data-id=\"8d00786\" data-element_type=\"container\" data-e-type=\"container\" data-settings=\"{&quot;background_background&quot;:&quot;classic&quot;}\">\n\t\t\t\t\t<div class=\"e-con-inner\">\n\t\t<div class=\"elementor-element elementor-element-4a61ad9 e-con-full e-flex e-con e-child\" data-id=\"4a61ad9\" data-element_type=\"container\" data-e-type=\"container\">\n\t\t\t\t<div class=\"elementor-element elementor-element-f2b9066 elementor-widget elementor-widget-heading\" data-id=\"f2b9066\" data-element_type=\"widget\" data-e-type=\"widget\" data-widget_type=\"heading.default\">\n\t\t\t\t\t<h2 class=\"elementor-heading-title elementor-size-default\">Ein innovativer Elektrobus auf Reisen<\/h2>\t\t\t\t<\/div>\n\t\t\t\t<div class=\"elementor-element elementor-element-c1b8caf elementor-widget elementor-widget-text-editor\" data-id=\"c1b8caf\" data-element_type=\"widget\" data-e-type=\"widget\" data-widget_type=\"text-editor.default\">\n\t\t\t\t\t\t\t\t\t<p><span data-contrast=\"auto\">Das 1882 gegr\u00fcndete Schweizer Familienunternehmen HESS fertigt als Fahrzeugbauer innovative Elektrobusse f\u00fcr den Nahverkehr. Darunter den Swiss eBus plus.<\/span>\u00a0<br \/><span data-contrast=\"auto\">Nicolas Amacker, Projektleiter Swiss eBus plus und Leiter Traktion-Hardware bei HESS, war begeistert von diesem Innovationsprojekt: \u201eDas ist ein Leuchtturmprojekt, es hei\u00dft Swiss eBus plus und das ist auch unsere neue Generation an Elektrobussen. Mit ihnen kann man gut 300 bis 350 km bei allen Bedingungen fahren kann, sodass ein Dieselbus ersetzt werden kann.\u201c<\/span><span data-ccp-props=\"{}\">\u00a0<\/span><\/p><p><span data-contrast=\"auto\">Das Projekt hat HESS gemeinsam mit der Technischen Hochschule ETH Z\u00fcrich sowie der Berner Fachhochschule umgesetzt. Es wird vom Bundesamt f\u00fcr Energie BFE in der Schweiz als Pilot- und Demonstrationsprojekt unterst\u00fctzt. Beide Hochschulen f\u00fchrten innerhalb des Projekts Forschungsarbeiten in den Bereichen Thermomanagement und Batterietechnologie durch. Insgesamt punktet der Swiss eBus plus durch neue Technologien im Bereich Heizung, Klimatisierung, Isolation, Antrieb und Ladetechnologie.<\/span><span data-ccp-props=\"{}\">\u00a0<\/span><\/p><p><span data-contrast=\"auto\">Um die innovativen Technologien im E-Bus voll auszutesten, reisten Nicolas Amacker und Carlo Rindlisbacher, System Developer bei HESS, mit dem Swiss eBus plus aus der Schweiz nach Deutschland. Zun\u00e4chst legten sie einen Zwischenstopp in Marburg ein, wo der Bus einen Klimakammer-Test durchlief. Dabei wurde des Bus auf minus 20 Grad heruntergek\u00fchlt, um die innovative thermische Isolation des Busses zu testen. Diese sorgt daf\u00fcr, dass der Bus ein besonders effizientes Energiemanagement durch geringeren thermischen Verlust erreicht.<\/span><span data-ccp-props=\"{}\">\u00a0<\/span><\/p>\t\t\t\t\t\t\t\t<\/div>\n\t\t\t\t<div class=\"elementor-element elementor-element-b2575a7 elementor-widget elementor-widget-image\" data-id=\"b2575a7\" data-element_type=\"widget\" data-e-type=\"widget\" data-widget_type=\"image.default\">\n\t\t\t\t\t\t\t\t\t\t\t\t<figure class=\"wp-caption\">\n\t\t\t\t\t\t\t\t\t\t<img decoding=\"async\" width=\"1536\" height=\"1025\" src=\"https:\/\/www.phoenixcontact-emobility.com\/wp-content\/uploads\/2025\/04\/00200924_full_b5000-1536x1025.jpg\" class=\"attachment-1536x1536 size-1536x1536 wp-image-3102\" alt=\"Nicolas Amacker (HESS) beim Laden des Swiss eBus plus\" srcset=\"https:\/\/www.phoenixcontact-emobility.com\/wp-content\/uploads\/2025\/04\/00200924_full_b5000-1536x1025.jpg 1536w, https:\/\/www.phoenixcontact-emobility.com\/wp-content\/uploads\/2025\/04\/00200924_full_b5000-300x200.jpg 300w, https:\/\/www.phoenixcontact-emobility.com\/wp-content\/uploads\/2025\/04\/00200924_full_b5000-1024x683.jpg 1024w, https:\/\/www.phoenixcontact-emobility.com\/wp-content\/uploads\/2025\/04\/00200924_full_b5000-768x512.jpg 768w, https:\/\/www.phoenixcontact-emobility.com\/wp-content\/uploads\/2025\/04\/00200924_full_b5000-2048x1366.jpg 2048w, https:\/\/www.phoenixcontact-emobility.com\/wp-content\/uploads\/2025\/04\/00200924_full_b5000-1320x880.jpg 1320w\" sizes=\"(max-width: 1536px) 100vw, 1536px\" \/>\t\t\t\t\t\t\t\t\t\t\t<figcaption class=\"widget-image-caption wp-caption-text\">Nicolas Amacker (HESS) beim Laden des Swiss eBus plus <\/figcaption>\n\t\t\t\t\t\t\t\t\t\t<\/figure>\n\t\t\t\t\t\t\t\t\t<\/div>\n\t\t\t\t<div class=\"elementor-element elementor-element-5e3f142 elementor-widget elementor-widget-text-editor\" data-id=\"5e3f142\" data-element_type=\"widget\" data-e-type=\"widget\" data-widget_type=\"text-editor.default\">\n\t\t\t\t\t\t\t\t\t<p><span data-contrast=\"auto\">Nach erfolgreich absolviertem Test in Marburg ging die Reise zu Phoenix\u202fContact in den All Electric Society Park.<\/span><span data-ccp-props=\"{}\">\u00a0<\/span><\/p><p><span data-contrast=\"auto\">Die Zusammenarbeit zwischen HESS und Phoenix\u202fContact entstand durch unseren Schweizer Kollegen, Stefan Staiber. Als Systemberater konnte er das Innovationsprojekt mit der neuen CCS-Fahrzeug-Ladedose CHARX connect universal unterst\u00fctzen. Und auch vom Phoenix\u202fContact E-Mobility Headquarter wurde das Projekt von den verantwortlichen Produktmanagern f\u00fcr Fahrzeug-Ladedosen, Linda Cam, Mefer Dogan und Rik Stellbrink begleitet.<\/span><span data-ccp-props=\"{}\">\u00a0<\/span><\/p><p><span data-contrast=\"auto\">\u201eBereits im Fr\u00fchjahr besuchte ich gemeinsam mit meinen Kollegen Stefan Staiber und Rik Stellbrink die Firma HESS in der Schweiz, um mehr \u00fcber das Projekt zu erfahren\u201c, erkl\u00e4rte Mefer Dogan r\u00fcckblickend. \u201eDamals war noch gar nicht daran zu denken, dass wir einmal alle zusammen hier im All Electric Society Park einen Ladetest durchf\u00fchren w\u00fcrden.\u201c<\/span><span data-ccp-props=\"{}\">\u00a0<\/span><\/p><p><span data-contrast=\"auto\">\u201eWir haben erstmalig eine High Power Charging Ladedose in diesem Bus montiert, die es uns nun erm\u00f6glicht mit sehr hohen Ladestr\u00f6men zu laden\u201c, erkl\u00e4rt Carlo Rindlisbacher, System Developer bei HESS.<\/span><span data-ccp-props=\"{}\">\u00a0<\/span><\/p><p><span data-contrast=\"auto\">Und ebendiese hohen Ladestr\u00f6me sollten an der DC-Ladestation im All Electric Society Park auf die Probe gestellt werden.<\/span><span data-ccp-props=\"{}\">\u00a0<\/span><\/p>\t\t\t\t\t\t\t\t<\/div>\n\t\t\t\t<div class=\"elementor-element elementor-element-81240b6 elementor-widget elementor-widget-image\" data-id=\"81240b6\" data-element_type=\"widget\" data-e-type=\"widget\" data-widget_type=\"image.default\">\n\t\t\t\t\t\t\t\t\t\t\t\t<figure class=\"wp-caption\">\n\t\t\t\t\t\t\t\t\t\t<img decoding=\"async\" width=\"1536\" height=\"1025\" src=\"https:\/\/www.phoenixcontact-emobility.com\/wp-content\/uploads\/2025\/04\/00200953_full_b5000-1536x1025.jpg\" class=\"attachment-1536x1536 size-1536x1536 wp-image-3105\" alt=\"Das verantwortliche Projektteam vor dem Elektrobus. Nicolas Amacker (HESS), Mefer Dogan, Linda Cam, Stefan Staiber (Phoenix\u202fContact) und Carlo Rindlisbacher (HESS) (v.l.).\" srcset=\"https:\/\/www.phoenixcontact-emobility.com\/wp-content\/uploads\/2025\/04\/00200953_full_b5000-1536x1025.jpg 1536w, https:\/\/www.phoenixcontact-emobility.com\/wp-content\/uploads\/2025\/04\/00200953_full_b5000-300x200.jpg 300w, https:\/\/www.phoenixcontact-emobility.com\/wp-content\/uploads\/2025\/04\/00200953_full_b5000-1024x683.jpg 1024w, https:\/\/www.phoenixcontact-emobility.com\/wp-content\/uploads\/2025\/04\/00200953_full_b5000-768x512.jpg 768w, https:\/\/www.phoenixcontact-emobility.com\/wp-content\/uploads\/2025\/04\/00200953_full_b5000-2048x1366.jpg 2048w, https:\/\/www.phoenixcontact-emobility.com\/wp-content\/uploads\/2025\/04\/00200953_full_b5000-1320x880.jpg 1320w\" sizes=\"(max-width: 1536px) 100vw, 1536px\" \/>\t\t\t\t\t\t\t\t\t\t\t<figcaption class=\"widget-image-caption wp-caption-text\">Das verantwortliche Projektteam vor dem Elektrobus. Nicolas Amacker (HESS), Mefer Dogan, Linda Cam, Stefan Staiber (Phoenix\u202fContact) und Carlo Rindlisbacher (HESS) (v.l.). <\/figcaption>\n\t\t\t\t\t\t\t\t\t\t<\/figure>\n\t\t\t\t\t\t\t\t\t<\/div>\n\t\t\t\t<\/div>\n\t\t\t\t\t<\/div>\n\t\t\t\t<\/div>\n\t\t<div class=\"elementor-element elementor-element-1c45d65 e-flex e-con-boxed e-con e-parent\" data-id=\"1c45d65\" data-element_type=\"container\" data-e-type=\"container\" data-settings=\"{&quot;background_background&quot;:&quot;classic&quot;}\">\n\t\t\t\t\t<div class=\"e-con-inner\">\n\t\t<div class=\"elementor-element elementor-element-6138b11 e-con-full e-flex e-con e-child\" data-id=\"6138b11\" data-element_type=\"container\" data-e-type=\"container\">\n\t\t\t\t<div class=\"elementor-element elementor-element-4998f46 elementor-widget elementor-widget-heading\" data-id=\"4998f46\" data-element_type=\"widget\" data-e-type=\"widget\" data-widget_type=\"heading.default\">\n\t\t\t\t\t<h2 class=\"elementor-heading-title elementor-size-default\">Was wird im All Electric Society Park erlebbar? <\/h2>\t\t\t\t<\/div>\n\t\t\t\t<div class=\"elementor-element elementor-element-4fcfd6c elementor-widget elementor-widget-text-editor\" data-id=\"4fcfd6c\" data-element_type=\"widget\" data-e-type=\"widget\" data-widget_type=\"text-editor.default\">\n\t\t\t\t\t\t\t\t\t<p><span data-contrast=\"auto\">All Electric Society (AES) steht f\u00fcr die Vision von Phoenix\u202fContact, dass Energie aus erneuerbaren Ressourcen in ausreichendem Ma\u00dfe und bezahlbar zur Verf\u00fcgung steht. Die daf\u00fcr notwendigen Technologien bietet Phoenix\u202fContact nicht nur an, sie werden auch im <a href=\"https:\/\/www.phoenixcontact.com\/de-de\/unternehmen\/all-electric-society\/all-electric-society-park\" target=\"_blank\" rel=\"noopener\">All Electric Society Park<\/a> in Blomberg, Deutschland, demonstriert. Dazu z\u00e4hlen Technologien zum Gewinnen regenerativer Energie aus Photovoltaik, thermische R\u00fcckkopplung, Windkraft aus Turbinen und einem Windbaum. Aber auch das Energiemanagement wird veranschaulicht, da die gewonnene Energie an die Verbraucher effizient verteilt wird.<\/span><span data-ccp-props=\"{}\">\u00a0<\/span><\/p><p><span data-contrast=\"auto\">Ein gro\u00dfer Bereich des Parks widmet sich dem Thema Elektromobilit\u00e4t. Dort sind nicht nur AC- und DC-Ladestationen installiert, sondern auch die gesamte Leistungselektronik verbaut. Zudem k\u00f6nnen Besucher spielerisch in einem Cube neue Technologien wie Vehicle-to-Grid kennenlernen.<\/span><span data-ccp-props=\"{}\">\u00a0<\/span><\/p><p><span data-contrast=\"auto\">Besucher k\u00f6nnen jederzeit und kostenfrei den Park besuchen und das Zusammenspiel der Technologien in den verschiedenen Cubes erleben.<\/span><span data-ccp-props=\"{}\">\u00a0<\/span><\/p>\t\t\t\t\t\t\t\t<\/div>\n\t\t\t\t<div class=\"elementor-element elementor-element-734e96e elementor-widget elementor-widget-image\" data-id=\"734e96e\" data-element_type=\"widget\" data-e-type=\"widget\" data-widget_type=\"image.default\">\n\t\t\t\t\t\t\t\t\t\t\t\t<figure class=\"wp-caption\">\n\t\t\t\t\t\t\t\t\t\t<img loading=\"lazy\" decoding=\"async\" width=\"2560\" height=\"1440\" src=\"https:\/\/www.phoenixcontact-emobility.com\/wp-content\/uploads\/2025\/04\/00200976_full_b5000-scaled.jpg\" class=\"attachment-full size-full wp-image-3106\" alt=\"Der Elektrobus Swiss eBus plus beim Ladetest im E-Mobility Bereich des All Electric Society Parks in Blomberg, Deutschland.\" srcset=\"https:\/\/www.phoenixcontact-emobility.com\/wp-content\/uploads\/2025\/04\/00200976_full_b5000-scaled.jpg 2560w, https:\/\/www.phoenixcontact-emobility.com\/wp-content\/uploads\/2025\/04\/00200976_full_b5000-300x169.jpg 300w, https:\/\/www.phoenixcontact-emobility.com\/wp-content\/uploads\/2025\/04\/00200976_full_b5000-1024x576.jpg 1024w, https:\/\/www.phoenixcontact-emobility.com\/wp-content\/uploads\/2025\/04\/00200976_full_b5000-768x432.jpg 768w, https:\/\/www.phoenixcontact-emobility.com\/wp-content\/uploads\/2025\/04\/00200976_full_b5000-1536x864.jpg 1536w, https:\/\/www.phoenixcontact-emobility.com\/wp-content\/uploads\/2025\/04\/00200976_full_b5000-2048x1152.jpg 2048w, https:\/\/www.phoenixcontact-emobility.com\/wp-content\/uploads\/2025\/04\/00200976_full_b5000-1320x742.jpg 1320w\" sizes=\"(max-width: 2560px) 100vw, 2560px\" \/>\t\t\t\t\t\t\t\t\t\t\t<figcaption class=\"widget-image-caption wp-caption-text\">Der Elektrobus Swiss eBus plus beim Ladetest im E-Mobility Bereich des All Electric Society Parks in Blomberg, Deutschland. <\/figcaption>\n\t\t\t\t\t\t\t\t\t\t<\/figure>\n\t\t\t\t\t\t\t\t\t<\/div>\n\t\t\t\t<\/div>\n\t\t\t\t\t<\/div>\n\t\t\t\t<\/div>\n\t\t<div class=\"elementor-element elementor-element-5afef8e e-flex e-con-boxed e-con e-parent\" data-id=\"5afef8e\" data-element_type=\"container\" data-e-type=\"container\" data-settings=\"{&quot;background_background&quot;:&quot;classic&quot;}\">\n\t\t\t\t\t<div class=\"e-con-inner\">\n\t\t<div class=\"elementor-element elementor-element-57de127 e-con-full e-flex e-con e-child\" data-id=\"57de127\" data-element_type=\"container\" data-e-type=\"container\">\n\t\t\t\t<div class=\"elementor-element elementor-element-8ad9230 elementor-widget elementor-widget-heading\" data-id=\"8ad9230\" data-element_type=\"widget\" data-e-type=\"widget\" data-widget_type=\"heading.default\">\n\t\t\t\t\t<h2 class=\"elementor-heading-title elementor-size-default\">Ladestr\u00f6me auf dem Pr\u00fcfstand<\/h2>\t\t\t\t<\/div>\n\t\t\t\t<div class=\"elementor-element elementor-element-9e251e8 elementor-widget elementor-widget-text-editor\" data-id=\"9e251e8\" data-element_type=\"widget\" data-e-type=\"widget\" data-widget_type=\"text-editor.default\">\n\t\t\t\t\t\t\t\t\t<p><span data-contrast=\"auto\">In dem Elektrobus ist die neue <a href=\"http:\/\/phoenixcontact.com\/CHARX-connect-inlets\" target=\"_blank\" rel=\"noopener\">CCS-Fahrzeug-Ladedose<\/a> des Typ 2 von Phoenix\u202fContact verbaut. Mit DC-Leitungsquerschnitten von 120\u202fmm\u00b2 erm\u00f6glicht dieses Inlet eine Batterieladung mit einem Ladestrom von bis zu 400\u202fA. Im Boost Mode, sprich f\u00fcr einen begrenzten Zeitraum w\u00e4hrend des Ladevorgangs, lassen sich sogar Ladestr\u00f6me in H\u00f6he von bis zu 700\u202fA erreichen. Welche Ladeleistung tats\u00e4chlich erreicht werden kann, h\u00e4ngt von einer Vielzahl an Faktoren ab, wie dem Fahrzeug, Au\u00dfentemperaturen sowie von der gek\u00fchlten Ladeinfrastruktur.<\/span><span data-ccp-props=\"{}\">\u00a0<\/span><\/p><p><span data-contrast=\"auto\">Und genau darum ging es dem Team bei dem zweit\u00e4gigen Ladetest des Swiss eBus plus im All Electric Society Park. Nicolas Amacker und Carlo Rindlisbacher wollten herausfinden, ob die im Labor getestete Ladeleistung bei dem Zusammenspiel von Inlet, weiteren Fahrzeugkomponenten und Ladeinfrastruktur auch in der Praxis unter echten Bedingungen und bei warmem Wetter zu erreichen ist.<\/span><span data-ccp-props=\"{}\">\u00a0<\/span><\/p><p><span data-contrast=\"auto\">Ziel war es die Batterie auf 80\u202f% mit einer konstanten Ladeleistung von 350\u202fkW zu laden. Ein weiterer Test zielte auf den Boost Mode ab, da HESS herausfinden wollte, ob das Fahrzeug unter echten sommerlichen Bedingungen mit 500\u202fA geladen werden kann.<\/span><span data-ccp-props=\"{}\">\u00a0<\/span><\/p><p><span data-contrast=\"auto\">\u201eTypische Ladezeiten lagen bei 3 bis 4 Stunden bei fr\u00fcheren Projekten,\u201c wei\u00df Nicolas Amacker. Umso begeisterter war er von den im Test erreichten Ladezeiten: \u201eDas Fahrzeug wurde ungef\u00e4hr in einer halben Stunde von 30 auf 80\u202f% aufgeladen und das ist schon eine sportliche Zeit.\u201c<\/span><span data-ccp-props=\"{}\">\u00a0<\/span><\/p><p><span data-contrast=\"auto\">Auch Carlo Rindlisbacher zeigte sich gl\u00fccklich w\u00e4hrend des Ladetests: \u201eGerade jetzt ziehen wir Strom von der Ladestation mit 500\u202fA, das entspricht etwa 350\u202fkW. Und das ist ein sehr gro\u00dfes Statement: Wir laden mit 350\u202fkW bei einer sehr guten Temperatur.\u201c<\/span><span data-ccp-props=\"{}\">\u00a0<\/span><\/p>\t\t\t\t\t\t\t\t<\/div>\n\t\t\t\t<div class=\"elementor-element elementor-element-32652e4 elementor-widget elementor-widget-image\" data-id=\"32652e4\" data-element_type=\"widget\" data-e-type=\"widget\" data-widget_type=\"image.default\">\n\t\t\t\t\t\t\t\t\t\t\t\t<figure class=\"wp-caption\">\n\t\t\t\t\t\t\t\t\t\t<img loading=\"lazy\" decoding=\"async\" width=\"1536\" height=\"1025\" src=\"https:\/\/www.phoenixcontact-emobility.com\/wp-content\/uploads\/2025\/04\/00200950_full_b5000-1536x1025.jpg\" class=\"attachment-1536x1536 size-1536x1536 wp-image-3104\" alt=\"Stefan Staiber, Michael Heinemann, Linda Cam, Patrick Klinge, Nicolas Amacker, Carlo Rindlisbacher und Mefer Dogan (v.l.). beim E-Bus Ladetest im AES-Park in Blomberg.\" srcset=\"https:\/\/www.phoenixcontact-emobility.com\/wp-content\/uploads\/2025\/04\/00200950_full_b5000-1536x1025.jpg 1536w, https:\/\/www.phoenixcontact-emobility.com\/wp-content\/uploads\/2025\/04\/00200950_full_b5000-300x200.jpg 300w, https:\/\/www.phoenixcontact-emobility.com\/wp-content\/uploads\/2025\/04\/00200950_full_b5000-1024x683.jpg 1024w, https:\/\/www.phoenixcontact-emobility.com\/wp-content\/uploads\/2025\/04\/00200950_full_b5000-768x512.jpg 768w, https:\/\/www.phoenixcontact-emobility.com\/wp-content\/uploads\/2025\/04\/00200950_full_b5000-2048x1366.jpg 2048w, https:\/\/www.phoenixcontact-emobility.com\/wp-content\/uploads\/2025\/04\/00200950_full_b5000-1320x880.jpg 1320w\" sizes=\"(max-width: 1536px) 100vw, 1536px\" \/>\t\t\t\t\t\t\t\t\t\t\t<figcaption class=\"widget-image-caption wp-caption-text\">Stefan Staiber, Michael Heinemann, Linda Cam, Patrick Klinge, Nicolas Amacker, Carlo Rindlisbacher und Mefer Dogan (v.l.). <\/figcaption>\n\t\t\t\t\t\t\t\t\t\t<\/figure>\n\t\t\t\t\t\t\t\t\t<\/div>\n\t\t\t\t<\/div>\n\t\t\t\t\t<\/div>\n\t\t\t\t<\/div>\n\t\t<div class=\"elementor-element elementor-element-92ed8e1 e-flex e-con-boxed e-con e-parent\" data-id=\"92ed8e1\" data-element_type=\"container\" data-e-type=\"container\" data-settings=\"{&quot;background_background&quot;:&quot;classic&quot;}\">\n\t\t\t\t\t<div class=\"e-con-inner\">\n\t\t<div class=\"elementor-element elementor-element-3d47df5 e-con-full e-flex e-con e-child\" data-id=\"3d47df5\" data-element_type=\"container\" data-e-type=\"container\">\n\t\t\t\t<div class=\"elementor-element elementor-element-245e291 elementor-widget elementor-widget-heading\" data-id=\"245e291\" data-element_type=\"widget\" data-e-type=\"widget\" data-widget_type=\"heading.default\">\n\t\t\t\t\t<h2 class=\"elementor-heading-title elementor-size-default\">Test erfolgreich bestanden<\/h2>\t\t\t\t<\/div>\n\t\t\t\t<div class=\"elementor-element elementor-element-127b221 elementor-widget elementor-widget-text-editor\" data-id=\"127b221\" data-element_type=\"widget\" data-e-type=\"widget\" data-widget_type=\"text-editor.default\">\n\t\t\t\t\t\t\t\t\t<p><span data-contrast=\"auto\">Das Team von Phoenix\u202fContact E-Mobility war vollauf zufrieden mit den beiden erfolgreichen Testtagen. Selbst Gesch\u00e4ftsf\u00fchrer Michael Heinemann und Program Manager Patrick Klinge lie\u00dfen es sich nicht nehmen, die Ladetests ebenfalls ein St\u00fcck weit zu begleiten.<\/span><span data-ccp-props=\"{}\">\u00a0<\/span><\/p><p><span data-contrast=\"auto\">\u201eDas war ein voller Erfolg\u201c, freute sich Stefan Staiber mit einem Lachen.<\/span><span data-ccp-props=\"{}\">\u00a0<\/span><\/p><p><span data-contrast=\"auto\">Und auch Nicolas Amacker war auf ganzer (E-Bus-)Linie begeistert: \u201eDieser Test hat uns bei den Messungen, die wir jetzt gemacht haben, gezeigt, dass wir 1-zu-1 die Laborwerte erreichen k\u00f6nnen. Auch in der Praxis. Auch bei warmen Au\u00dfentemperaturen. Und das stimmt uns positiv f\u00fcr die Zukunft.\u201c<\/span><span data-ccp-props=\"{}\">\u00a0<\/span><\/p><p><span data-contrast=\"auto\">Uns ebenfalls. Nach so einer tollen Zusammenarbeit freuen wir uns schon auf den n\u00e4chsten Besuch und sind gespannt auf die Ladestr\u00f6me, die wir dann mit unseren Kunden live auf die Probe stellen d\u00fcrfen.<\/span><span data-ccp-props=\"{}\">\u00a0<\/span><\/p><p><span data-contrast=\"auto\">Wer den SWISS eBus plus einmal live sehen m\u00f6chte, darf sich freuen. Seit September ist der Elektrobus bei den Verkehrsbetrieben Z\u00fcrich (VBZ) im Linienverkehr erfolgreich im Einsatz.<\/span><span data-ccp-props=\"{}\">\u00a0<\/span><\/p>\t\t\t\t\t\t\t\t<\/div>\n\t\t\t\t<\/div>\n\t\t\t\t\t<\/div>\n\t\t\t\t<\/div>\n\t\t<div class=\"elementor-element elementor-element-c875297 e-flex e-con-boxed e-con e-parent\" data-id=\"c875297\" data-element_type=\"container\" data-e-type=\"container\" data-settings=\"{&quot;background_background&quot;:&quot;classic&quot;}\">\n\t\t\t\t\t<div class=\"e-con-inner\">\n\t\t<div class=\"elementor-element elementor-element-addadc8 e-con-full e-flex e-con e-child\" data-id=\"addadc8\" data-element_type=\"container\" data-e-type=\"container\">\n\t\t\t\t<div class=\"elementor-element elementor-element-e93ecb1 elementor-widget elementor-widget-heading\" data-id=\"e93ecb1\" data-element_type=\"widget\" data-e-type=\"widget\" data-widget_type=\"heading.default\">\n\t\t\t\t\t<h2 class=\"elementor-heading-title elementor-size-default\">Der HESS Elektrobus Swiss eBus plus beim Ladetest<\/h2>\t\t\t\t<\/div>\n\t\t\t\t<div class=\"elementor-element elementor-element-8d911f5 elementor-widget elementor-widget-video\" data-id=\"8d911f5\" data-element_type=\"widget\" data-e-type=\"widget\" data-settings=\"{&quot;video_type&quot;:&quot;hosted&quot;,&quot;controls&quot;:&quot;yes&quot;}\" data-widget_type=\"video.default\">\n\t\t\t\t\t\t\t<div class=\"e-hosted-video elementor-wrapper elementor-open-inline\">\n\t\t\t\t\t<video class=\"elementor-video\" src=\"https:\/\/www.phoenixcontact-emobility.com\/wp-content\/uploads\/2025\/04\/24_2_085_01_Hess_E-Bus_Schnelladetest_de_de_1080p.mp4\" controls=\"\" preload=\"metadata\" controlsList=\"nodownload\"><\/video>\n\t\t\t\t<\/div>\n\t\t\t\t\t\t<\/div>\n\t\t<div class=\"elementor-element elementor-element-8c96025 e-con-full e-flex e-con e-child\" data-id=\"8c96025\" data-element_type=\"container\" data-e-type=\"container\">\n\t\t\t\t<div class=\"elementor-element elementor-element-f0c9168 elementor-widget elementor-widget-spacer\" data-id=\"f0c9168\" data-element_type=\"widget\" data-e-type=\"widget\" data-widget_type=\"spacer.default\">\n\t\t\t\t\t\t\t<div class=\"elementor-spacer\">\n\t\t\t<div class=\"elementor-spacer-inner\"><\/div>\n\t\t<\/div>\n\t\t\t\t\t\t<\/div>\n\t\t\t\t<div class=\"elementor-element elementor-element-6a3ed82 elementor-widget elementor-widget-text-editor\" data-id=\"6a3ed82\" data-element_type=\"widget\" data-e-type=\"widget\" data-widget_type=\"text-editor.default\">\n\t\t\t\t\t\t\t\t\t<h5>FAQ<\/h5>\t\t\t\t\t\t\t\t<\/div>\n\t\t\t\t<div class=\"elementor-element elementor-element-e2754cf elementor-widget elementor-widget-text-editor\" data-id=\"e2754cf\" data-element_type=\"widget\" data-e-type=\"widget\" data-widget_type=\"text-editor.default\">\n\t\t\t\t\t\t\t\t\t<h2>H\u00e4ufig gestellte Fragen<\/h2>\t\t\t\t\t\t\t\t<\/div>\n\t\t\t\t<div class=\"elementor-element elementor-element-ddeb34a elementor-widget elementor-widget-n-accordion\" data-id=\"ddeb34a\" data-element_type=\"widget\" data-e-type=\"widget\" data-settings=\"{&quot;default_state&quot;:&quot;all_collapsed&quot;,&quot;max_items_expended&quot;:&quot;multiple&quot;,&quot;n_accordion_animation_duration&quot;:{&quot;unit&quot;:&quot;ms&quot;,&quot;size&quot;:400,&quot;sizes&quot;:[]}}\" data-widget_type=\"nested-accordion.default\">\n\t\t\t\t\t\t\t<div class=\"e-n-accordion\" aria-label=\"Accordion. Open links with Enter or Space, close with Escape, and navigate with Arrow Keys\">\n\t\t\t\t\t\t<details id=\"e-n-accordion-item-2320\" class=\"e-n-accordion-item\" >\n\t\t\t\t<summary class=\"e-n-accordion-item-title\" data-accordion-index=\"1\" tabindex=\"0\" aria-expanded=\"false\" aria-controls=\"e-n-accordion-item-2320\" >\n\t\t\t\t\t<span class='e-n-accordion-item-title-header'><h3 class=\"e-n-accordion-item-title-text\"> Was ist High Power Charging (HPC) und warum ist es f\u00fcr Elektrobusse wichtig? <\/h3><\/span>\n\t\t\t\t\t\t\t<span class='e-n-accordion-item-title-icon'>\n\t\t\t<span class='e-opened' ><svg aria-hidden=\"true\" class=\"e-font-icon-svg e-fas-minus\" viewBox=\"0 0 448 512\" xmlns=\"http:\/\/www.w3.org\/2000\/svg\"><path d=\"M416 208H32c-17.67 0-32 14.33-32 32v32c0 17.67 14.33 32 32 32h384c17.67 0 32-14.33 32-32v-32c0-17.67-14.33-32-32-32z\"><\/path><\/svg><\/span>\n\t\t\t<span class='e-closed'><svg aria-hidden=\"true\" class=\"e-font-icon-svg e-fas-plus\" viewBox=\"0 0 448 512\" xmlns=\"http:\/\/www.w3.org\/2000\/svg\"><path d=\"M416 208H272V64c0-17.67-14.33-32-32-32h-32c-17.67 0-32 14.33-32 32v144H32c-17.67 0-32 14.33-32 32v32c0 17.67 14.33 32 32 32h144v144c0 17.67 14.33 32 32 32h32c17.67 0 32-14.33 32-32V304h144c17.67 0 32-14.33 32-32v-32c0-17.67-14.33-32-32-32z\"><\/path><\/svg><\/span>\n\t\t<\/span>\n\n\t\t\t\t\t\t<\/summary>\n\t\t\t\t<div role=\"region\" aria-labelledby=\"e-n-accordion-item-2320\" class=\"elementor-element elementor-element-491c82e e-con-full e-flex e-con e-child\" data-id=\"491c82e\" data-element_type=\"container\" data-e-type=\"container\">\n\t\t\t\t<div class=\"elementor-element elementor-element-c002a6a elementor-widget elementor-widget-text-editor\" data-id=\"c002a6a\" data-element_type=\"widget\" data-e-type=\"widget\" data-widget_type=\"text-editor.default\">\n\t\t\t\t\t\t\t\t\t<div>Die Fahrzeug-Ladesteuerung \u00fcbernimmt die Kommunikation zwischen Elektrofahrzeug und Ladeinfrastruktur. Sie sorgt daf\u00fcr, dass der Ladevorgang sicher und effizient abl\u00e4uft, indem sie Parameter wie Stromst\u00e4rke, Spannung und Ladefreigabe steuert.\u00a0<\/div>\t\t\t\t\t\t\t\t<\/div>\n\t\t\t\t<\/div>\n\t\t\t\t\t<\/details>\n\t\t\t\t\t\t<details id=\"e-n-accordion-item-2321\" class=\"e-n-accordion-item\" >\n\t\t\t\t<summary class=\"e-n-accordion-item-title\" data-accordion-index=\"2\" tabindex=\"-1\" aria-expanded=\"false\" aria-controls=\"e-n-accordion-item-2321\" >\n\t\t\t\t\t<span class='e-n-accordion-item-title-header'><h3 class=\"e-n-accordion-item-title-text\"> Welche Ladeleistung wurde beim HPC-Test des Swiss eBus plus erzielt? <\/h3><\/span>\n\t\t\t\t\t\t\t<span class='e-n-accordion-item-title-icon'>\n\t\t\t<span class='e-opened' ><svg aria-hidden=\"true\" class=\"e-font-icon-svg e-fas-minus\" viewBox=\"0 0 448 512\" xmlns=\"http:\/\/www.w3.org\/2000\/svg\"><path d=\"M416 208H32c-17.67 0-32 14.33-32 32v32c0 17.67 14.33 32 32 32h384c17.67 0 32-14.33 32-32v-32c0-17.67-14.33-32-32-32z\"><\/path><\/svg><\/span>\n\t\t\t<span class='e-closed'><svg aria-hidden=\"true\" class=\"e-font-icon-svg e-fas-plus\" viewBox=\"0 0 448 512\" xmlns=\"http:\/\/www.w3.org\/2000\/svg\"><path d=\"M416 208H272V64c0-17.67-14.33-32-32-32h-32c-17.67 0-32 14.33-32 32v144H32c-17.67 0-32 14.33-32 32v32c0 17.67 14.33 32 32 32h144v144c0 17.67 14.33 32 32 32h32c17.67 0 32-14.33 32-32V304h144c17.67 0 32-14.33 32-32v-32c0-17.67-14.33-32-32-32z\"><\/path><\/svg><\/span>\n\t\t<\/span>\n\n\t\t\t\t\t\t<\/summary>\n\t\t\t\t<div role=\"region\" aria-labelledby=\"e-n-accordion-item-2321\" class=\"elementor-element elementor-element-0115f51 e-con-full e-flex e-con e-child\" data-id=\"0115f51\" data-element_type=\"container\" data-e-type=\"container\">\n\t\t\t\t<div class=\"elementor-element elementor-element-fbc60e7 elementor-widget elementor-widget-text-editor\" data-id=\"fbc60e7\" data-element_type=\"widget\" data-e-type=\"widget\" data-widget_type=\"text-editor.default\">\n\t\t\t\t\t\t\t\t\t<div>Die CCS-Ladedose (Combined Charging System) erm\u00f6glicht sowohl AC- als auch DC-Laden und ist der europ\u00e4ische Standard f\u00fcr Schnellladung. Sie stellt die physische Schnittstelle zwischen Fahrzeug und Ladestation dar und unterst\u00fctzt hohe Ladeleistungen, die f\u00fcr kurze Ladezeiten entscheidend sind.<\/div>\t\t\t\t\t\t\t\t<\/div>\n\t\t\t\t<\/div>\n\t\t\t\t\t<\/details>\n\t\t\t\t\t<\/div>\n\t\t\t\t\t<script type=\"application\/ld+json\">{\"@context\":\"https:\\\/\\\/schema.org\",\"@type\":\"FAQPage\",\"mainEntity\":[{\"@type\":\"Question\",\"name\":\"Was ist High Power Charging (HPC) und warum ist es f\\u00fcr Elektrobusse wichtig?\",\"acceptedAnswer\":{\"@type\":\"Answer\",\"text\":\"Die Fahrzeug-Ladesteuerung \\u00fcbernimmt die Kommunikation zwischen Elektrofahrzeug und Ladeinfrastruktur. Sie sorgt daf\\u00fcr, dass der Ladevorgang sicher und effizient abl\\u00e4uft, indem sie Parameter wie Stromst\\u00e4rke, Spannung und Ladefreigabe steuert.\\u00a0\"}},{\"@type\":\"Question\",\"name\":\"Welche Ladeleistung wurde beim HPC-Test des Swiss eBus plus erzielt?\",\"acceptedAnswer\":{\"@type\":\"Answer\",\"text\":\"Die CCS-Ladedose (Combined Charging System) erm\\u00f6glicht sowohl AC- als auch DC-Laden und ist der europ\\u00e4ische Standard f\\u00fcr Schnellladung. Sie stellt die physische Schnittstelle zwischen Fahrzeug und Ladestation dar und unterst\\u00fctzt hohe Ladeleistungen, die f\\u00fcr kurze Ladezeiten entscheidend sind.\"}}]}<\/script>\n\t\t\t\t\t\t\t<\/div>\n\t\t\t\t<\/div>\n\t\t<div class=\"elementor-element elementor-element-a72a197 cnt-space e-con-full e-flex e-con e-child\" data-id=\"a72a197\" data-element_type=\"container\" data-e-type=\"container\" data-settings=\"{&quot;background_background&quot;:&quot;classic&quot;}\">\n\t\t<div class=\"elementor-element elementor-element-fb7da5f cnt-space e-con-full e-flex e-con e-child\" data-id=\"fb7da5f\" data-element_type=\"container\" data-e-type=\"container\" data-settings=\"{&quot;background_background&quot;:&quot;classic&quot;}\">\n\t\t<div class=\"elementor-element elementor-element-e75c1f7 e-con-full e-flex e-con e-child\" data-id=\"e75c1f7\" data-element_type=\"container\" data-e-type=\"container\">\n\t\t\t\t<div class=\"elementor-element elementor-element-9161ad1 elementor-widget elementor-widget-heading\" data-id=\"9161ad1\" data-element_type=\"widget\" data-e-type=\"widget\" data-widget_type=\"heading.default\">\n\t\t\t\t\t<h2 class=\"elementor-heading-title elementor-size-default\">Jetzt passende Produkte entdecken<\/h2>\t\t\t\t<\/div>\n\t\t\t\t<div class=\"elementor-element elementor-element-e4c33d2 elementor-widget-divider--view-line elementor-widget elementor-widget-divider\" data-id=\"e4c33d2\" data-element_type=\"widget\" data-e-type=\"widget\" data-widget_type=\"divider.default\">\n\t\t\t\t\t\t\t<div class=\"elementor-divider\">\n\t\t\t<span class=\"elementor-divider-separator\">\n\t\t\t\t\t\t<\/span>\n\t\t<\/div>\n\t\t\t\t\t\t<\/div>\n\t\t\t\t<div class=\"elementor-element elementor-element-ccb0157 elementor-widget elementor-widget-text-editor\" data-id=\"ccb0157\" data-element_type=\"widget\" data-e-type=\"widget\" data-widget_type=\"text-editor.default\">\n\t\t\t\t\t\t\t\t\t<p>Hier finden Sie eine Auswahl relevanter Produkte \u2013 basierend auf den Themen und Empfehlungen aus unserem Blogbeitrag.<\/p>\t\t\t\t\t\t\t\t<\/div>\n\t\t\t\t<\/div>\n\t\t<div class=\"elementor-element elementor-element-17c6627 e-con-full e-grid e-con e-child\" data-id=\"17c6627\" data-element_type=\"container\" data-e-type=\"container\">\n\t\t<div class=\"elementor-element elementor-element-10a7db9 e-con-full txt-box-grid txt-box-grid-dark-green e-flex e-con e-child\" data-id=\"10a7db9\" data-element_type=\"container\" data-e-type=\"container\" data-settings=\"{&quot;background_background&quot;:&quot;classic&quot;}\">\n\t\t\t\t<div class=\"elementor-element elementor-element-94b1892 elementor-widget elementor-widget-image\" data-id=\"94b1892\" data-element_type=\"widget\" data-e-type=\"widget\" data-widget_type=\"image.default\">\n\t\t\t\t\t\t\t\t\t\t\t\t\t\t\t\t<a href=\"http:\/\/phoenixcontact.com\/hpc\" target=\"_blank\" rel=\"noopener\">\n\t\t\t\t\t\t\t<img loading=\"lazy\" decoding=\"async\" width=\"800\" height=\"800\" src=\"https:\/\/www.phoenixcontact-emobility.com\/wp-content\/uploads\/2025\/07\/00202255_1x1_5000-1024x1024.png\" class=\"attachment-large size-large wp-image-9961\" alt=\"\" srcset=\"https:\/\/www.phoenixcontact-emobility.com\/wp-content\/uploads\/2025\/07\/00202255_1x1_5000-1024x1024.png 1024w, https:\/\/www.phoenixcontact-emobility.com\/wp-content\/uploads\/2025\/07\/00202255_1x1_5000-300x300.png 300w, https:\/\/www.phoenixcontact-emobility.com\/wp-content\/uploads\/2025\/07\/00202255_1x1_5000-150x150.png 150w, https:\/\/www.phoenixcontact-emobility.com\/wp-content\/uploads\/2025\/07\/00202255_1x1_5000-768x768.png 768w, https:\/\/www.phoenixcontact-emobility.com\/wp-content\/uploads\/2025\/07\/00202255_1x1_5000-1536x1536.png 1536w, https:\/\/www.phoenixcontact-emobility.com\/wp-content\/uploads\/2025\/07\/00202255_1x1_5000-2048x2048.png 2048w\" sizes=\"(max-width: 800px) 100vw, 800px\" \/>\t\t\t\t\t\t\t\t<\/a>\n\t\t\t\t\t\t\t\t\t\t\t\t\t\t\t<\/div>\n\t\t\t\t<div class=\"elementor-element elementor-element-b240746 elementor-widget elementor-widget-heading\" data-id=\"b240746\" data-element_type=\"widget\" data-e-type=\"widget\" data-widget_type=\"heading.default\">\n\t\t\t\t\t<h3 class=\"elementor-heading-title elementor-size-default\"><a href=\"http:\/\/phoenixcontact.com\/hpc\" target=\"_blank\" rel=\"noopener\">High Power Charging<\/a><\/h3>\t\t\t\t<\/div>\n\t\t\t\t<div class=\"elementor-element elementor-element-467230c elementor-align-right pc-tertiary-link elementor-widget elementor-widget-button\" data-id=\"467230c\" data-element_type=\"widget\" data-e-type=\"widget\" data-widget_type=\"button.default\">\n\t\t\t\t\t\t\t\t\t\t<a class=\"elementor-button elementor-button-link elementor-size-sm\" href=\"http:\/\/phoenixcontact.com\/hpc\" target=\"_blank\" rel=\"noopener\">\n\t\t\t\t\t\t<span class=\"elementor-button-content-wrapper\">\n\t\t\t\t\t\t<span class=\"elementor-button-icon\">\n\t\t\t\t<svg aria-hidden=\"true\" class=\"e-font-icon-svg e-fas-arrow-right\" viewBox=\"0 0 448 512\" xmlns=\"http:\/\/www.w3.org\/2000\/svg\"><path d=\"M190.5 66.9l22.2-22.2c9.4-9.4 24.6-9.4 33.9 0L441 239c9.4 9.4 9.4 24.6 0 33.9L246.6 467.3c-9.4 9.4-24.6 9.4-33.9 0l-22.2-22.2c-9.5-9.5-9.3-25 .4-34.3L311.4 296H24c-13.3 0-24-10.7-24-24v-32c0-13.3 10.7-24 24-24h287.4L190.9 101.2c-9.8-9.3-10-24.8-.4-34.3z\"><\/path><\/svg>\t\t\t<\/span>\n\t\t\t\t\t\t\t\t\t<span class=\"elementor-button-text\">Mehr erfahren<\/span>\n\t\t\t\t\t<\/span>\n\t\t\t\t\t<\/a>\n\t\t\t\t\t\t\t\t<\/div>\n\t\t\t\t<\/div>\n\t\t<div class=\"elementor-element elementor-element-19d0ebd e-con-full txt-box-grid txt-box-grid-dark-green e-flex e-con e-child\" data-id=\"19d0ebd\" data-element_type=\"container\" data-e-type=\"container\" data-settings=\"{&quot;background_background&quot;:&quot;classic&quot;}\">\n\t\t\t\t<div class=\"elementor-element elementor-element-ed31516 elementor-widget elementor-widget-image\" data-id=\"ed31516\" data-element_type=\"widget\" data-e-type=\"widget\" data-widget_type=\"image.default\">\n\t\t\t\t\t\t\t\t\t\t\t\t\t\t\t\t<a href=\"http:\/\/phoenixcontact.com\/CHARX-connect-inlets\" target=\"_blank\" rel=\"noopener\">\n\t\t\t\t\t\t\t<img loading=\"lazy\" decoding=\"async\" width=\"800\" height=\"800\" src=\"https:\/\/www.phoenixcontact-emobility.com\/wp-content\/uploads\/2025\/07\/00035432_1x1_1000.png\" class=\"attachment-large size-large wp-image-10332\" alt=\"Fahrzeug-Ladedosen: CCS-1, CCS-2 und GB\/T\" srcset=\"https:\/\/www.phoenixcontact-emobility.com\/wp-content\/uploads\/2025\/07\/00035432_1x1_1000.png 1000w, https:\/\/www.phoenixcontact-emobility.com\/wp-content\/uploads\/2025\/07\/00035432_1x1_1000-300x300.png 300w, https:\/\/www.phoenixcontact-emobility.com\/wp-content\/uploads\/2025\/07\/00035432_1x1_1000-150x150.png 150w, https:\/\/www.phoenixcontact-emobility.com\/wp-content\/uploads\/2025\/07\/00035432_1x1_1000-768x768.png 768w\" sizes=\"(max-width: 800px) 100vw, 800px\" \/>\t\t\t\t\t\t\t\t<\/a>\n\t\t\t\t\t\t\t\t\t\t\t\t\t\t\t<\/div>\n\t\t\t\t<div class=\"elementor-element elementor-element-5ace275 elementor-widget elementor-widget-heading\" data-id=\"5ace275\" data-element_type=\"widget\" data-e-type=\"widget\" data-widget_type=\"heading.default\">\n\t\t\t\t\t<h3 class=\"elementor-heading-title elementor-size-default\"><a href=\"http:\/\/phoenixcontact.com\/CHARX-connect-inlets\" target=\"_blank\" rel=\"noopener\">Fahrzeug-Ladedosen<\/a><\/h3>\t\t\t\t<\/div>\n\t\t\t\t<div class=\"elementor-element elementor-element-21559f2 elementor-align-right pc-tertiary-link elementor-widget elementor-widget-button\" data-id=\"21559f2\" data-element_type=\"widget\" data-e-type=\"widget\" data-widget_type=\"button.default\">\n\t\t\t\t\t\t\t\t\t\t<a class=\"elementor-button elementor-button-link elementor-size-sm\" href=\"http:\/\/phoenixcontact.com\/CHARX-connect-inlets\" target=\"_blank\" rel=\"noopener\">\n\t\t\t\t\t\t<span class=\"elementor-button-content-wrapper\">\n\t\t\t\t\t\t<span class=\"elementor-button-icon\">\n\t\t\t\t<svg aria-hidden=\"true\" class=\"e-font-icon-svg e-fas-arrow-right\" viewBox=\"0 0 448 512\" xmlns=\"http:\/\/www.w3.org\/2000\/svg\"><path d=\"M190.5 66.9l22.2-22.2c9.4-9.4 24.6-9.4 33.9 0L441 239c9.4 9.4 9.4 24.6 0 33.9L246.6 467.3c-9.4 9.4-24.6 9.4-33.9 0l-22.2-22.2c-9.5-9.5-9.3-25 .4-34.3L311.4 296H24c-13.3 0-24-10.7-24-24v-32c0-13.3 10.7-24 24-24h287.4L190.9 101.2c-9.8-9.3-10-24.8-.4-34.3z\"><\/path><\/svg>\t\t\t<\/span>\n\t\t\t\t\t\t\t\t\t<span class=\"elementor-button-text\">Mehr erfahren<\/span>\n\t\t\t\t\t<\/span>\n\t\t\t\t\t<\/a>\n\t\t\t\t\t\t\t\t<\/div>\n\t\t\t\t<\/div>\n\t\t\t\t<\/div>\n\t\t\t\t<\/div>\n\t\t\t\t<\/div>\n\t\t\t\t<\/div>\n\t\t\t\t\t<\/div>\n\t\t\t\t<\/div>\n\t\t\t\t<\/div>\n\t\t","protected":false},"excerpt":{"rendered":"<p>Elektrobus auf dem Pr\u00fcfstand f\u00fcr High\u202fPower\u202fCharging. Ob das wohl passt? F\u00fcr die High Power Charging (HPC)-Ladetechnik ist Phoenix\u202fContact bekannt. Aber dass im All Electric Society (AES) Park ein HPC-Ladetest mit einem Elektrobus durchgef\u00fchrt wurde, das war selbst f\u00fcr das Unternehmen neu. Der eigentlich f\u00fcr Pkw konzeptionierte und errichtete Ladeparkplatz am Standort des Headquarters in Deutschland [&hellip;]<\/p>\n","protected":false},"author":3,"featured_media":3101,"comment_status":"closed","ping_status":"closed","sticky":false,"template":"","format":"standard","meta":{"_acf_changed":false,"footnotes":""},"categories":[1,71],"tags":[],"class_list":["post-844","post","type-post","status-publish","format-standard","has-post-thumbnail","hentry","category-elektrofahrzeuge","category-referenzen-kategorie"],"acf":[],"_links":{"self":[{"href":"https:\/\/www.phoenixcontact-emobility.com\/de\/wp-json\/wp\/v2\/posts\/844","targetHints":{"allow":["GET"]}}],"collection":[{"href":"https:\/\/www.phoenixcontact-emobility.com\/de\/wp-json\/wp\/v2\/posts"}],"about":[{"href":"https:\/\/www.phoenixcontact-emobility.com\/de\/wp-json\/wp\/v2\/types\/post"}],"author":[{"embeddable":true,"href":"https:\/\/www.phoenixcontact-emobility.com\/de\/wp-json\/wp\/v2\/users\/3"}],"replies":[{"embeddable":true,"href":"https:\/\/www.phoenixcontact-emobility.com\/de\/wp-json\/wp\/v2\/comments?post=844"}],"version-history":[{"count":0,"href":"https:\/\/www.phoenixcontact-emobility.com\/de\/wp-json\/wp\/v2\/posts\/844\/revisions"}],"wp:featuredmedia":[{"embeddable":true,"href":"https:\/\/www.phoenixcontact-emobility.com\/de\/wp-json\/wp\/v2\/media\/3101"}],"wp:attachment":[{"href":"https:\/\/www.phoenixcontact-emobility.com\/de\/wp-json\/wp\/v2\/media?parent=844"}],"wp:term":[{"taxonomy":"category","embeddable":true,"href":"https:\/\/www.phoenixcontact-emobility.com\/de\/wp-json\/wp\/v2\/categories?post=844"},{"taxonomy":"post_tag","embeddable":true,"href":"https:\/\/www.phoenixcontact-emobility.com\/de\/wp-json\/wp\/v2\/tags?post=844"}],"curies":[{"name":"wp","href":"https:\/\/api.w.org\/{rel}","templated":true}]}}