{"id":9911,"date":"2025-07-18T08:00:00","date_gmt":"2025-07-18T06:00:00","guid":{"rendered":"https:\/\/www.phoenixcontact-emobility.com\/?p=9911"},"modified":"2025-12-16T08:49:44","modified_gmt":"2025-12-16T06:49:44","slug":"ac-ladesteuerung","status":"publish","type":"post","link":"https:\/\/www.phoenixcontact-emobility.com\/de\/news-und-events\/ladeinfrastruktur\/ac-ladesteuerung\/","title":{"rendered":"Warum Ladeinfrastruktur mehr k\u00f6nnen muss  \u2013 und wie die AC-Ladesteuerung CHARX control modular den Unterschied macht"},"content":{"rendered":"\t\t<div data-elementor-type=\"wp-post\" data-elementor-id=\"9911\" class=\"elementor elementor-9911\" data-elementor-post-type=\"post\">\n\t\t\t\t<div class=\"elementor-element elementor-element-58b9d77 e-flex e-con-boxed e-con e-parent\" data-id=\"58b9d77\" data-element_type=\"container\" data-e-type=\"container\" data-settings=\"{&quot;background_background&quot;:&quot;classic&quot;}\">\n\t\t\t\t\t<div class=\"e-con-inner\">\n\t\t<div class=\"elementor-element elementor-element-3d3b3c4 e-con-full e-flex e-con e-child\" data-id=\"3d3b3c4\" data-element_type=\"container\" data-e-type=\"container\">\n\t\t\t\t<div class=\"elementor-element elementor-element-f44a387 elementor-widget elementor-widget-text-editor\" data-id=\"f44a387\" data-element_type=\"widget\" data-e-type=\"widget\" data-widget_type=\"text-editor.default\">\n\t\t\t\t\t\t\t\t\t<p>Cybersecurity, regulatorische Anforderungen, Zukunftsf\u00e4higkeit \u2013 klingt kompliziert? Muss es nicht sein.<\/p><p>In einer Zeit, in der E-Mobility-Ladeinfrastruktur nicht nur Strom liefern, sondern auch sicher, vernetzt und gesetzeskonform funktionieren muss, braucht es L\u00f6sungen, die mitdenken. Untersch\u00e4tzt werden dabei oftmals die wachsenden regulatorischen Anforderungen \u2013 und genau hier setzt Phoenix Contact mit seiner AC-Ladesteuerung CHARX control modular an.<\/p>\t\t\t\t\t\t\t\t<\/div>\n\t\t\t\t<div class=\"elementor-element elementor-element-ed31fa4 elementor-widget elementor-widget-image\" data-id=\"ed31fa4\" data-element_type=\"widget\" data-e-type=\"widget\" data-widget_type=\"image.default\">\n\t\t\t\t\t\t\t\t\t\t\t\t<figure class=\"wp-caption\">\n\t\t\t\t\t\t\t\t\t\t<img fetchpriority=\"high\" decoding=\"async\" width=\"800\" height=\"534\" src=\"https:\/\/www.phoenixcontact-emobility.com\/wp-content\/uploads\/2025\/07\/00185968_full_b5000-1024x683.jpg\" class=\"attachment-large size-large wp-image-9883\" alt=\"Zwei Personen stehen im All Electric Society-Park. Zu sehen sind zwei AC-Lades\u00e4ulen, an denen jeweils ein Auto angeschlossen ist und l\u00e4dt.\" srcset=\"https:\/\/www.phoenixcontact-emobility.com\/wp-content\/uploads\/2025\/07\/00185968_full_b5000-1024x683.jpg 1024w, https:\/\/www.phoenixcontact-emobility.com\/wp-content\/uploads\/2025\/07\/00185968_full_b5000-300x200.jpg 300w, https:\/\/www.phoenixcontact-emobility.com\/wp-content\/uploads\/2025\/07\/00185968_full_b5000-768x512.jpg 768w, https:\/\/www.phoenixcontact-emobility.com\/wp-content\/uploads\/2025\/07\/00185968_full_b5000-1536x1025.jpg 1536w, https:\/\/www.phoenixcontact-emobility.com\/wp-content\/uploads\/2025\/07\/00185968_full_b5000-2048x1366.jpg 2048w\" sizes=\"(max-width: 800px) 100vw, 800px\" \/>\t\t\t\t\t\t\t\t\t\t\t<figcaption class=\"widget-image-caption wp-caption-text\">Die AC-Ladesteuerung CHARX control modular ist das Herzst\u00fcck smarter Ladeinfrastruktur \u2013 sicher, skalierbar und zukunftsf\u00e4hig.<\/figcaption>\n\t\t\t\t\t\t\t\t\t\t<\/figure>\n\t\t\t\t\t\t\t\t\t<\/div>\n\t\t\t\t<div class=\"elementor-element elementor-element-747486d elementor-widget elementor-widget-heading\" data-id=\"747486d\" data-element_type=\"widget\" data-e-type=\"widget\" data-widget_type=\"heading.default\">\n\t\t\t\t\t<h2 class=\"elementor-heading-title elementor-size-default\">Die Herausforderung: Komplexit\u00e4t trifft auf Verantwortung<\/h2>\t\t\t\t<\/div>\n\t\t\t\t<div class=\"elementor-element elementor-element-0f1a792 elementor-widget elementor-widget-text-editor\" data-id=\"0f1a792\" data-element_type=\"widget\" data-e-type=\"widget\" data-widget_type=\"text-editor.default\">\n\t\t\t\t\t\t\t\t\t<p>Ladeinfrastruktur ist l\u00e4ngst mehr als ein Stromanschluss. Betreiber m\u00fcssen heute eichrechtskonform abrechnen, Cyberangriffe abwehren, neue Funktionen wie Plug-and-Charge oder Vehicle-to-Grid integrieren und dabei\u00a0gesetzliche Vorgaben wie die RED-Richtlinie (ab August 2025) und den Cyber Resilience Act (ab 2027)\u00a0erf\u00fcllen.<\/p><p>Neue und bereits bestehende Ladeinfrastruktur am Markt muss sich nun diversen Herausforderungen stellen: \u00a0Updates sind kompliziert, Zertifizierungen gehen verloren, Hardware muss getauscht werden. Das kostet Zeit, Geld und Nerven.<\/p>\t\t\t\t\t\t\t\t<\/div>\n\t\t\t\t<div class=\"elementor-element elementor-element-3a70dc8 elementor-widget elementor-widget-image\" data-id=\"3a70dc8\" data-element_type=\"widget\" data-e-type=\"widget\" data-widget_type=\"image.default\">\n\t\t\t\t\t\t\t\t\t\t\t\t<figure class=\"wp-caption\">\n\t\t\t\t\t\t\t\t\t\t<img decoding=\"async\" width=\"800\" height=\"427\" src=\"https:\/\/www.phoenixcontact-emobility.com\/wp-content\/uploads\/2025\/07\/00041657_full_b5000-1024x546.jpg\" class=\"attachment-large size-large wp-image-9889\" alt=\"Dank offener Schnittstellen l\u00e4sst sich CHARX control modular nahtlos in Smart Grids, Geb\u00e4udeleittechnik und Backend-Systeme integrieren.\" srcset=\"https:\/\/www.phoenixcontact-emobility.com\/wp-content\/uploads\/2025\/07\/00041657_full_b5000-1024x546.jpg 1024w, https:\/\/www.phoenixcontact-emobility.com\/wp-content\/uploads\/2025\/07\/00041657_full_b5000-300x160.jpg 300w, https:\/\/www.phoenixcontact-emobility.com\/wp-content\/uploads\/2025\/07\/00041657_full_b5000-768x410.jpg 768w, https:\/\/www.phoenixcontact-emobility.com\/wp-content\/uploads\/2025\/07\/00041657_full_b5000-1536x820.jpg 1536w, https:\/\/www.phoenixcontact-emobility.com\/wp-content\/uploads\/2025\/07\/00041657_full_b5000-2048x1093.jpg 2048w\" sizes=\"(max-width: 800px) 100vw, 800px\" \/>\t\t\t\t\t\t\t\t\t\t\t<figcaption class=\"widget-image-caption wp-caption-text\">Dank offener Schnittstellen l\u00e4sst sich CHARX control modular nahtlos in Smart Grids, Geb\u00e4udeleittechnik und Backend-Systeme integrieren.<\/figcaption>\n\t\t\t\t\t\t\t\t\t\t<\/figure>\n\t\t\t\t\t\t\t\t\t<\/div>\n\t\t\t\t<div class=\"elementor-element elementor-element-3f04761 elementor-widget elementor-widget-heading\" data-id=\"3f04761\" data-element_type=\"widget\" data-e-type=\"widget\" data-widget_type=\"heading.default\">\n\t\t\t\t\t<h2 class=\"elementor-heading-title elementor-size-default\">Die L\u00f6sung: Eine AC-Ladesteuerung, die mitdenkt<\/h2>\t\t\t\t<\/div>\n\t\t\t\t<div class=\"elementor-element elementor-element-fbc4f9f elementor-widget elementor-widget-text-editor\" data-id=\"fbc4f9f\" data-element_type=\"widget\" data-e-type=\"widget\" data-widget_type=\"text-editor.default\">\n\t\t\t\t\t\t\t\t\t<p>CHARX control modular\u00a0ist mehr als eine AC-Ladesteuerung \u2013 es ist das\u00a0intelligente Herzst\u00fcck\u00a0moderner Ladeinfrastruktur.<\/p><p>Was die Ladesteuerung von Phoenix Contact besonders macht:<\/p><ul><li>Modular und skalierbar: Vom einzelnen Ladepunkt bis zum Ladepark.<\/li><li>Offene Plattform: Unterst\u00fctzt alle g\u00e4ngigen Protokolle wie ISO 15118, OCPP, MQTT, Modbus\/TCP.<\/li><li>Zukunftssicher: Neue Funktionen lassen sich per Software-Update nachr\u00fcsten \u2013 ohne Zertifikatsverlust.<\/li><li>Sicher von Anfang an: Inklusive regelm\u00e4\u00dfiger Security-Updates und Schutzmechanismen nach aktuellen Standards.<\/li><\/ul>\t\t\t\t\t\t\t\t<\/div>\n\t\t\t\t<div class=\"elementor-element elementor-element-0815479 elementor-widget elementor-widget-image\" data-id=\"0815479\" data-element_type=\"widget\" data-e-type=\"widget\" data-widget_type=\"image.default\">\n\t\t\t\t\t\t\t\t\t\t\t\t<figure class=\"wp-caption\">\n\t\t\t\t\t\t\t\t\t\t<img decoding=\"async\" width=\"300\" height=\"200\" src=\"https:\/\/www.phoenixcontact-emobility.com\/wp-content\/uploads\/2025\/07\/00032351_full_b5000-300x200.jpg\" class=\"attachment-medium size-medium wp-image-9885\" alt=\"AC-Ladesteuerung mit modularer Bauweise wird veranschaulicht.\" srcset=\"https:\/\/www.phoenixcontact-emobility.com\/wp-content\/uploads\/2025\/07\/00032351_full_b5000-300x200.jpg 300w, https:\/\/www.phoenixcontact-emobility.com\/wp-content\/uploads\/2025\/07\/00032351_full_b5000-1024x682.jpg 1024w, https:\/\/www.phoenixcontact-emobility.com\/wp-content\/uploads\/2025\/07\/00032351_full_b5000-768x512.jpg 768w, https:\/\/www.phoenixcontact-emobility.com\/wp-content\/uploads\/2025\/07\/00032351_full_b5000-1536x1024.jpg 1536w, https:\/\/www.phoenixcontact-emobility.com\/wp-content\/uploads\/2025\/07\/00032351_full_b5000-2048x1365.jpg 2048w\" sizes=\"(max-width: 300px) 100vw, 300px\" \/>\t\t\t\t\t\t\t\t\t\t\t<figcaption class=\"widget-image-caption wp-caption-text\">Die modulare Bauweise erm\u00f6glicht eine einfache Skalierung vom Ladepunkt zum Ladepark \u2013 mit minimalem Verdrahtungsaufwand.<\/figcaption>\n\t\t\t\t\t\t\t\t\t\t<\/figure>\n\t\t\t\t\t\t\t\t\t<\/div>\n\t\t\t\t<div class=\"elementor-element elementor-element-70b3370 elementor-widget elementor-widget-heading\" data-id=\"70b3370\" data-element_type=\"widget\" data-e-type=\"widget\" data-widget_type=\"heading.default\">\n\t\t\t\t\t<h2 class=\"elementor-heading-title elementor-size-default\">Cybersecurity? Immer mitgedacht.<\/h2>\t\t\t\t<\/div>\n\t\t\t\t<div class=\"elementor-element elementor-element-3f46848 elementor-widget elementor-widget-text-editor\" data-id=\"3f46848\" data-element_type=\"widget\" data-e-type=\"widget\" data-widget_type=\"text-editor.default\">\n\t\t\t\t\t\t\t\t\t<p>W\u00e4hrend viele Anbieter noch \u00fcberlegen, wie sie die neuen Sicherheitsanforderungen umsetzen, ist <a href=\"https:\/\/phoe.co\/CHARX_control_modular\" target=\"_blank\" rel=\"noopener\">CHARX control modular<\/a> bereits heute vorbereitet. Durch kostenlose Software-Updates werden kommenden Vorgaben der <a href=\"https:\/\/www.phoenixcontact-emobility.com\/de\/news-und-events\/ladeinfrastruktur\/cybersecurity-ac-ladeinfrastruktur-red-und-cra\/\">RED-Richtlinie und des CRA<\/a> erf\u00fcllt. Damit begleitet Phoenix Contact seine Kunden auf dem Weg zu einer sicheren und konformen AC-Ladeinfrastruktur.<\/p>\t\t\t\t\t\t\t\t<\/div>\n\t\t\t\t<div class=\"elementor-element elementor-element-72d2e93 elementor-widget elementor-widget-heading\" data-id=\"72d2e93\" data-element_type=\"widget\" data-e-type=\"widget\" data-widget_type=\"heading.default\">\n\t\t\t\t\t<h2 class=\"elementor-heading-title elementor-size-default\">Regulatorik als Wettbewerbsvorteil<\/h2>\t\t\t\t<\/div>\n\t\t\t\t<div class=\"elementor-element elementor-element-517b3fe elementor-widget elementor-widget-text-editor\" data-id=\"517b3fe\" data-element_type=\"widget\" data-e-type=\"widget\" data-widget_type=\"text-editor.default\">\n\t\t\t\t\t\t\t\t\t<p>Gerade im Bereich\u00a0<a href=\"https:\/\/www.phoenixcontact-emobility.com\/de\/news-und-events\/ladeinfrastruktur\/cybersecurity-ac-ladeinfrastruktur-red-und-cra\/\">Cybersecurity<\/a> und Konformit\u00e4t\u00a0zeigt sich ein klarer Unterschied:<br \/>Phoenix Contact denkt regulatorische Anforderungen von Anfang an mit. Damit nimmt das Unternehmen seinen Kunden eine gro\u00dfe Last ab. Gerade im Hinblick auf neue gesetzliche Vorgaben, oft komplex und dynamisch, ist es hilfreich, auf eine L\u00f6sung zu setzen, die diese bereits ber\u00fccksichtigt. Ein starker Vorteil in einem sich wandelnden Markt.<\/p>\t\t\t\t\t\t\t\t<\/div>\n\t\t\t\t<div class=\"elementor-element elementor-element-0f2c7a5 elementor-widget elementor-widget-heading\" data-id=\"0f2c7a5\" data-element_type=\"widget\" data-e-type=\"widget\" data-widget_type=\"heading.default\">\n\t\t\t\t\t<h2 class=\"elementor-heading-title elementor-size-default\">Einfach in der Praxis \u2013 stark im Hintergrund<\/h2>\t\t\t\t<\/div>\n\t\t\t\t<div class=\"elementor-element elementor-element-9dca198 elementor-widget elementor-widget-text-editor\" data-id=\"9dca198\" data-element_type=\"widget\" data-e-type=\"widget\" data-widget_type=\"text-editor.default\">\n\t\t\t\t\t\t\t\t\t<p>Die Inbetriebnahme von CHARX control modular ist denkbar einfach: Plug-and-Play-Module, Web-based Management, Fernzugriff via VPN \u2013 alles dabei. Und wenn doch mal Fragen auftauchen, hilft der mehrstufige Support von Phoenix Contact schnell und kompetent weiter.<\/p><p>Entdecken Sie, wie die intelligente <a href=\"https:\/\/www.phoenixcontact-emobility.com\/de\/news-und-events\/ladeinfrastruktur\/intelligente-ladeinfrastruktur-trifft-design-rzb-energy\/\">Ladeinfrastruktur von Phoenix Contact in der Praxis<\/a> \u00fcberzeugt.<\/p>\t\t\t\t\t\t\t\t<\/div>\n\t\t\t\t<div class=\"elementor-element elementor-element-f61cc87 elementor-widget elementor-widget-heading\" data-id=\"f61cc87\" data-element_type=\"widget\" data-e-type=\"widget\" data-widget_type=\"heading.default\">\n\t\t\t\t\t<h2 class=\"elementor-heading-title elementor-size-default\">r.energy Fachmagazin<\/h2>\t\t\t\t<\/div>\n\t\t\t\t<div class=\"elementor-element elementor-element-e0a76d5 elementor-widget elementor-widget-text-editor\" data-id=\"e0a76d5\" data-element_type=\"widget\" data-e-type=\"widget\" data-widget_type=\"text-editor.default\">\n\t\t\t\t\t\t\t\t\t<p>In der <a href=\"https:\/\/issuu.com\/docs\/986a8c9f0a7c1ec4e4f138c2cb1bea76?cmp=nl-76c3fdd2-754c-4c07-8fb4-d52ad94ab5e3&amp;uuid=2896B21A-3EFD-42E5-A004-A45F4EF625BB\" target=\"_blank\" rel=\"noopener\">Ausgabe 05\/2025<\/a> berichtet das Fachmagazin r.energy \u00fcber die AC-Ladesteuerung <a href=\"https:\/\/phoe.co\/CHARX_control_modular\" target=\"_blank\" rel=\"noopener\">CHARX control modular<\/a> und die regulatorischen Anforderungen wie das Eichrecht, AFIR und Cybersecurity.\u00a0<\/p>\t\t\t\t\t\t\t\t<\/div>\n\t\t\t\t<div class=\"elementor-element elementor-element-17a6dc2 elementor-widget elementor-widget-image\" data-id=\"17a6dc2\" data-element_type=\"widget\" data-e-type=\"widget\" data-widget_type=\"image.default\">\n\t\t\t\t\t\t\t\t\t\t\t\t\t\t\t<img loading=\"lazy\" decoding=\"async\" width=\"300\" height=\"211\" src=\"https:\/\/www.phoenixcontact-emobility.com\/wp-content\/uploads\/2025\/07\/E-Paper-r.energy-05_2025-300x211.jpg\" class=\"attachment-medium size-medium wp-image-13308\" alt=\"AC-Ladesteuerung CHARX control modular im e-Paper von r.energy\" srcset=\"https:\/\/www.phoenixcontact-emobility.com\/wp-content\/uploads\/2025\/07\/E-Paper-r.energy-05_2025-300x211.jpg 300w, https:\/\/www.phoenixcontact-emobility.com\/wp-content\/uploads\/2025\/07\/E-Paper-r.energy-05_2025-1024x719.jpg 1024w, https:\/\/www.phoenixcontact-emobility.com\/wp-content\/uploads\/2025\/07\/E-Paper-r.energy-05_2025-768x539.jpg 768w, https:\/\/www.phoenixcontact-emobility.com\/wp-content\/uploads\/2025\/07\/E-Paper-r.energy-05_2025.jpg 1130w\" sizes=\"(max-width: 300px) 100vw, 300px\" \/>\t\t\t\t\t\t\t\t\t\t\t\t\t\t\t<\/div>\n\t\t\t\t<div class=\"elementor-element elementor-element-25f9ca0 elementor-align-right elementor-widget elementor-widget-button\" data-id=\"25f9ca0\" data-element_type=\"widget\" data-e-type=\"widget\" data-widget_type=\"button.default\">\n\t\t\t\t\t\t\t\t\t\t<a class=\"elementor-button elementor-button-link elementor-size-sm\" href=\"https:\/\/issuu.com\/docs\/986a8c9f0a7c1ec4e4f138c2cb1bea76?cmp=nl-76c3fdd2-754c-4c07-8fb4-d52ad94ab5e3&#038;uuid=2896B21A-3EFD-42E5-A004-A45F4EF625BB\" target=\"_blank\" rel=\"noopener\">\n\t\t\t\t\t\t<span class=\"elementor-button-content-wrapper\">\n\t\t\t\t\t\t<span class=\"elementor-button-icon\">\n\t\t\t\t<svg aria-hidden=\"true\" class=\"e-font-icon-svg e-fas-arrow-right\" viewBox=\"0 0 448 512\" xmlns=\"http:\/\/www.w3.org\/2000\/svg\"><path d=\"M190.5 66.9l22.2-22.2c9.4-9.4 24.6-9.4 33.9 0L441 239c9.4 9.4 9.4 24.6 0 33.9L246.6 467.3c-9.4 9.4-24.6 9.4-33.9 0l-22.2-22.2c-9.5-9.5-9.3-25 .4-34.3L311.4 296H24c-13.3 0-24-10.7-24-24v-32c0-13.3 10.7-24 24-24h287.4L190.9 101.2c-9.8-9.3-10-24.8-.4-34.3z\"><\/path><\/svg>\t\t\t<\/span>\n\t\t\t\t\t\t\t\t\t<span class=\"elementor-button-text\">Zum Fachmagazin  Ausgabe 05 | 2025<\/span>\n\t\t\t\t\t<\/span>\n\t\t\t\t\t<\/a>\n\t\t\t\t\t\t\t\t<\/div>\n\t\t\t\t<div class=\"elementor-element elementor-element-2e40857 elementor-widget elementor-widget-heading\" data-id=\"2e40857\" data-element_type=\"widget\" data-e-type=\"widget\" data-widget_type=\"heading.default\">\n\t\t\t\t\t<h2 class=\"elementor-heading-title elementor-size-default\">Fazit: Rundum sorglos \u2013 heute und morgen<\/h2>\t\t\t\t<\/div>\n\t\t\t\t<div class=\"elementor-element elementor-element-1ca2455 elementor-widget elementor-widget-text-editor\" data-id=\"1ca2455\" data-element_type=\"widget\" data-e-type=\"widget\" data-widget_type=\"text-editor.default\">\n\t\t\t\t\t\t\t\t\t<p>Mit der <a href=\"https:\/\/www.phoenixcontact-emobility.com\/de\/produkte\/\">AC-Ladesteuerung CHARX control<\/a> modular erhalten Hersteller und Betreiber eine L\u00f6sung, die nicht nur technisch \u00fcberzeugt, sondern auch absichert und langfristig mitw\u00e4chst.<br \/>Ein echtes Rundum-Sorglos-Paket, das Ladeinfrastruktur zukunftsf\u00e4hig macht und dabei hilft, sich auf das Wesentliche zu konzentrieren: das eigene Kerngesch\u00e4ft.<\/p>\t\t\t\t\t\t\t\t<\/div>\n\t\t\t\t<div class=\"elementor-element elementor-element-bbc1267 elementor-widget elementor-widget-spacer\" data-id=\"bbc1267\" data-element_type=\"widget\" data-e-type=\"widget\" data-widget_type=\"spacer.default\">\n\t\t\t\t\t\t\t<div class=\"elementor-spacer\">\n\t\t\t<div class=\"elementor-spacer-inner\"><\/div>\n\t\t<\/div>\n\t\t\t\t\t\t<\/div>\n\t\t\t\t<div class=\"elementor-element elementor-element-bfce106 elementor-widget elementor-widget-text-editor\" data-id=\"bfce106\" data-element_type=\"widget\" data-e-type=\"widget\" data-widget_type=\"text-editor.default\">\n\t\t\t\t\t\t\t\t\t<h5>FAQ<\/h5>\t\t\t\t\t\t\t\t<\/div>\n\t\t\t\t<div class=\"elementor-element elementor-element-92f05a5 elementor-widget elementor-widget-text-editor\" data-id=\"92f05a5\" data-element_type=\"widget\" data-e-type=\"widget\" data-widget_type=\"text-editor.default\">\n\t\t\t\t\t\t\t\t\t<h2>H\u00e4ufig gestellte Fragen<\/h2>\t\t\t\t\t\t\t\t<\/div>\n\t\t\t\t<div class=\"elementor-element elementor-element-57452d2 elementor-widget elementor-widget-n-accordion\" data-id=\"57452d2\" data-element_type=\"widget\" data-e-type=\"widget\" data-settings=\"{&quot;default_state&quot;:&quot;all_collapsed&quot;,&quot;max_items_expended&quot;:&quot;multiple&quot;,&quot;n_accordion_animation_duration&quot;:{&quot;unit&quot;:&quot;ms&quot;,&quot;size&quot;:400,&quot;sizes&quot;:[]}}\" data-widget_type=\"nested-accordion.default\">\n\t\t\t\t\t\t\t<div class=\"e-n-accordion\" aria-label=\"Accordion. Open links with Enter or Space, close with Escape, and navigate with Arrow Keys\">\n\t\t\t\t\t\t<details id=\"e-n-accordion-item-9150\" class=\"e-n-accordion-item\" >\n\t\t\t\t<summary class=\"e-n-accordion-item-title\" data-accordion-index=\"1\" tabindex=\"0\" aria-expanded=\"false\" aria-controls=\"e-n-accordion-item-9150\" >\n\t\t\t\t\t<span class='e-n-accordion-item-title-header'><h3 class=\"e-n-accordion-item-title-text\"> Was ist eine AC-Ladesteuerung und warum ist sie wichtig? <\/h3><\/span>\n\t\t\t\t\t\t\t<span class='e-n-accordion-item-title-icon'>\n\t\t\t<span class='e-opened' ><svg aria-hidden=\"true\" class=\"e-font-icon-svg e-fas-minus\" viewBox=\"0 0 448 512\" xmlns=\"http:\/\/www.w3.org\/2000\/svg\"><path d=\"M416 208H32c-17.67 0-32 14.33-32 32v32c0 17.67 14.33 32 32 32h384c17.67 0 32-14.33 32-32v-32c0-17.67-14.33-32-32-32z\"><\/path><\/svg><\/span>\n\t\t\t<span class='e-closed'><svg aria-hidden=\"true\" class=\"e-font-icon-svg e-fas-plus\" viewBox=\"0 0 448 512\" xmlns=\"http:\/\/www.w3.org\/2000\/svg\"><path d=\"M416 208H272V64c0-17.67-14.33-32-32-32h-32c-17.67 0-32 14.33-32 32v144H32c-17.67 0-32 14.33-32 32v32c0 17.67 14.33 32 32 32h144v144c0 17.67 14.33 32 32 32h32c17.67 0 32-14.33 32-32V304h144c17.67 0 32-14.33 32-32v-32c0-17.67-14.33-32-32-32z\"><\/path><\/svg><\/span>\n\t\t<\/span>\n\n\t\t\t\t\t\t<\/summary>\n\t\t\t\t<div role=\"region\" aria-labelledby=\"e-n-accordion-item-9150\" class=\"elementor-element elementor-element-1457372 e-con-full e-flex e-con e-child\" data-id=\"1457372\" data-element_type=\"container\" data-e-type=\"container\">\n\t\t\t\t<div class=\"elementor-element elementor-element-8107a78 elementor-widget elementor-widget-text-editor\" data-id=\"8107a78\" data-element_type=\"widget\" data-e-type=\"widget\" data-widget_type=\"text-editor.default\">\n\t\t\t\t\t\t\t\t\t<div>Eine AC-Ladesteuerung regelt den Ladevorgang von Elektrofahrzeugen an Wechselstrom-Ladestationen. Sie sorgt f\u00fcr eine sichere Kommunikation zwischen E-Fahrzeug und Ladepunkt, \u00fcberwacht den Energiefluss und erm\u00f6glicht eine effiziente Lastverteilung. F\u00fcr Betreiber ist sie entscheidend, um die Netzstabilit\u00e4t zu gew\u00e4hrleisten und die Ladeinfrastruktur zuverl\u00e4ssig zu betreiben.<\/div>\t\t\t\t\t\t\t\t<\/div>\n\t\t\t\t<\/div>\n\t\t\t\t\t<\/details>\n\t\t\t\t\t\t<details id=\"e-n-accordion-item-9151\" class=\"e-n-accordion-item\" >\n\t\t\t\t<summary class=\"e-n-accordion-item-title\" data-accordion-index=\"2\" tabindex=\"-1\" aria-expanded=\"false\" aria-controls=\"e-n-accordion-item-9151\" >\n\t\t\t\t\t<span class='e-n-accordion-item-title-header'><h3 class=\"e-n-accordion-item-title-text\"> Welche Vorteile bietet eine intelligente AC-Ladesteuerung? <\/h3><\/span>\n\t\t\t\t\t\t\t<span class='e-n-accordion-item-title-icon'>\n\t\t\t<span class='e-opened' ><svg aria-hidden=\"true\" class=\"e-font-icon-svg e-fas-minus\" viewBox=\"0 0 448 512\" xmlns=\"http:\/\/www.w3.org\/2000\/svg\"><path d=\"M416 208H32c-17.67 0-32 14.33-32 32v32c0 17.67 14.33 32 32 32h384c17.67 0 32-14.33 32-32v-32c0-17.67-14.33-32-32-32z\"><\/path><\/svg><\/span>\n\t\t\t<span class='e-closed'><svg aria-hidden=\"true\" class=\"e-font-icon-svg e-fas-plus\" viewBox=\"0 0 448 512\" xmlns=\"http:\/\/www.w3.org\/2000\/svg\"><path d=\"M416 208H272V64c0-17.67-14.33-32-32-32h-32c-17.67 0-32 14.33-32 32v144H32c-17.67 0-32 14.33-32 32v32c0 17.67 14.33 32 32 32h144v144c0 17.67 14.33 32 32 32h32c17.67 0 32-14.33 32-32V304h144c17.67 0 32-14.33 32-32v-32c0-17.67-14.33-32-32-32z\"><\/path><\/svg><\/span>\n\t\t<\/span>\n\n\t\t\t\t\t\t<\/summary>\n\t\t\t\t<div role=\"region\" aria-labelledby=\"e-n-accordion-item-9151\" class=\"elementor-element elementor-element-780a27d e-con-full e-flex e-con e-child\" data-id=\"780a27d\" data-element_type=\"container\" data-e-type=\"container\">\n\t\t\t\t<div class=\"elementor-element elementor-element-d2a1285 elementor-widget elementor-widget-text-editor\" data-id=\"d2a1285\" data-element_type=\"widget\" data-e-type=\"widget\" data-widget_type=\"text-editor.default\">\n\t\t\t\t\t\t\t\t\t<div>Eine AC-Ladesteuerung erm\u00f6glicht dynamisches Lastmanagement, reduziert Betriebskosten und unterst\u00fctzt die Integration erneuerbarer Energien. Zudem steigert sie die Nutzerfreundlichkeit durch Funktionen wie Plug &amp; Charge und sorgt f\u00fcr eine zukunftssichere Ladeinfrastruktur.<\/div>\t\t\t\t\t\t\t\t<\/div>\n\t\t\t\t<\/div>\n\t\t\t\t\t<\/details>\n\t\t\t\t\t\t<details id=\"e-n-accordion-item-9152\" class=\"e-n-accordion-item\" >\n\t\t\t\t<summary class=\"e-n-accordion-item-title\" data-accordion-index=\"3\" tabindex=\"-1\" aria-expanded=\"false\" aria-controls=\"e-n-accordion-item-9152\" >\n\t\t\t\t\t<span class='e-n-accordion-item-title-header'><h3 class=\"e-n-accordion-item-title-text\"> F\u00fcr welche Anwendungen eignet sich eine AC-Ladesteuerung? <\/h3><\/span>\n\t\t\t\t\t\t\t<span class='e-n-accordion-item-title-icon'>\n\t\t\t<span class='e-opened' ><svg aria-hidden=\"true\" class=\"e-font-icon-svg e-fas-minus\" viewBox=\"0 0 448 512\" xmlns=\"http:\/\/www.w3.org\/2000\/svg\"><path d=\"M416 208H32c-17.67 0-32 14.33-32 32v32c0 17.67 14.33 32 32 32h384c17.67 0 32-14.33 32-32v-32c0-17.67-14.33-32-32-32z\"><\/path><\/svg><\/span>\n\t\t\t<span class='e-closed'><svg aria-hidden=\"true\" class=\"e-font-icon-svg e-fas-plus\" viewBox=\"0 0 448 512\" xmlns=\"http:\/\/www.w3.org\/2000\/svg\"><path d=\"M416 208H272V64c0-17.67-14.33-32-32-32h-32c-17.67 0-32 14.33-32 32v144H32c-17.67 0-32 14.33-32 32v32c0 17.67 14.33 32 32 32h144v144c0 17.67 14.33 32 32 32h32c17.67 0 32-14.33 32-32V304h144c17.67 0 32-14.33 32-32v-32c0-17.67-14.33-32-32-32z\"><\/path><\/svg><\/span>\n\t\t<\/span>\n\n\t\t\t\t\t\t<\/summary>\n\t\t\t\t<div role=\"region\" aria-labelledby=\"e-n-accordion-item-9152\" class=\"elementor-element elementor-element-70356db e-con-full e-flex e-con e-child\" data-id=\"70356db\" data-element_type=\"container\" data-e-type=\"container\">\n\t\t\t\t<div class=\"elementor-element elementor-element-4bd937d elementor-widget elementor-widget-text-editor\" data-id=\"4bd937d\" data-element_type=\"widget\" data-e-type=\"widget\" data-widget_type=\"text-editor.default\">\n\t\t\t\t\t\t\t\t\t<div>Eine AC-Ladesteuerung eignet sich f\u00fcr private Wallboxen, gewerbliche Ladepunkte und \u00f6ffentliche Ladeinfrastruktur. Dank modularer Bauweise und skalierbarer Funktionen k\u00f6nnen Betreiber individuelle Anforderungen umsetzen \u2013 von einfachen Ladepunkten bis hin zu komplexen Ladeparks mit Lastmanagement.<\/div>\t\t\t\t\t\t\t\t<\/div>\n\t\t\t\t<\/div>\n\t\t\t\t\t<\/details>\n\t\t\t\t\t<\/div>\n\t\t\t\t\t<script type=\"application\/ld+json\">{\"@context\":\"https:\\\/\\\/schema.org\",\"@type\":\"FAQPage\",\"mainEntity\":[{\"@type\":\"Question\",\"name\":\"Was ist eine AC-Ladesteuerung und warum ist sie wichtig?\",\"acceptedAnswer\":{\"@type\":\"Answer\",\"text\":\"Eine AC-Ladesteuerung regelt den Ladevorgang von Elektrofahrzeugen an Wechselstrom-Ladestationen. Sie sorgt f\\u00fcr eine sichere Kommunikation zwischen E-Fahrzeug und Ladepunkt, \\u00fcberwacht den Energiefluss und erm\\u00f6glicht eine effiziente Lastverteilung. F\\u00fcr Betreiber ist sie entscheidend, um die Netzstabilit\\u00e4t zu gew\\u00e4hrleisten und die Ladeinfrastruktur zuverl\\u00e4ssig zu betreiben.\"}},{\"@type\":\"Question\",\"name\":\"Welche Vorteile bietet eine intelligente AC-Ladesteuerung?\",\"acceptedAnswer\":{\"@type\":\"Answer\",\"text\":\"Eine AC-Ladesteuerung erm\\u00f6glicht dynamisches Lastmanagement, reduziert Betriebskosten und unterst\\u00fctzt die Integration erneuerbarer Energien. Zudem steigert sie die Nutzerfreundlichkeit durch Funktionen wie Plug &amp; Charge und sorgt f\\u00fcr eine zukunftssichere Ladeinfrastruktur.\"}},{\"@type\":\"Question\",\"name\":\"F\\u00fcr welche Anwendungen eignet sich eine AC-Ladesteuerung?\",\"acceptedAnswer\":{\"@type\":\"Answer\",\"text\":\"Eine AC-Ladesteuerung eignet sich f\\u00fcr private Wallboxen, gewerbliche Ladepunkte und \\u00f6ffentliche Ladeinfrastruktur. Dank modularer Bauweise und skalierbarer Funktionen k\\u00f6nnen Betreiber individuelle Anforderungen umsetzen \\u2013 von einfachen Ladepunkten bis hin zu komplexen Ladeparks mit Lastmanagement.\"}}]}<\/script>\n\t\t\t\t\t\t\t<\/div>\n\t\t<div class=\"elementor-element elementor-element-2a40aa3 cnt-space e-con-full e-flex e-con e-child\" data-id=\"2a40aa3\" data-element_type=\"container\" data-e-type=\"container\" data-settings=\"{&quot;background_background&quot;:&quot;classic&quot;}\">\n\t\t<div class=\"elementor-element elementor-element-ab210d6 cnt-space e-con-full e-flex e-con e-child\" data-id=\"ab210d6\" data-element_type=\"container\" data-e-type=\"container\" data-settings=\"{&quot;background_background&quot;:&quot;classic&quot;}\">\n\t\t<div class=\"elementor-element elementor-element-123e400 e-con-full e-flex e-con e-child\" data-id=\"123e400\" data-element_type=\"container\" data-e-type=\"container\">\n\t\t\t\t<div class=\"elementor-element elementor-element-89c0b26 elementor-widget elementor-widget-heading\" data-id=\"89c0b26\" data-element_type=\"widget\" data-e-type=\"widget\" data-widget_type=\"heading.default\">\n\t\t\t\t\t<h2 class=\"elementor-heading-title elementor-size-default\">Jetzt passende Produkte entdecken<\/h2>\t\t\t\t<\/div>\n\t\t\t\t<div class=\"elementor-element elementor-element-3599095 elementor-widget-divider--view-line elementor-widget elementor-widget-divider\" data-id=\"3599095\" data-element_type=\"widget\" data-e-type=\"widget\" data-widget_type=\"divider.default\">\n\t\t\t\t\t\t\t<div class=\"elementor-divider\">\n\t\t\t<span class=\"elementor-divider-separator\">\n\t\t\t\t\t\t<\/span>\n\t\t<\/div>\n\t\t\t\t\t\t<\/div>\n\t\t\t\t<div class=\"elementor-element elementor-element-8bc5166 elementor-widget elementor-widget-text-editor\" data-id=\"8bc5166\" data-element_type=\"widget\" data-e-type=\"widget\" data-widget_type=\"text-editor.default\">\n\t\t\t\t\t\t\t\t\t<p>Hier finden Sie eine Auswahl relevanter Produkte \u2013 basierend auf den Themen und Empfehlungen aus unserem Blogbeitrag.<\/p>\t\t\t\t\t\t\t\t<\/div>\n\t\t\t\t<\/div>\n\t\t<div class=\"elementor-element elementor-element-ec3e28a e-con-full e-grid e-con e-child\" data-id=\"ec3e28a\" data-element_type=\"container\" data-e-type=\"container\">\n\t\t<div class=\"elementor-element elementor-element-319510a e-con-full txt-box-grid txt-box-grid-dark-green e-flex e-con e-child\" data-id=\"319510a\" data-element_type=\"container\" data-e-type=\"container\" data-settings=\"{&quot;background_background&quot;:&quot;classic&quot;}\">\n\t\t\t\t<div class=\"elementor-element elementor-element-1870b58 elementor-widget elementor-widget-image\" data-id=\"1870b58\" data-element_type=\"widget\" data-e-type=\"widget\" data-widget_type=\"image.default\">\n\t\t\t\t\t\t\t\t\t\t\t\t\t\t\t\t<a href=\"https:\/\/phoe.co\/CHARX_control_modular\" target=\"_blank\" rel=\"noopener\">\n\t\t\t\t\t\t\t<img loading=\"lazy\" decoding=\"async\" width=\"800\" height=\"800\" src=\"https:\/\/www.phoenixcontact-emobility.com\/wp-content\/uploads\/2025\/07\/00035057_1x1_5000.png\" class=\"attachment-large size-large wp-image-9969\" alt=\"AC-Ladesteuerung CHARX control modular\" srcset=\"https:\/\/www.phoenixcontact-emobility.com\/wp-content\/uploads\/2025\/07\/00035057_1x1_5000.png 1000w, https:\/\/www.phoenixcontact-emobility.com\/wp-content\/uploads\/2025\/07\/00035057_1x1_5000-300x300.png 300w, https:\/\/www.phoenixcontact-emobility.com\/wp-content\/uploads\/2025\/07\/00035057_1x1_5000-150x150.png 150w, https:\/\/www.phoenixcontact-emobility.com\/wp-content\/uploads\/2025\/07\/00035057_1x1_5000-768x768.png 768w\" sizes=\"(max-width: 800px) 100vw, 800px\" \/>\t\t\t\t\t\t\t\t<\/a>\n\t\t\t\t\t\t\t\t\t\t\t\t\t\t\t<\/div>\n\t\t\t\t<div class=\"elementor-element elementor-element-908aed7 elementor-widget elementor-widget-heading\" data-id=\"908aed7\" data-element_type=\"widget\" data-e-type=\"widget\" data-widget_type=\"heading.default\">\n\t\t\t\t\t<h3 class=\"elementor-heading-title elementor-size-default\"><a href=\"https:\/\/phoe.co\/CHARX_control_modular\" target=\"_blank\" rel=\"noopener\">AC-Ladesteuerung<\/a><\/h3>\t\t\t\t<\/div>\n\t\t\t\t<div class=\"elementor-element elementor-element-facfd6e elementor-align-right pc-tertiary-link elementor-widget elementor-widget-button\" data-id=\"facfd6e\" data-element_type=\"widget\" data-e-type=\"widget\" data-widget_type=\"button.default\">\n\t\t\t\t\t\t\t\t\t\t<a class=\"elementor-button elementor-button-link elementor-size-sm\" href=\"https:\/\/phoe.co\/CHARX_control_modular\" target=\"_blank\" rel=\"noopener\">\n\t\t\t\t\t\t<span class=\"elementor-button-content-wrapper\">\n\t\t\t\t\t\t<span class=\"elementor-button-icon\">\n\t\t\t\t<svg aria-hidden=\"true\" class=\"e-font-icon-svg e-fas-arrow-right\" viewBox=\"0 0 448 512\" xmlns=\"http:\/\/www.w3.org\/2000\/svg\"><path d=\"M190.5 66.9l22.2-22.2c9.4-9.4 24.6-9.4 33.9 0L441 239c9.4 9.4 9.4 24.6 0 33.9L246.6 467.3c-9.4 9.4-24.6 9.4-33.9 0l-22.2-22.2c-9.5-9.5-9.3-25 .4-34.3L311.4 296H24c-13.3 0-24-10.7-24-24v-32c0-13.3 10.7-24 24-24h287.4L190.9 101.2c-9.8-9.3-10-24.8-.4-34.3z\"><\/path><\/svg>\t\t\t<\/span>\n\t\t\t\t\t\t\t\t\t<span class=\"elementor-button-text\">Mehr erfahren<\/span>\n\t\t\t\t\t<\/span>\n\t\t\t\t\t<\/a>\n\t\t\t\t\t\t\t\t<\/div>\n\t\t\t\t<\/div>\n\t\t<div class=\"elementor-element elementor-element-63df001 e-con-full txt-box-grid txt-box-grid-dark-green e-flex e-con e-child\" data-id=\"63df001\" data-element_type=\"container\" data-e-type=\"container\" data-settings=\"{&quot;background_background&quot;:&quot;classic&quot;}\">\n\t\t\t\t<div class=\"elementor-element elementor-element-39b3e74 elementor-widget elementor-widget-image\" data-id=\"39b3e74\" data-element_type=\"widget\" data-e-type=\"widget\" data-widget_type=\"image.default\">\n\t\t\t\t\t\t\t\t\t\t\t\t\t\t\t\t<a href=\"http:\/\/phoenixcontact.com\/CHARX-connect-modular\" target=\"_blank\" rel=\"noopener\">\n\t\t\t\t\t\t\t<img loading=\"lazy\" decoding=\"async\" width=\"800\" height=\"800\" src=\"https:\/\/www.phoenixcontact-emobility.com\/wp-content\/uploads\/2025\/07\/00169826_1x1_5000.png\" class=\"attachment-large size-large wp-image-9963\" alt=\"AC-Infrastruktur-Ladedose\" srcset=\"https:\/\/www.phoenixcontact-emobility.com\/wp-content\/uploads\/2025\/07\/00169826_1x1_5000.png 1000w, https:\/\/www.phoenixcontact-emobility.com\/wp-content\/uploads\/2025\/07\/00169826_1x1_5000-300x300.png 300w, https:\/\/www.phoenixcontact-emobility.com\/wp-content\/uploads\/2025\/07\/00169826_1x1_5000-150x150.png 150w, https:\/\/www.phoenixcontact-emobility.com\/wp-content\/uploads\/2025\/07\/00169826_1x1_5000-768x768.png 768w\" sizes=\"(max-width: 800px) 100vw, 800px\" \/>\t\t\t\t\t\t\t\t<\/a>\n\t\t\t\t\t\t\t\t\t\t\t\t\t\t\t<\/div>\n\t\t\t\t<div class=\"elementor-element elementor-element-8bab5fa elementor-widget elementor-widget-heading\" data-id=\"8bab5fa\" data-element_type=\"widget\" data-e-type=\"widget\" data-widget_type=\"heading.default\">\n\t\t\t\t\t<h3 class=\"elementor-heading-title elementor-size-default\"><a href=\"http:\/\/phoenixcontact.com\/CHARX-connect-modular\" target=\"_blank\" rel=\"noopener\">AC-Ladedosen<\/a><\/h3>\t\t\t\t<\/div>\n\t\t\t\t<div class=\"elementor-element elementor-element-53de11c elementor-align-right pc-tertiary-link elementor-widget elementor-widget-button\" data-id=\"53de11c\" data-element_type=\"widget\" data-e-type=\"widget\" data-widget_type=\"button.default\">\n\t\t\t\t\t\t\t\t\t\t<a class=\"elementor-button elementor-button-link elementor-size-sm\" href=\"http:\/\/phoenixcontact.com\/CHARX-connect-modular\" target=\"_blank\" rel=\"noopener\">\n\t\t\t\t\t\t<span class=\"elementor-button-content-wrapper\">\n\t\t\t\t\t\t<span class=\"elementor-button-icon\">\n\t\t\t\t<svg aria-hidden=\"true\" class=\"e-font-icon-svg e-fas-arrow-right\" viewBox=\"0 0 448 512\" xmlns=\"http:\/\/www.w3.org\/2000\/svg\"><path d=\"M190.5 66.9l22.2-22.2c9.4-9.4 24.6-9.4 33.9 0L441 239c9.4 9.4 9.4 24.6 0 33.9L246.6 467.3c-9.4 9.4-24.6 9.4-33.9 0l-22.2-22.2c-9.5-9.5-9.3-25 .4-34.3L311.4 296H24c-13.3 0-24-10.7-24-24v-32c0-13.3 10.7-24 24-24h287.4L190.9 101.2c-9.8-9.3-10-24.8-.4-34.3z\"><\/path><\/svg>\t\t\t<\/span>\n\t\t\t\t\t\t\t\t\t<span class=\"elementor-button-text\">Mehr erfahren<\/span>\n\t\t\t\t\t<\/span>\n\t\t\t\t\t<\/a>\n\t\t\t\t\t\t\t\t<\/div>\n\t\t\t\t<\/div>\n\t\t\t\t<\/div>\n\t\t\t\t<\/div>\n\t\t\t\t<\/div>\n\t\t\t\t<\/div>\n\t\t\t\t\t<\/div>\n\t\t\t\t<\/div>\n\t\t\t\t<\/div>\n\t\t","protected":false},"excerpt":{"rendered":"<p>Cybersecurity, regulatorische Anforderungen, Zukunftsf\u00e4higkeit \u2013 klingt kompliziert? Muss es nicht sein. In einer Zeit, in der E-Mobility-Ladeinfrastruktur nicht nur Strom liefern, sondern auch sicher, vernetzt und gesetzeskonform funktionieren muss, braucht es L\u00f6sungen, die mitdenken. Untersch\u00e4tzt werden dabei oftmals die wachsenden regulatorischen Anforderungen \u2013 und genau hier setzt Phoenix Contact mit seiner AC-Ladesteuerung CHARX control modular [&hellip;]<\/p>\n","protected":false},"author":10,"featured_media":9883,"comment_status":"closed","ping_status":"closed","sticky":false,"template":"","format":"standard","meta":{"_acf_changed":false,"footnotes":""},"categories":[40],"tags":[255],"class_list":["post-9911","post","type-post","status-publish","format-standard","has-post-thumbnail","hentry","category-ladeinfrastruktur","tag-ac-ladesteuerung"],"acf":[],"_links":{"self":[{"href":"https:\/\/www.phoenixcontact-emobility.com\/de\/wp-json\/wp\/v2\/posts\/9911","targetHints":{"allow":["GET"]}}],"collection":[{"href":"https:\/\/www.phoenixcontact-emobility.com\/de\/wp-json\/wp\/v2\/posts"}],"about":[{"href":"https:\/\/www.phoenixcontact-emobility.com\/de\/wp-json\/wp\/v2\/types\/post"}],"author":[{"embeddable":true,"href":"https:\/\/www.phoenixcontact-emobility.com\/de\/wp-json\/wp\/v2\/users\/10"}],"replies":[{"embeddable":true,"href":"https:\/\/www.phoenixcontact-emobility.com\/de\/wp-json\/wp\/v2\/comments?post=9911"}],"version-history":[{"count":0,"href":"https:\/\/www.phoenixcontact-emobility.com\/de\/wp-json\/wp\/v2\/posts\/9911\/revisions"}],"wp:featuredmedia":[{"embeddable":true,"href":"https:\/\/www.phoenixcontact-emobility.com\/de\/wp-json\/wp\/v2\/media\/9883"}],"wp:attachment":[{"href":"https:\/\/www.phoenixcontact-emobility.com\/de\/wp-json\/wp\/v2\/media?parent=9911"}],"wp:term":[{"taxonomy":"category","embeddable":true,"href":"https:\/\/www.phoenixcontact-emobility.com\/de\/wp-json\/wp\/v2\/categories?post=9911"},{"taxonomy":"post_tag","embeddable":true,"href":"https:\/\/www.phoenixcontact-emobility.com\/de\/wp-json\/wp\/v2\/tags?post=9911"}],"curies":[{"name":"wp","href":"https:\/\/api.w.org\/{rel}","templated":true}]}}